{"id":3053,"date":"2023-04-05T06:06:21","date_gmt":"2023-04-05T04:06:21","guid":{"rendered":"https:\/\/cas-jura.ch\/?p=3053"},"modified":"2023-04-05T06:06:25","modified_gmt":"2023-04-05T04:06:25","slug":"rando-a-ski-dans-le-safiental-12-17-mars-2023","status":"publish","type":"post","link":"https:\/\/cas-jura.ch\/?p=3053","title":{"rendered":"Rando \u00e0 ski dans le Safiental 12-17 mars 2023"},"content":{"rendered":"\n<p><em>Ou quand la neige tombe la nuit et le soleil brille le jour.<\/em><\/p>\n\n\n\n<p>Carlos, Cristel, Fran\u00e7ois, Jean-Charles, Judith, Lydie et moi descendons du bus \u00e0 <strong>Turra<\/strong> (1694m) dimanche en cours d\u2019apr\u00e8s-midi. F\u00e9licie nous rejoindra en soir\u00e9e, Agn\u00e8s en cours de journ\u00e9e de lundi car elle participe au Marathon de l\u2019Engadine \u00e0 ski de fond\u00a0! Une impression de d\u00e9j\u00e0 vu cet hiver : il n\u2019y a presque pas de neige. Nos esprits turbinent pour \u00e9chafauder des plans B\u00a0; nous nous f\u00e9licitons d\u2019avoir pens\u00e9 \u00e0 emporter des jeux et des chaussures de marche.<\/p>\n\n\n\n<figure class=\"wp-block-image size-large\"><img loading=\"lazy\" decoding=\"async\" width=\"1024\" height=\"576\" src=\"https:\/\/cas-jura.ch\/wordpress\/wp-content\/uploads\/2023\/04\/IMG_20230315_114319-1024x576.jpeg\" alt=\"\" class=\"wp-image-3057\" srcset=\"https:\/\/cas-jura.ch\/wordpress\/wp-content\/uploads\/2023\/04\/IMG_20230315_114319-1024x576.jpeg 1024w, https:\/\/cas-jura.ch\/wordpress\/wp-content\/uploads\/2023\/04\/IMG_20230315_114319-300x169.jpeg 300w, https:\/\/cas-jura.ch\/wordpress\/wp-content\/uploads\/2023\/04\/IMG_20230315_114319-768x432.jpeg 768w, https:\/\/cas-jura.ch\/wordpress\/wp-content\/uploads\/2023\/04\/IMG_20230315_114319-1536x864.jpeg 1536w, https:\/\/cas-jura.ch\/wordpress\/wp-content\/uploads\/2023\/04\/IMG_20230315_114319-2048x1152.jpeg 2048w, https:\/\/cas-jura.ch\/wordpress\/wp-content\/uploads\/2023\/04\/IMG_20230315_114319-1800x1012.jpeg 1800w, https:\/\/cas-jura.ch\/wordpress\/wp-content\/uploads\/2023\/04\/IMG_20230315_114319-1840x1035.jpeg 1840w\" sizes=\"auto, (max-width: 1024px) 100vw, 1024px\" \/><figcaption class=\"wp-element-caption\">Un groupe aussi radieux que le soleil<\/figcaption><\/figure>\n\n\n\n<p>Peine inutile puisque la nuit gratifie la nature d\u2019un joli manteau blanc que nous appr\u00e9cions \u00e0 sa juste valeur au r\u00e9veil. Tout autant que le ciel d\u00e9gag\u00e9, m\u00eame si les nuages ne s\u2019en vont jamais d\u2019eux-m\u00eames\u00a0: une belle brise souffle sur le Safiental. C\u2019est parti pour le fond de vall\u00e9e de la Rabiusa et une longue mont\u00e9e vers le <strong>B\u00e4rahora<\/strong> (2929m). L\u2019arriv\u00e9e sur l\u2019ar\u00eate puis au sommet s\u2019av\u00e8re vent\u00e9e \u00e0 souhait et franchement frisquette. Nous ne nous attardons pas et prenons le chemin du retour dans une neige o\u00f9 les virages s\u2019encha\u00eenent d\u2019eux-m\u00eames \u2026 jusqu\u2019\u00e0 2000m. Plus bas, le ski devient laborieux, le peu de neige oblige \u00e0 une extr\u00eame vigilance. Si les nuits sont froides, la temp\u00e9rature monte vite en journ\u00e9e et les coteaux se d\u00e9garnissent de neige. Qu\u2019\u00e0 cela ne tienne, nous prenons notre temps et tout se passe au mieux. Retour skis aux pieds jusque sur la porte de notre g\u00eete.<\/p>\n\n\n\n<figure class=\"wp-block-image size-large\"><img loading=\"lazy\" decoding=\"async\" width=\"1024\" height=\"576\" src=\"https:\/\/cas-jura.ch\/wordpress\/wp-content\/uploads\/2023\/04\/IMG_20230315_103903-1024x576.jpeg\" alt=\"\" class=\"wp-image-3054\" srcset=\"https:\/\/cas-jura.ch\/wordpress\/wp-content\/uploads\/2023\/04\/IMG_20230315_103903-1024x576.jpeg 1024w, https:\/\/cas-jura.ch\/wordpress\/wp-content\/uploads\/2023\/04\/IMG_20230315_103903-300x169.jpeg 300w, https:\/\/cas-jura.ch\/wordpress\/wp-content\/uploads\/2023\/04\/IMG_20230315_103903-768x432.jpeg 768w, https:\/\/cas-jura.ch\/wordpress\/wp-content\/uploads\/2023\/04\/IMG_20230315_103903-1536x864.jpeg 1536w, https:\/\/cas-jura.ch\/wordpress\/wp-content\/uploads\/2023\/04\/IMG_20230315_103903-2048x1152.jpeg 2048w, https:\/\/cas-jura.ch\/wordpress\/wp-content\/uploads\/2023\/04\/IMG_20230315_103903-1800x1012.jpeg 1800w, https:\/\/cas-jura.ch\/wordpress\/wp-content\/uploads\/2023\/04\/IMG_20230315_103903-1840x1035.jpeg 1840w\" sizes=\"auto, (max-width: 1024px) 100vw, 1024px\" \/><figcaption class=\"wp-element-caption\">Eh, oui, on remet les peaux!<\/figcaption><\/figure>\n\n\n\n<p>Deux mots de cette maison Walser transform\u00e9e en h\u00f4tel pour randonneurs \u00e0 pied, \u00e0 v\u00e9lo ou \u00e0 ski. Elle est tenue par un h\u00f4te et du personnel attentif au moindre d\u00e9tail qui puisse rendre votre s\u00e9jour agr\u00e9able. Un jour, notre h\u00f4te nous a offert des parts de tarte aux pommes au motif qu\u2019elles dataient de la veille. Au retour de notre derni\u00e8re course, ce fut l\u2019ap\u00e9ritif et les croissants au jambon&nbsp;! Je ne vous dis rien de ce qui se trouvait dans nos assiettes le soir au risque de vous savoir y faire courir lors de vos prochaines vacances.<\/p>\n\n\n\n<p>Nous avons fait notre premi\u00e8re course en jouant au chat et la souris avec un couple d\u2019Allemands qui logent au m\u00eame endroit que nous. Mardi matin, la dame (Stefanie) nous annonce que son conjoint n\u2019est pas bien et restera au chaud en nous demandant si elle peut \u00e9ventuellement se joindre \u00e0 notre groupe. Proposition bien naturellement accept\u00e9e. Voil\u00e0 le groupe devenu bilingue. Comme le fond de vall\u00e9e semble un bon plan, nous y retournons. Nous montons cette fois sur la rive gauche de la Rabiusa et nous dirigeons vers le <strong>Str\u00e4tcherhora<\/strong> (2558m). La premi\u00e8re partie de la mont\u00e9e emprunte un chemin d\u2019\u00e9t\u00e9 puis nous tra\u00e7ons en fonction de la pente. La neige tomb\u00e9e dans la nuit de dimanche \u00e0 lundi est rest\u00e9e \u00e9tonnamment bonne. La redescente nous permet de constater qu\u2019elle est m\u00eame franchement bonne. Et elle le reste jusque dans la vall\u00e9e\u00a0!<\/p>\n\n\n\n<p>Nouvelles chutes de neige dans la nuit de mardi \u00e0 mercredi, 15-20 centim\u00e8tres dans le fond de vall\u00e9e. Nous en profitons pour monter droit dans la pente en direction du <strong>Piz Tom\u00fcl<\/strong> (2946m)\u2026 avec Stefanie et Roland, son compagnon. Il a, lui aussi, l\u2019air de bien appr\u00e9cier l\u2019ambiance qui r\u00e8gne dans notre groupe. La premi\u00e8re heure sur un chemin d\u2019\u00e9t\u00e9 jusqu\u2019aux derniers alpages, puis dans la pente. Mon premier virage dans une d\u00e9clivit\u00e9 de 20 bons degr\u00e9s d\u00e9clenche un \u2018vroummm\u2019 bien sourd et provoque deux l\u00e9zardes de plusieurs m\u00e8tres dans le manteau neigeux en-dessus du groupe. L\u2019endroit ne pr\u00e9sente pas de vrai risque qu\u2019une plaque se d\u00e9tache, mais l\u2019avertissement est suffisant pour que nous renoncions au Piz Tom\u00fcl dont les pentes finales se situent dans les 30-35 degr\u00e9s. Nous obliquons donc vers le sud et cherchons les pentes qui nous permettent de progresser sans danger vers le Str\u00e4tcherhora que nous abordons aujourd\u2019hui par sa face ouest. La redescente nous offre une fois encore une tr\u00e8s belle session de ski, dans de la neige l\u00e9g\u00e8re, peu alt\u00e9r\u00e9e par un soleil pourtant bien pr\u00e9sent\u00a0: en fin de journ\u00e9e, les pentes sud sont sans neige jusqu\u2019\u00e0 2000 m\u00e8tres\u00a0!<\/p>\n\n\n\n<figure class=\"wp-block-image size-large\"><img loading=\"lazy\" decoding=\"async\" width=\"1024\" height=\"576\" src=\"https:\/\/cas-jura.ch\/wordpress\/wp-content\/uploads\/2023\/04\/IMG_20230315_105204-1-1024x576.jpeg\" alt=\"\" class=\"wp-image-3056\" srcset=\"https:\/\/cas-jura.ch\/wordpress\/wp-content\/uploads\/2023\/04\/IMG_20230315_105204-1-1024x576.jpeg 1024w, https:\/\/cas-jura.ch\/wordpress\/wp-content\/uploads\/2023\/04\/IMG_20230315_105204-1-300x169.jpeg 300w, https:\/\/cas-jura.ch\/wordpress\/wp-content\/uploads\/2023\/04\/IMG_20230315_105204-1-768x432.jpeg 768w, https:\/\/cas-jura.ch\/wordpress\/wp-content\/uploads\/2023\/04\/IMG_20230315_105204-1-1536x864.jpeg 1536w, https:\/\/cas-jura.ch\/wordpress\/wp-content\/uploads\/2023\/04\/IMG_20230315_105204-1-2048x1152.jpeg 2048w, https:\/\/cas-jura.ch\/wordpress\/wp-content\/uploads\/2023\/04\/IMG_20230315_105204-1-1800x1012.jpeg 1800w, https:\/\/cas-jura.ch\/wordpress\/wp-content\/uploads\/2023\/04\/IMG_20230315_105204-1-1840x1035.jpeg 1840w\" sizes=\"auto, (max-width: 1024px) 100vw, 1024px\" \/><figcaption class=\"wp-element-caption\">Un peu de d\u00e9lestage pour \u00e9viter les avalanches<\/figcaption><\/figure>\n\n\n\n<p>D\u00e9part vers le sud-ouest jeudi matin en direction d\u2019un sommet sans nom (2738m) qui semble devoir son signalement sur la carte au point g\u00e9od\u00e9sique qu\u2019on y a plant\u00e9. Peu importe, il culmine au-dessus de superbes pentes, sans dangers majeurs et libres de toutes traces de ski quand nous y arrivons. Le r\u00eave de tout randonneur&nbsp;: pouvoir choisir sa ligne et la tracer \u00e0 sa guise. Avant de s\u2019arr\u00eater, de se retourner et de regarder le r\u00e9sultat, bien naturellement&nbsp;;-). Moment de bonheur aussi \u00e9ph\u00e9m\u00e8re qu\u2019agr\u00e9able, tant \u00e0 la mont\u00e9e (pour celles et ceux qui aiment tracer) qu\u2019\u00e0 la descente.<br>Le retour dans la vall\u00e9e s\u2019av\u00e8re sportif. Un enthousiasme un peu trop accentu\u00e9 nous fait rater un changement de vall\u00e9e. Nous voil\u00e0 \u00e0 longer une \u00e9paule \u00e9troite puis le cours d\u2019un ruisseau qui nous am\u00e8ne \u00e0 retirer et porter nos skis sur une bonne centaine de m\u00e8tres. L\u2019op\u00e9ration se d\u00e9roule au mieux et nous voil\u00e0 d\u00e9j\u00e0 filant en fond de vall\u00e9e vers notre g\u00eete.<\/p>\n\n\n\n<p>Une douche et nous voil\u00e0 au soleil sur la terrasse \u00e0 prendre l\u2019ap\u00e9ritif mentionn\u00e9 plus haut, \u00e0 \u00e9changer des adresses avec Stefanie et Roland avant qu\u2019ils ne prennent la route vers l\u2019Allemagne. Presque un pincement au coeur tant ces deux-l\u00e0 sont sympathiques. Il nous reste \u00e0 savourer notre derni\u00e8re soir\u00e9e avant de nous en retourner nous aussi dans nos foyers. En plaine, la nature a rev\u00eatu son manteau vert printanier. Nous restent les souvenirs d\u2019une neige qui a bien voulu \u00eatre pr\u00e9sente au bon endroit et au bon moment sous un ciel d\u2019azur. Que du bonheur.<\/p>\n","protected":false},"excerpt":{"rendered":"<p>Ou quand la neige tombe la nuit et le soleil brille le jour. Carlos, Cristel, Fran\u00e7ois, Jean-Charles, Judith, Lydie et moi descendons du bus \u00e0 &#8230;<\/p>\n","protected":false},"author":975901,"featured_media":3055,"comment_status":"closed","ping_status":"closed","sticky":false,"template":"","format":"standard","meta":{"_jetpack_memberships_contains_paid_content":false,"footnotes":""},"categories":[22],"tags":[],"class_list":["post-3053","post","type-post","status-publish","format-standard","has-post-thumbnail","hentry","category-recits-de-courses"],"jetpack_featured_media_url":"https:\/\/cas-jura.ch\/wordpress\/wp-content\/uploads\/2023\/04\/IMG_20230315_105204-scaled.jpeg","jetpack_sharing_enabled":true,"_links":{"self":[{"href":"https:\/\/cas-jura.ch\/index.php?rest_route=\/wp\/v2\/posts\/3053","targetHints":{"allow":["GET"]}}],"collection":[{"href":"https:\/\/cas-jura.ch\/index.php?rest_route=\/wp\/v2\/posts"}],"about":[{"href":"https:\/\/cas-jura.ch\/index.php?rest_route=\/wp\/v2\/types\/post"}],"author":[{"embeddable":true,"href":"https:\/\/cas-jura.ch\/index.php?rest_route=\/wp\/v2\/users\/975901"}],"replies":[{"embeddable":true,"href":"https:\/\/cas-jura.ch\/index.php?rest_route=%2Fwp%2Fv2%2Fcomments&post=3053"}],"version-history":[{"count":1,"href":"https:\/\/cas-jura.ch\/index.php?rest_route=\/wp\/v2\/posts\/3053\/revisions"}],"predecessor-version":[{"id":3058,"href":"https:\/\/cas-jura.ch\/index.php?rest_route=\/wp\/v2\/posts\/3053\/revisions\/3058"}],"wp:featuredmedia":[{"embeddable":true,"href":"https:\/\/cas-jura.ch\/index.php?rest_route=\/wp\/v2\/media\/3055"}],"wp:attachment":[{"href":"https:\/\/cas-jura.ch\/index.php?rest_route=%2Fwp%2Fv2%2Fmedia&parent=3053"}],"wp:term":[{"taxonomy":"category","embeddable":true,"href":"https:\/\/cas-jura.ch\/index.php?rest_route=%2Fwp%2Fv2%2Fcategories&post=3053"},{"taxonomy":"post_tag","embeddable":true,"href":"https:\/\/cas-jura.ch\/index.php?rest_route=%2Fwp%2Fv2%2Ftags&post=3053"}],"curies":[{"name":"wp","href":"https:\/\/api.w.org\/{rel}","templated":true}]}}