{"id":3073,"date":"2023-04-17T15:56:44","date_gmt":"2023-04-17T13:56:44","guid":{"rendered":"https:\/\/cas-jura.ch\/?p=3073"},"modified":"2023-04-17T15:56:46","modified_gmt":"2023-04-17T13:56:46","slug":"5-fevrier-2023-la-pare-2539-m","status":"publish","type":"post","link":"https:\/\/cas-jura.ch\/?p=3073","title":{"rendered":"5 f\u00e9vrier 2023 \u2013 La Pare 2539 m"},"content":{"rendered":"\n<p>Participants : Cristel, Carlos, Carine, Delphine, Lydie, Loic, Guillaume, Patrick.<br>Chef de Course : Jean-Bernard.<\/p>\n\n\n\n<p>Apr\u00e8s un topo bien d\u00e9taill\u00e9 des conditions m\u00e9t\u00e9orologiques et d&rsquo;un comparatif des diff\u00e9rentes possibilit\u00e9s qui s&rsquo;offrent \u00e0 nous depuis le Jura, nous d\u00e9cidons unanimement de suivre la proposition de notre chef de course \u00e9m\u00e9rite qui nous incite \u00e0 changer notre plan et d&rsquo;opter pour la Gruy\u00e8re plut\u00f4t que le Diemtigtal.<br>Alors s&rsquo;est parti, La Pare nous voil\u00e0 !<br>Belle course en perspective, d\u00e9part depuis L&rsquo;Etivaz, 1400m de D+, faites chauffer vos mollets, \u00e0 vos marques, pr\u00eat ?<br>La mont\u00e9e se d\u00e9roule sans encombre, un d\u00e9but un peu scabreux, bien gel\u00e9 par endroit, mais nous avan\u00e7ons \u00e0 bon train.<br>Nous attendons les doux rayons du soleil pour notre premi\u00e8re pause, rayons qui nous accompagnerons toute la matin\u00e9e. Nous atteignons le sommet, une vue \u00e0 360\u00b0 nous attend ! Attention toutefois \u00e0 nous et nos affaires \u00ab\u00a0on d\u00e9chausse uniquement pour d\u00e9peauter sinon les skis restent aux pieds.\u00a0\u00bb<\/p>\n\n\n\n<figure class=\"wp-block-image size-large\"><img loading=\"lazy\" decoding=\"async\" width=\"1024\" height=\"471\" src=\"https:\/\/cas-jura.ch\/wordpress\/wp-content\/uploads\/2023\/04\/laPareSommet-1024x471.jpg\" alt=\"\" class=\"wp-image-3075\" srcset=\"https:\/\/cas-jura.ch\/wordpress\/wp-content\/uploads\/2023\/04\/laPareSommet-1024x471.jpg 1024w, https:\/\/cas-jura.ch\/wordpress\/wp-content\/uploads\/2023\/04\/laPareSommet-300x138.jpg 300w, https:\/\/cas-jura.ch\/wordpress\/wp-content\/uploads\/2023\/04\/laPareSommet-768x353.jpg 768w, https:\/\/cas-jura.ch\/wordpress\/wp-content\/uploads\/2023\/04\/laPareSommet.jpg 1280w\" sizes=\"auto, (max-width: 1024px) 100vw, 1024px\" \/><\/figure>\n\n\n\n<p>La descente se compose d&rsquo;un patchwork de neige, bien cartonn\u00e9e sur la premi\u00e8re partie, super poudreuse sur la deuxi\u00e8me ( qui nous vaudra de repeauter un coup pour en profiter \u00e0 nouveau) et bien gel\u00e9e sur la fin, chasse neige plein gaz pour certains !).<br>Une fois de retour \u00e0 L&rsquo;Etivaz, une pause autour d&rsquo;un rivella est bienvenue et un passage \u00e0 la fromagerie s&rsquo;impose. On ne repartira pas d&rsquo;ici sans fondue, double cr\u00e8me ou meringue !<\/p>\n\n\n\n<figure class=\"wp-block-image size-large\"><img loading=\"lazy\" decoding=\"async\" width=\"1024\" height=\"473\" src=\"https:\/\/cas-jura.ch\/wordpress\/wp-content\/uploads\/2023\/04\/laPare-1024x473.jpg\" alt=\"\" class=\"wp-image-3076\" srcset=\"https:\/\/cas-jura.ch\/wordpress\/wp-content\/uploads\/2023\/04\/laPare-1024x473.jpg 1024w, https:\/\/cas-jura.ch\/wordpress\/wp-content\/uploads\/2023\/04\/laPare-300x139.jpg 300w, https:\/\/cas-jura.ch\/wordpress\/wp-content\/uploads\/2023\/04\/laPare-768x355.jpg 768w, https:\/\/cas-jura.ch\/wordpress\/wp-content\/uploads\/2023\/04\/laPare-1536x710.jpg 1536w, https:\/\/cas-jura.ch\/wordpress\/wp-content\/uploads\/2023\/04\/laPare-1800x832.jpg 1800w, https:\/\/cas-jura.ch\/wordpress\/wp-content\/uploads\/2023\/04\/laPare.jpg 2000w\" sizes=\"auto, (max-width: 1024px) 100vw, 1024px\" \/><\/figure>\n\n\n\n<p>Lydie<\/p>\n","protected":false},"excerpt":{"rendered":"<p>Participants : Cristel, Carlos, Carine, Delphine, Lydie, Loic, Guillaume, Patrick.Chef de Course : Jean-Bernard. Apr\u00e8s un topo bien d\u00e9taill\u00e9 des conditions m\u00e9t\u00e9orologiques et d&rsquo;un comparatif &#8230;<\/p>\n","protected":false},"author":975904,"featured_media":3074,"comment_status":"closed","ping_status":"closed","sticky":false,"template":"","format":"standard","meta":{"_jetpack_memberships_contains_paid_content":false,"footnotes":""},"categories":[22],"tags":[],"class_list":["post-3073","post","type-post","status-publish","format-standard","has-post-thumbnail","hentry","category-recits-de-courses"],"jetpack_featured_media_url":"https:\/\/cas-jura.ch\/wordpress\/wp-content\/uploads\/2023\/04\/sommetCapeAuxMoines.jpg","jetpack_sharing_enabled":true,"_links":{"self":[{"href":"https:\/\/cas-jura.ch\/index.php?rest_route=\/wp\/v2\/posts\/3073","targetHints":{"allow":["GET"]}}],"collection":[{"href":"https:\/\/cas-jura.ch\/index.php?rest_route=\/wp\/v2\/posts"}],"about":[{"href":"https:\/\/cas-jura.ch\/index.php?rest_route=\/wp\/v2\/types\/post"}],"author":[{"embeddable":true,"href":"https:\/\/cas-jura.ch\/index.php?rest_route=\/wp\/v2\/users\/975904"}],"replies":[{"embeddable":true,"href":"https:\/\/cas-jura.ch\/index.php?rest_route=%2Fwp%2Fv2%2Fcomments&post=3073"}],"version-history":[{"count":1,"href":"https:\/\/cas-jura.ch\/index.php?rest_route=\/wp\/v2\/posts\/3073\/revisions"}],"predecessor-version":[{"id":3077,"href":"https:\/\/cas-jura.ch\/index.php?rest_route=\/wp\/v2\/posts\/3073\/revisions\/3077"}],"wp:featuredmedia":[{"embeddable":true,"href":"https:\/\/cas-jura.ch\/index.php?rest_route=\/wp\/v2\/media\/3074"}],"wp:attachment":[{"href":"https:\/\/cas-jura.ch\/index.php?rest_route=%2Fwp%2Fv2%2Fmedia&parent=3073"}],"wp:term":[{"taxonomy":"category","embeddable":true,"href":"https:\/\/cas-jura.ch\/index.php?rest_route=%2Fwp%2Fv2%2Fcategories&post=3073"},{"taxonomy":"post_tag","embeddable":true,"href":"https:\/\/cas-jura.ch\/index.php?rest_route=%2Fwp%2Fv2%2Ftags&post=3073"}],"curies":[{"name":"wp","href":"https:\/\/api.w.org\/{rel}","templated":true}]}}