{"id":3078,"date":"2023-04-18T16:35:01","date_gmt":"2023-04-18T14:35:01","guid":{"rendered":"https:\/\/cas-jura.ch\/?p=3078"},"modified":"2023-04-18T16:36:52","modified_gmt":"2023-04-18T14:36:52","slug":"journee-de-nettoyage-de-la-cabane-des-ordons-15-avril-2023","status":"publish","type":"post","link":"https:\/\/cas-jura.ch\/?p=3078","title":{"rendered":"Journ\u00e9e de nettoyage de la cabane des Ordons &#8211; 15 avril 2023"},"content":{"rendered":"\n<p>Responsable&nbsp;: Alain<\/p>\n\n\n\n<p>Participant(e)s&nbsp;: Maryse, Ernest, Ars\u00e8ne, Corinne, Carine, Fabienne, Aline, Nathalie, Patrick, Nicolas, David, Joseph, Fabrice, Xavier<\/p>\n\n\n\n<p>Pas moins de 15 clubistes \u00e9taient \u00e0 l\u2019\u0153uvre dans la bonne humeur en ce samedi pluvieux pour participer \u00e0 la traditionnelle et n\u00e9cessaire journ\u00e9e de nettoyage et d\u2019entretien de notre chalet.<\/p>\n\n\n\n<p>Tout commence par un caf\u00e9 agr\u00e9ment\u00e9 de croissants. Les missions du jour sont attribu\u00e9es par Alain (tendant)&nbsp;:<\/p>\n\n\n\n<p>A l\u2019ext\u00e9rieur, les plus imperm\u00e9ables vont travailler \u00e0 la pose d\u2019un dallage sous la table de pique-nique et \u00e0 la mise en place d\u2019une garniture autour du regard de la nouvelle STEP.<\/p>\n\n\n\n<figure class=\"wp-block-image size-large is-resized\"><img loading=\"lazy\" decoding=\"async\" src=\"https:\/\/cas-jura.ch\/wordpress\/wp-content\/uploads\/2023\/04\/cabane1-768x1024.jpeg\" alt=\"\" class=\"wp-image-3079\" width=\"576\" height=\"768\" srcset=\"https:\/\/cas-jura.ch\/wordpress\/wp-content\/uploads\/2023\/04\/cabane1-768x1024.jpeg 768w, https:\/\/cas-jura.ch\/wordpress\/wp-content\/uploads\/2023\/04\/cabane1-225x300.jpeg 225w, https:\/\/cas-jura.ch\/wordpress\/wp-content\/uploads\/2023\/04\/cabane1-1152x1536.jpeg 1152w, https:\/\/cas-jura.ch\/wordpress\/wp-content\/uploads\/2023\/04\/cabane1-900x1200.jpeg 900w, https:\/\/cas-jura.ch\/wordpress\/wp-content\/uploads\/2023\/04\/cabane1.jpeg 1536w\" sizes=\"auto, (max-width: 576px) 100vw, 576px\" \/><\/figure>\n\n\n\n<p>A l\u2019int\u00e9rieur, en nu\u00e9e, des \u00ab&nbsp;tornades blanches&nbsp;\u00bb r\u00e9parties entre cave et grenier s\u2019att\u00e8leront \u00e0 d\u00e9poussi\u00e9rer, aspirer, laver, ranger, d\u00e9placer et replacer tout ce qui peut l\u2019\u00eatre.<\/p>\n\n\n\n<p>Quelques am\u00e9nagements int\u00e9rieurs et bricolages collectifs permettront aux apprentis paysagistes de se r\u00e9chauffer si n\u00e9cessaire.<\/p>\n\n\n\n<p>Trois heures plus tard, les travaux sont en bonne voie et un excellent repas organis\u00e9 par Fabienne et Carine est servi en r\u00e9compense des efforts matinaux.<\/p>\n\n\n\n<figure class=\"wp-block-image size-large is-resized\"><img loading=\"lazy\" decoding=\"async\" src=\"https:\/\/cas-jura.ch\/wordpress\/wp-content\/uploads\/2023\/04\/cabane3-768x1024.jpeg\" alt=\"\" class=\"wp-image-3082\" width=\"576\" height=\"768\" srcset=\"https:\/\/cas-jura.ch\/wordpress\/wp-content\/uploads\/2023\/04\/cabane3-768x1024.jpeg 768w, https:\/\/cas-jura.ch\/wordpress\/wp-content\/uploads\/2023\/04\/cabane3-225x300.jpeg 225w, https:\/\/cas-jura.ch\/wordpress\/wp-content\/uploads\/2023\/04\/cabane3-1152x1536.jpeg 1152w, https:\/\/cas-jura.ch\/wordpress\/wp-content\/uploads\/2023\/04\/cabane3-900x1200.jpeg 900w, https:\/\/cas-jura.ch\/wordpress\/wp-content\/uploads\/2023\/04\/cabane3.jpeg 1536w\" sizes=\"auto, (max-width: 576px) 100vw, 576px\" \/><\/figure>\n\n\n\n<p>Apr\u00e8s la vaisselle, une derni\u00e8re dose d\u2019huile de coude est n\u00e9cessaire pour s\u00e9parer d\u00e9chets et bonnet et r\u00e9aliser les ultimes nettoyages. En milieu d\u2019apr\u00e8s-midi, toute la joyeuse \u00e9quipe peut regagner ses p\u00e9nates.<\/p>\n\n\n\n<p>Merci \u00e0 toutes et tous pour le travail effectu\u00e9 et le bon moment partag\u00e9.<br>Merci \u00e0 l\u2019\u00e9quipe de cuisine pour la confection du repas.<br>Merci \u00e0 Alain pour l\u2019organisation et les croissants.<\/p>\n\n\n\n<p>Notre v\u00e9n\u00e9rable cabane est sortie de son hivernage. Elle est pimpante pour aborder sa 86\u00e8me ann\u00e9e.<\/p>\n\n\n\n<p>Xavier<\/p>\n","protected":false},"excerpt":{"rendered":"<p>Responsable&nbsp;: Alain Participant(e)s&nbsp;: Maryse, Ernest, Ars\u00e8ne, Corinne, Carine, Fabienne, Aline, Nathalie, Patrick, Nicolas, David, Joseph, Fabrice, Xavier Pas moins de 15 clubistes \u00e9taient \u00e0 l\u2019\u0153uvre &#8230;<\/p>\n","protected":false},"author":975907,"featured_media":3084,"comment_status":"closed","ping_status":"closed","sticky":false,"template":"","format":"standard","meta":{"_jetpack_memberships_contains_paid_content":false,"footnotes":""},"categories":[22],"tags":[],"class_list":["post-3078","post","type-post","status-publish","format-standard","has-post-thumbnail","hentry","category-recits-de-courses"],"jetpack_featured_media_url":"https:\/\/cas-jura.ch\/wordpress\/wp-content\/uploads\/2023\/04\/cabane2-1.jpeg","jetpack_sharing_enabled":true,"_links":{"self":[{"href":"https:\/\/cas-jura.ch\/index.php?rest_route=\/wp\/v2\/posts\/3078","targetHints":{"allow":["GET"]}}],"collection":[{"href":"https:\/\/cas-jura.ch\/index.php?rest_route=\/wp\/v2\/posts"}],"about":[{"href":"https:\/\/cas-jura.ch\/index.php?rest_route=\/wp\/v2\/types\/post"}],"author":[{"embeddable":true,"href":"https:\/\/cas-jura.ch\/index.php?rest_route=\/wp\/v2\/users\/975907"}],"replies":[{"embeddable":true,"href":"https:\/\/cas-jura.ch\/index.php?rest_route=%2Fwp%2Fv2%2Fcomments&post=3078"}],"version-history":[{"count":3,"href":"https:\/\/cas-jura.ch\/index.php?rest_route=\/wp\/v2\/posts\/3078\/revisions"}],"predecessor-version":[{"id":3086,"href":"https:\/\/cas-jura.ch\/index.php?rest_route=\/wp\/v2\/posts\/3078\/revisions\/3086"}],"wp:featuredmedia":[{"embeddable":true,"href":"https:\/\/cas-jura.ch\/index.php?rest_route=\/wp\/v2\/media\/3084"}],"wp:attachment":[{"href":"https:\/\/cas-jura.ch\/index.php?rest_route=%2Fwp%2Fv2%2Fmedia&parent=3078"}],"wp:term":[{"taxonomy":"category","embeddable":true,"href":"https:\/\/cas-jura.ch\/index.php?rest_route=%2Fwp%2Fv2%2Fcategories&post=3078"},{"taxonomy":"post_tag","embeddable":true,"href":"https:\/\/cas-jura.ch\/index.php?rest_route=%2Fwp%2Fv2%2Ftags&post=3078"}],"curies":[{"name":"wp","href":"https:\/\/api.w.org\/{rel}","templated":true}]}}