{"id":3104,"date":"2023-06-14T10:45:30","date_gmt":"2023-06-14T08:45:30","guid":{"rendered":"https:\/\/cas-jura.ch\/?p=3104"},"modified":"2023-06-14T10:45:31","modified_gmt":"2023-06-14T08:45:31","slug":"pique-nique-a-la-faux-denson","status":"publish","type":"post","link":"https:\/\/cas-jura.ch\/?p=3104","title":{"rendered":"Pique-nique \u00e0 la Faux d\u2019Enson"},"content":{"rendered":"\n<p>Jeudi 8 juin 2023<br>Organisation\u00a0: Comit\u00e9 et Ars\u00e8ne<\/p>\n\n\n\n<p>Soleil radieux et prairies fleuries ont servi de d\u00e9cor \u00e0 cette journ\u00e9e sur les hauteurs de Roche d\u2019Or (du moins jusqu\u2019\u00e0 l\u2019arriv\u00e9e de l\u2019orage).<\/p>\n\n\n\n<p>L\u2019ap\u00e9ritif offert par la section, install\u00e9 au pied de la tour, s\u2019est d\u00e9roul\u00e9 en pr\u00e9sence des autorit\u00e9s communales de Haute-Ajoie, de plusieurs membres du comit\u00e9 de Jura Rando et d\u2019une quinzaine de membres de la section. L\u2019occasion de d\u00e9couvrir les diff\u00e9rents panneaux didactiques r\u00e9alis\u00e9s et mis en place dans le cadre du projet \u00ab\u00a026 Summits\u00a0\u00bb. Cette partie \u00ab\u00a0officielle\u00a0\u00bb s\u2019est conclue par un bref rappel des principaux \u00e9v\u00e9nements qui ont jalonn\u00e9 le si\u00e8cle d\u2019existence de la tour et des nombreuses collaborations qu\u2019elle a fait naitre.<\/p>\n\n\n\n<figure class=\"wp-block-image size-large\"><img loading=\"lazy\" decoding=\"async\" width=\"768\" height=\"1024\" src=\"https:\/\/cas-jura.ch\/wordpress\/wp-content\/uploads\/2023\/06\/faux3-768x1024.jpeg\" alt=\"\" class=\"wp-image-3107\" srcset=\"https:\/\/cas-jura.ch\/wordpress\/wp-content\/uploads\/2023\/06\/faux3-768x1024.jpeg 768w, https:\/\/cas-jura.ch\/wordpress\/wp-content\/uploads\/2023\/06\/faux3-225x300.jpeg 225w, https:\/\/cas-jura.ch\/wordpress\/wp-content\/uploads\/2023\/06\/faux3-1152x1536.jpeg 1152w, https:\/\/cas-jura.ch\/wordpress\/wp-content\/uploads\/2023\/06\/faux3-1536x2048.jpeg 1536w, https:\/\/cas-jura.ch\/wordpress\/wp-content\/uploads\/2023\/06\/faux3-1800x2400.jpeg 1800w, https:\/\/cas-jura.ch\/wordpress\/wp-content\/uploads\/2023\/06\/faux3-900x1200.jpeg 900w, https:\/\/cas-jura.ch\/wordpress\/wp-content\/uploads\/2023\/06\/faux3-scaled.jpeg 1920w\" sizes=\"auto, (max-width: 768px) 100vw, 768px\" \/><\/figure>\n\n\n\n<p>Les participantes et participants se sont ensuite dirig\u00e9s vers la ferme de la Vacherie-Dessus o\u00f9 la place de pique-nique mise gracieusement \u00e0 disposition par la famille Lachat ainsi que le grill soigneusement pr\u00e9par\u00e9 et aliment\u00e9 par Gis\u00e8le et Maurice les attendaient.<\/p>\n\n\n\n<p>A passage, les marcheurs ont pu d\u00e9couvrir les travaux de la magnifique place de repos que la commune de Haute-Ajoie am\u00e9nage \u00e0 l\u2019entr\u00e9e du p\u00e2turage. C\u2019est un magnifique cadeau pour les randonneurs et encore un signe visible des collaborations n\u00e9es autour du projet \u00ab&nbsp;26 Summits&nbsp;\u00bb.<\/p>\n\n\n\n<p>Arriv\u00e9s sur place, les tables aux nappages printaniers se sont rapidement couvertes de victuailles vari\u00e9es et app\u00e9tissantes. Le repas s\u2019est d\u00e9roul\u00e9 dans la convivialit\u00e9, \u00e0 l\u2019ombre des grands arbres.<br>En fin de repas, une irr\u00e9sistible envie de chanter emporta une partie des convives dans les alpages et sur nos montagnes. Impossible de savoir si le brusque changement de m\u00e9t\u00e9o fut la cons\u00e9quence de ce concert improvis\u00e9 mais en quelques minutes l\u2019orage s\u2019installa, \u00e9courtant les chants et la f\u00eate.<\/p>\n\n\n\n<figure class=\"wp-block-image size-large\"><img loading=\"lazy\" decoding=\"async\" width=\"1024\" height=\"768\" src=\"https:\/\/cas-jura.ch\/wordpress\/wp-content\/uploads\/2023\/06\/faux2-1024x768.jpeg\" alt=\"\" class=\"wp-image-3106\" srcset=\"https:\/\/cas-jura.ch\/wordpress\/wp-content\/uploads\/2023\/06\/faux2-1024x768.jpeg 1024w, https:\/\/cas-jura.ch\/wordpress\/wp-content\/uploads\/2023\/06\/faux2-300x225.jpeg 300w, https:\/\/cas-jura.ch\/wordpress\/wp-content\/uploads\/2023\/06\/faux2-768x576.jpeg 768w, https:\/\/cas-jura.ch\/wordpress\/wp-content\/uploads\/2023\/06\/faux2-1536x1152.jpeg 1536w, https:\/\/cas-jura.ch\/wordpress\/wp-content\/uploads\/2023\/06\/faux2-2048x1536.jpeg 2048w, https:\/\/cas-jura.ch\/wordpress\/wp-content\/uploads\/2023\/06\/faux2-1800x1350.jpeg 1800w\" sizes=\"auto, (max-width: 1024px) 100vw, 1024px\" \/><\/figure>\n\n\n\n<p>Un grand merci \u00e0 Ars\u00e8ne, Sandrine, Gis\u00e8le et Maurice pour leur travail d\u2019organisation, \u00e0 M. Gu\u00e9dat pour son accueil sur ses magnifiques p\u00e2turages fleuris et \u00e0 la famille Lachat pour la mise \u00e0 disposition de la place de pique-nique et du grill.<\/p>\n\n\n\n<p>Xavier<\/p>\n","protected":false},"excerpt":{"rendered":"<p>Jeudi 8 juin 2023Organisation\u00a0: Comit\u00e9 et Ars\u00e8ne Soleil radieux et prairies fleuries ont servi de d\u00e9cor \u00e0 cette journ\u00e9e sur les hauteurs de Roche d\u2019Or &#8230;<\/p>\n","protected":false},"author":975901,"featured_media":3105,"comment_status":"closed","ping_status":"closed","sticky":false,"template":"","format":"standard","meta":{"_jetpack_memberships_contains_paid_content":false,"footnotes":""},"categories":[22],"tags":[],"class_list":["post-3104","post","type-post","status-publish","format-standard","has-post-thumbnail","hentry","category-recits-de-courses"],"jetpack_featured_media_url":"https:\/\/cas-jura.ch\/wordpress\/wp-content\/uploads\/2023\/06\/faux1.jpeg","jetpack_sharing_enabled":true,"_links":{"self":[{"href":"https:\/\/cas-jura.ch\/index.php?rest_route=\/wp\/v2\/posts\/3104","targetHints":{"allow":["GET"]}}],"collection":[{"href":"https:\/\/cas-jura.ch\/index.php?rest_route=\/wp\/v2\/posts"}],"about":[{"href":"https:\/\/cas-jura.ch\/index.php?rest_route=\/wp\/v2\/types\/post"}],"author":[{"embeddable":true,"href":"https:\/\/cas-jura.ch\/index.php?rest_route=\/wp\/v2\/users\/975901"}],"replies":[{"embeddable":true,"href":"https:\/\/cas-jura.ch\/index.php?rest_route=%2Fwp%2Fv2%2Fcomments&post=3104"}],"version-history":[{"count":1,"href":"https:\/\/cas-jura.ch\/index.php?rest_route=\/wp\/v2\/posts\/3104\/revisions"}],"predecessor-version":[{"id":3108,"href":"https:\/\/cas-jura.ch\/index.php?rest_route=\/wp\/v2\/posts\/3104\/revisions\/3108"}],"wp:featuredmedia":[{"embeddable":true,"href":"https:\/\/cas-jura.ch\/index.php?rest_route=\/wp\/v2\/media\/3105"}],"wp:attachment":[{"href":"https:\/\/cas-jura.ch\/index.php?rest_route=%2Fwp%2Fv2%2Fmedia&parent=3104"}],"wp:term":[{"taxonomy":"category","embeddable":true,"href":"https:\/\/cas-jura.ch\/index.php?rest_route=%2Fwp%2Fv2%2Fcategories&post=3104"},{"taxonomy":"post_tag","embeddable":true,"href":"https:\/\/cas-jura.ch\/index.php?rest_route=%2Fwp%2Fv2%2Ftags&post=3104"}],"curies":[{"name":"wp","href":"https:\/\/api.w.org\/{rel}","templated":true}]}}