{"id":3115,"date":"2023-07-02T10:14:02","date_gmt":"2023-07-02T08:14:02","guid":{"rendered":"https:\/\/cas-jura.ch\/?p=3115"},"modified":"2023-07-02T10:14:04","modified_gmt":"2023-07-02T08:14:04","slug":"du-simmental-au-gantrisch-24-et-25-juin-2023","status":"publish","type":"post","link":"https:\/\/cas-jura.ch\/?p=3115","title":{"rendered":"Du Simmental au Gantrisch \/ 24 et 25 juin 2023"},"content":{"rendered":"\n<p><em>Participant\u2219e\u2219s\u00a0: Aline, Corinne, Fr\u00e9d\u00e9rique, Jos\u00e9, Narcisse, Pauline, Agn\u00e8s, Ursula (dimanche)<\/em><\/p>\n\n\n\n<p>Un magnifique week-end de randonn\u00e9e est annonc\u00e9\u00a0! Notre guide Agn\u00e8s a donn\u00e9 rendez-vous aux participant\u2219e\u2219s \u00e0 la gare de Weissenburg (780m), dans le Simmental. Apr\u00e8s les salutations d\u2019usage, Agn\u00e8s nous indique une fontaine de laquelle jaillit une eau thermale miraculeuse et nous profitons de remplir nos gourdes.<\/p>\n\n\n\n<figure class=\"wp-block-image size-large\"><img loading=\"lazy\" decoding=\"async\" width=\"1024\" height=\"768\" src=\"https:\/\/cas-jura.ch\/wordpress\/wp-content\/uploads\/2023\/07\/Photo-de-groupe-1024x768.jpg\" alt=\"\" class=\"wp-image-3117\" srcset=\"https:\/\/cas-jura.ch\/wordpress\/wp-content\/uploads\/2023\/07\/Photo-de-groupe-1024x768.jpg 1024w, https:\/\/cas-jura.ch\/wordpress\/wp-content\/uploads\/2023\/07\/Photo-de-groupe-300x225.jpg 300w, https:\/\/cas-jura.ch\/wordpress\/wp-content\/uploads\/2023\/07\/Photo-de-groupe-768x576.jpg 768w, https:\/\/cas-jura.ch\/wordpress\/wp-content\/uploads\/2023\/07\/Photo-de-groupe-1536x1152.jpg 1536w, https:\/\/cas-jura.ch\/wordpress\/wp-content\/uploads\/2023\/07\/Photo-de-groupe-1800x1350.jpg 1800w, https:\/\/cas-jura.ch\/wordpress\/wp-content\/uploads\/2023\/07\/Photo-de-groupe.jpg 2016w\" sizes=\"auto, (max-width: 1024px) 100vw, 1024px\" \/><\/figure>\n\n\n\n<p>Trente minutes plus tard, en suivant le ruisseau Buuschebach, nous apprenons que l\u2019eau f\u00e9erique est \u00e0 l\u2019origine de bains thermaux dont la 1e concession date de 1604. Situ\u00e9es \u00e0 deux endroits espac\u00e9s de quelques centaines de m\u00e8tres, nous d\u00e9couvrons avec \u00e9merveillement les ruines des bains de Weissenburg et de son infrastructure h\u00f4teli\u00e8re. Des photos illustrent la vie aux bains fr\u00e9quent\u00e9s par des curistes du monde entier en qu\u00eate de gu\u00e9rison et de repos. A leur apog\u00e9e, les bains de Weissenburg enregistraient entre 30&rsquo;000 et 40&rsquo;000 nuit\u00e9es lors d&rsquo;une bonne saison. Leur succ\u00e8s prit fin brutalement avec le d\u00e9but de la 1e Guerre mondiale en 1914. En 1925, les bains arri\u00e8re ont \u00e9t\u00e9 d\u00e9molis. En 1936, la reine de Hollande Wilhelmine, accompagn\u00e9e de sa fille, s\u00e9journa dans la partie restante. Apr\u00e8s la 2e Guerre mondiale, tous les efforts visant \u00e0 rentabiliser l&rsquo;h\u00f4tel ont \u00e9t\u00e9 vains, si bien que les portes du Grand H\u00f4tel Weissenburg se sont d\u00e9finitivement ferm\u00e9es en 1963. Le 1er octobre 1974, le b\u00e2timent est parti en fum\u00e9e, probablement \u00e0 la suite d&rsquo;un incendie criminel. Depuis 2003, le site est propri\u00e9t\u00e9 d\u2019une association cr\u00e9\u00e9e en 1986.<br>Apr\u00e8s cette pause historique, nous continuons notre parcours en mont\u00e9e et empruntons plusieurs passages s\u00e9curis\u00e9s accroch\u00e9s au flanc de la montagne. Puis, nous franchissons une passerelle suspendue au-dessus du Morgetebach. De l\u00e0, nous visons le plateau du Morgete du Milieu o\u00f9 nous pique-niquons. Nous poursuivons notre chemin jusqu\u2019au Morgetepass (1959m). De l\u00e0, les personnes les plus valeureuses s\u2019en vont au sommet du Gantrisch (2&rsquo;176m) alors que les autres souhaitent rejoindre au plus vite le lieu d\u2019h\u00e9bergement, la Undere Gantrischh\u00fctte (1&rsquo;500m), une immense b\u00e2tisse, jadis propri\u00e9t\u00e9 de l\u2019arm\u00e9e suisse et dot\u00e9e d\u2019un toit \u00e0 4 pans.<\/p>\n\n\n\n<figure class=\"wp-block-image size-large\"><img loading=\"lazy\" decoding=\"async\" width=\"1024\" height=\"768\" src=\"https:\/\/cas-jura.ch\/wordpress\/wp-content\/uploads\/2023\/07\/en-direction-de-Chrindi-1024x768.jpg\" alt=\"\" class=\"wp-image-3118\" srcset=\"https:\/\/cas-jura.ch\/wordpress\/wp-content\/uploads\/2023\/07\/en-direction-de-Chrindi-1024x768.jpg 1024w, https:\/\/cas-jura.ch\/wordpress\/wp-content\/uploads\/2023\/07\/en-direction-de-Chrindi-300x225.jpg 300w, https:\/\/cas-jura.ch\/wordpress\/wp-content\/uploads\/2023\/07\/en-direction-de-Chrindi-768x576.jpg 768w, https:\/\/cas-jura.ch\/wordpress\/wp-content\/uploads\/2023\/07\/en-direction-de-Chrindi-1536x1152.jpg 1536w, https:\/\/cas-jura.ch\/wordpress\/wp-content\/uploads\/2023\/07\/en-direction-de-Chrindi-1800x1350.jpg 1800w, https:\/\/cas-jura.ch\/wordpress\/wp-content\/uploads\/2023\/07\/en-direction-de-Chrindi.jpg 2016w\" sizes=\"auto, (max-width: 1024px) 100vw, 1024px\" \/><\/figure>\n\n\n\n<p>Le lendemain s\u2019annonce aussi magnifique que la veille alors que l\u2019\u00e9tape pr\u00e9sente un d\u00e9nivel\u00e9 plus l\u00e9ger. Apr\u00e8s avoir franchi le Leiterpass (1&rsquo;905 m) et admir\u00e9 l\u2019autre face du Gantrisch, nous faisons une pause ravitaillement apr\u00e8s la descente, en profitant de boissons fra\u00eeches mises \u00e0 disposition par la paysanne de l\u2019alpage. Nous continuons notre chemin et admirons devant nous le majestueux Stockhorn \u00e0 d\u00e9faut d\u2019y grimper. Nous poursuivons, en longeant une partie de l\u2019Hinderstockesee jusqu\u2019au lieu-dit Chrindi (1&rsquo;630 m). De l\u00e0, la t\u00e9l\u00e9cabine nous descend \u00e0 Erlenbach, dans la vall\u00e9e.<br>Une m\u00e9t\u00e9o de r\u00eave, des paysages verdoyants, une flore color\u00e9e, une guide organis\u00e9e et encore une \u00e9quipe sympathique ont contribu\u00e9 \u00e0 la r\u00e9ussite de ce magnifique week-end de marche dans la r\u00e9gion du Gantrisch. Un grand merci \u00e0 Agn\u00e8s pour l\u2019organisation et aux participant\u2219e\u2219s pour leur bienveillance mutuelle.<br>Pauline<\/p>\n","protected":false},"excerpt":{"rendered":"<p>Participant\u2219e\u2219s\u00a0: Aline, Corinne, Fr\u00e9d\u00e9rique, Jos\u00e9, Narcisse, Pauline, Agn\u00e8s, Ursula (dimanche) Un magnifique week-end de randonn\u00e9e est annonc\u00e9\u00a0! Notre guide Agn\u00e8s a donn\u00e9 rendez-vous aux participant\u2219e\u2219s &#8230;<\/p>\n","protected":false},"author":975901,"featured_media":3116,"comment_status":"closed","ping_status":"closed","sticky":false,"template":"","format":"standard","meta":{"_jetpack_memberships_contains_paid_content":false,"footnotes":""},"categories":[22],"tags":[],"class_list":["post-3115","post","type-post","status-publish","format-standard","has-post-thumbnail","hentry","category-recits-de-courses"],"jetpack_featured_media_url":"https:\/\/cas-jura.ch\/wordpress\/wp-content\/uploads\/2023\/07\/Gantrisch_1.jpg","jetpack_sharing_enabled":true,"_links":{"self":[{"href":"https:\/\/cas-jura.ch\/index.php?rest_route=\/wp\/v2\/posts\/3115","targetHints":{"allow":["GET"]}}],"collection":[{"href":"https:\/\/cas-jura.ch\/index.php?rest_route=\/wp\/v2\/posts"}],"about":[{"href":"https:\/\/cas-jura.ch\/index.php?rest_route=\/wp\/v2\/types\/post"}],"author":[{"embeddable":true,"href":"https:\/\/cas-jura.ch\/index.php?rest_route=\/wp\/v2\/users\/975901"}],"replies":[{"embeddable":true,"href":"https:\/\/cas-jura.ch\/index.php?rest_route=%2Fwp%2Fv2%2Fcomments&post=3115"}],"version-history":[{"count":1,"href":"https:\/\/cas-jura.ch\/index.php?rest_route=\/wp\/v2\/posts\/3115\/revisions"}],"predecessor-version":[{"id":3119,"href":"https:\/\/cas-jura.ch\/index.php?rest_route=\/wp\/v2\/posts\/3115\/revisions\/3119"}],"wp:featuredmedia":[{"embeddable":true,"href":"https:\/\/cas-jura.ch\/index.php?rest_route=\/wp\/v2\/media\/3116"}],"wp:attachment":[{"href":"https:\/\/cas-jura.ch\/index.php?rest_route=%2Fwp%2Fv2%2Fmedia&parent=3115"}],"wp:term":[{"taxonomy":"category","embeddable":true,"href":"https:\/\/cas-jura.ch\/index.php?rest_route=%2Fwp%2Fv2%2Fcategories&post=3115"},{"taxonomy":"post_tag","embeddable":true,"href":"https:\/\/cas-jura.ch\/index.php?rest_route=%2Fwp%2Fv2%2Ftags&post=3115"}],"curies":[{"name":"wp","href":"https:\/\/api.w.org\/{rel}","templated":true}]}}