{"id":3145,"date":"2023-09-07T05:44:13","date_gmt":"2023-09-07T03:44:13","guid":{"rendered":"https:\/\/cas-jura.ch\/?p=3145"},"modified":"2023-09-07T05:44:16","modified_gmt":"2023-09-07T03:44:16","slug":"samnaun-klosters-par-cimes-et-sentiers-20-25-aout-2023","status":"publish","type":"post","link":"https:\/\/cas-jura.ch\/?p=3145","title":{"rendered":"Samnaun \u2013 Klosters par cimes et sentiers \/ 20-25 ao\u00fbt 2023"},"content":{"rendered":"\n<p>Vous montez dans le train \u00e0 Porrentruy \u00e0 07.10. Il est 13.30 et vous avez travers\u00e9 la Suisse de part en part, vous descendez du bus \u00e0 Samnaun. Un de ces petits miracles quotidiens qui s\u2019accomplit dans notre pays et auquel nous ne pr\u00eatons m\u00eame plus attention.<\/p>\n\n\n\n<p>Vous connaissez Samnaun&nbsp;? Non&nbsp;? Je vous d\u00e9cris ce village en quelques mots. C\u2019est la commune situ\u00e9e la plus \u00e0 l\u2019est de la Suisse&nbsp;; \u00e9galement une zone franche depuis 1892. Vous y trouvez tous les bijoux, parfums, alcools et cigarettes que vous souhaitez&nbsp; acheter hors taxes. Mais ne cherchez ni \u00e9picerie, ni boucherie, ni boulangerie, il n\u2019y en a plus. D\u2019un glauque \u00e0 fuir sans d\u00e9lai. Ce que nous (Agn\u00e8s, Cristel, Fran\u00e7ois, Ursula et moi) faisons fissa, sur un chemin blanc en direction du Zeblasjoch (2538m) puis sur un sentier vers la Fuorcla Val Gronda (2759m), avant de rejoindre bon train la Heidelbergerh\u00fctte (2262m). Avec une pens\u00e9e pour les personnes qui suent sous la canicule. Ici, il fait chaud, mais un de ces bons chauds d\u2019\u00e9t\u00e9 qui font transpirer sans vous dess\u00e9cher avant m\u00eame que midi arrive.<\/p>\n\n\n\n<p>Une nuit de repos et nous voil\u00e0 repartis plein sud en direction de la Breite Krone (3078m), une petite ascension sans difficult\u00e9s que personne n\u2019aurait l\u2019id\u00e9e de ne pas effectuer. Au sommet, un horizon \u00e0 360\u00b0 \u00e0 couper le souffle. L\u2019air est si limpide que l\u2019on y voit \u00e0 des dizaines de kilom\u00e8tres. Une pause, quelques commentaires et nous voil\u00e0 en direction de l\u2019ar\u00eate qui relie d\u2019est en ouest le Kronenjoch (2975m) au Pass Futsch\u00f6l (2767m). Au passage, nous gravissons le Piz Faschalba (3047m), souvenir d\u2019une ascension hivernale pas si lointaine dans le temps. Et c\u2019est la descente vers la Jamtalh\u00fctte. A mi-chemin, nous contournons les \u00e9boulis monstrueux qui sont descendus du <a href=\"https:\/\/www.youtube.com\/watch?v=sOC7cVcPOlI\">Fluchthorn<\/a> le 11 juin dernier. Le sommet de la montagne est d\u00e9sormais 100m plus bas qu\u2019avant&nbsp;! A vous faire froid dans le dos. Le r\u00e9confort se trouve \u00e0 la Jamtalh\u00fctte (2165m), vaisseau moderne pos\u00e9 au fond de la vall\u00e9e \u00e9ponyme. Photo 1<\/p>\n\n\n\n<p>Mardi matin, le jour se l\u00e8ve-&nbsp; encore &#8211; sur un ciel immacul\u00e9 pour cheminer vers la Getschnerscharte (2839m) en traversant une de ces charmantes petites fen\u00eatres qui ne laissent la place qu\u2019\u00e0 une personne \u00e0 la fois entre les rochers&#8230; et vous offrent l\u2019occasion de faire de bien jolies photos-souvenirs. Ce dont nous ne nous privons pas. Un passage dans le Bieltal et nous revoil\u00e0 d\u00e9j\u00e0 escaladant le Radsattel (2652m) avant de laisser nos pas nous amener \u00e0 la Wiesbadenerh\u00fctte (2443m). Des locaux moins modernes, mais un kaiserschmarrn qui d\u00e9fend bien sa r\u00e9putation. Le hasard \u00e9tant ce qu\u2019il est, le gardien nous attribue la m\u00eame chambre que nous avions occup\u00e9e en hiver 2022. J\u2019en profite pour dormir dans le m\u00eame lit&nbsp;; il para\u00eet que cela est propice \u00e0 une sommeil r\u00e9parateur&nbsp;;-).<\/p>\n\n\n\n<p>Mercredi aux aurores, nous entamons une longue descente vers le Silvretta-Stausee pour ensuite remonter le Klostertal, le Verhhupft\u00e4li et rejoindre le Liznersattel. La m\u00e9t\u00e9o radieuse et notre horaire permettent d\u2019aller voir \u00e0 quoi ressemble le paysage du sommet de la Sattelkrone (2863m). Quelques pas d\u2019escalade, un peu de vide, mais pas assez pour temp\u00e9rer l\u2019enthousiasme de la troupe qui joue les chamois sur le granit. Temp\u00e9rature agr\u00e9able, pas un souffle d\u2019air, nous en profitons pour musarder avant de redescendre et nous diriger vers la Saarbr\u00fcckerh\u00fctte (2538m). Un petit bijou de cabane, juch\u00e9e sur un promontoire qui fait penser \u00e0 la maison de pain d\u2019\u00e9pice d\u2019Hansel et Gretel. L\u00e0 aussi, le kaiserschmarrn m\u00e9rite qu\u2019on le savoure\u00a0!<\/p>\n\n\n\n<figure class=\"wp-block-image size-large\"><img loading=\"lazy\" decoding=\"async\" width=\"1024\" height=\"768\" src=\"https:\/\/cas-jura.ch\/wordpress\/wp-content\/uploads\/2023\/09\/20230824_115719_Hochmaderer-2823m-1024x768.jpg\" alt=\"\" class=\"wp-image-3146\" srcset=\"https:\/\/cas-jura.ch\/wordpress\/wp-content\/uploads\/2023\/09\/20230824_115719_Hochmaderer-2823m-1024x768.jpg 1024w, https:\/\/cas-jura.ch\/wordpress\/wp-content\/uploads\/2023\/09\/20230824_115719_Hochmaderer-2823m-300x225.jpg 300w, https:\/\/cas-jura.ch\/wordpress\/wp-content\/uploads\/2023\/09\/20230824_115719_Hochmaderer-2823m-768x576.jpg 768w, https:\/\/cas-jura.ch\/wordpress\/wp-content\/uploads\/2023\/09\/20230824_115719_Hochmaderer-2823m-1536x1152.jpg 1536w, https:\/\/cas-jura.ch\/wordpress\/wp-content\/uploads\/2023\/09\/20230824_115719_Hochmaderer-2823m-2048x1536.jpg 2048w, https:\/\/cas-jura.ch\/wordpress\/wp-content\/uploads\/2023\/09\/20230824_115719_Hochmaderer-2823m-1800x1350.jpg 1800w\" sizes=\"auto, (max-width: 1024px) 100vw, 1024px\" \/><\/figure>\n\n\n\n<p>Le temps passe, les itin\u00e9raires filent sous nos pas. Ce matin, nous descendons plein nord en direction du Vermuntstausee avant de bifurquer \u00e0 l\u2019ouest pour gagner le Hochmadererjoch (2505m). Une pause pour juger de l\u2019allure du Hochmaderer et de son acc\u00e8s. Pas de difficult\u00e9 majeure en vue, nous convenons de l\u2019escalader. Une voie normale tr\u00e8s \u00e9l\u00e9gamment trac\u00e9e nous permet de progresser et d\u2019atteindre le sommet&nbsp; (2823m). Photo 2 L\u00e0, nous avons l\u2019occasion d\u2019\u00e9changer quelques propos d\u00e9contract\u00e9s avec des membres de la section de T\u00fcbingen du DAV (club alpin allemand) qui sont l\u00e0 pour v\u00e9rifier les haubans de la croix sommitale et entretenir les chemins d\u2019acc\u00e8s de la cabane que leur section a \u00e9rig\u00e9e en 1907 au pied des Plattenspitze (2191m). Elle a \u00e9t\u00e9 modifi\u00e9e, agrandie \u00e0 plusieurs reprises dont une derni\u00e8re en 2017\/2018 pour offrir un accueil chaleureux dans des locaux en bois clair qui jouxtent les b\u00e2timents initiaux patin\u00e9s par le temps et les nu\u00e9es de montagnards qui les ont fr\u00e9quent\u00e9s. Une nuit dans un dortoir surchauff\u00e9 nous permet de nous faire \u00e0 l\u2019id\u00e9e que nous allons regagner la plaine demain. Un orage au cours de cette m\u00eame nuit nous rappelle aussi que la canicule y touche \u00e0 sa fin. Mais il semble que nous disposions d\u2019une fen\u00eatre m\u00e9t\u00e9o suffisante pour passer entre les gouttes.<\/p>\n\n\n\n<p>Vendredi, il ne nous reste que le Carnairajoh (2489m) \u00e0 gravir avant d\u2019entreprendre la longue descente qui, de sentier en chemin blanc puis en route goudronn\u00e9e nous am\u00e8ne \u00e0 Klosters-Dorf. Un rafra\u00eechissement bienvenu et nous montons dans le train de 13.34. Les nuages arrivent, mais nous ne voyons les premi\u00e8res pluies qu\u2019au moment o\u00f9 nous longeons le Walensee.<\/p>\n\n\n\n<p>Une semaine de randonn\u00e9e plac\u00e9e sous le sceau du soleil, d\u2019une douce chaleur et d\u2019une franche bonne humeur. Sans le moindre accroc technique, ni le moindre bobo aux pieds \u2026 ou presque. De grands moments d\u2019\u00e9changes, d\u2019\u00e9motions et d\u2019amiti\u00e9 partag\u00e9s. Sur le terrain, des \u00e9tapes assez diff\u00e9rentes selon l\u2019app <em>swisstopo,<\/em> mais qui, au final, se sont r\u00e9v\u00e9l\u00e9es tr\u00e8s similaires en dur\u00e9e comme en difficult\u00e9.<\/p>\n\n\n\n<p>Et, pour finir, un dipl\u00f4me <em>summa cum laude<\/em> \u00e0 Ursula qui effectuait sa premi\u00e8re randonn\u00e9e de plusieurs jours en haute montagne. Elle avait &#8211; bien naturellement &#8211; \u00e9tudi\u00e9 toutes les portes de sortie possibles au cas o\u00f9 elle ne parviendrait pas \u00e0 relever le d\u00e9fi. D\u00e8s le d\u00e9part dans le rythme, elle a gravi ses premiers sommets avec l\u2019aisance des routiniers et rejoint Klosters avec le sourire qu\u2019elle a arbor\u00e9 tout au long de la semaine. Bravo&nbsp;!<\/p>\n","protected":false},"excerpt":{"rendered":"<p>Vous montez dans le train \u00e0 Porrentruy \u00e0 07.10. Il est 13.30 et vous avez travers\u00e9 la Suisse de part en part, vous descendez du &#8230;<\/p>\n","protected":false},"author":975901,"featured_media":3147,"comment_status":"closed","ping_status":"closed","sticky":false,"template":"","format":"standard","meta":{"_jetpack_memberships_contains_paid_content":false,"footnotes":""},"categories":[22],"tags":[],"class_list":["post-3145","post","type-post","status-publish","format-standard","has-post-thumbnail","hentry","category-recits-de-courses"],"jetpack_featured_media_url":"https:\/\/cas-jura.ch\/wordpress\/wp-content\/uploads\/2023\/09\/20230822_075511_Jamtalhutte-scaled.jpg","jetpack_sharing_enabled":true,"_links":{"self":[{"href":"https:\/\/cas-jura.ch\/index.php?rest_route=\/wp\/v2\/posts\/3145","targetHints":{"allow":["GET"]}}],"collection":[{"href":"https:\/\/cas-jura.ch\/index.php?rest_route=\/wp\/v2\/posts"}],"about":[{"href":"https:\/\/cas-jura.ch\/index.php?rest_route=\/wp\/v2\/types\/post"}],"author":[{"embeddable":true,"href":"https:\/\/cas-jura.ch\/index.php?rest_route=\/wp\/v2\/users\/975901"}],"replies":[{"embeddable":true,"href":"https:\/\/cas-jura.ch\/index.php?rest_route=%2Fwp%2Fv2%2Fcomments&post=3145"}],"version-history":[{"count":1,"href":"https:\/\/cas-jura.ch\/index.php?rest_route=\/wp\/v2\/posts\/3145\/revisions"}],"predecessor-version":[{"id":3148,"href":"https:\/\/cas-jura.ch\/index.php?rest_route=\/wp\/v2\/posts\/3145\/revisions\/3148"}],"wp:featuredmedia":[{"embeddable":true,"href":"https:\/\/cas-jura.ch\/index.php?rest_route=\/wp\/v2\/media\/3147"}],"wp:attachment":[{"href":"https:\/\/cas-jura.ch\/index.php?rest_route=%2Fwp%2Fv2%2Fmedia&parent=3145"}],"wp:term":[{"taxonomy":"category","embeddable":true,"href":"https:\/\/cas-jura.ch\/index.php?rest_route=%2Fwp%2Fv2%2Fcategories&post=3145"},{"taxonomy":"post_tag","embeddable":true,"href":"https:\/\/cas-jura.ch\/index.php?rest_route=%2Fwp%2Fv2%2Ftags&post=3145"}],"curies":[{"name":"wp","href":"https:\/\/api.w.org\/{rel}","templated":true}]}}