{"id":3177,"date":"2023-09-18T06:29:25","date_gmt":"2023-09-18T04:29:25","guid":{"rendered":"https:\/\/cas-jura.ch\/?p=3177"},"modified":"2023-09-18T06:35:11","modified_gmt":"2023-09-18T04:35:11","slug":"de-nouvelles-tetes","status":"publish","type":"post","link":"https:\/\/cas-jura.ch\/?p=3177","title":{"rendered":"De nouvelles t\u00eates&#8230;"},"content":{"rendered":"\n<p>Bienvenue \u00e0 Lisa Angiolini qui reprend au sein de notre comit\u00e9 le r\u00f4le de pr\u00e9pos\u00e9e \u00e0 l&rsquo;environnement. Quant \u00e0 Philippe Stucki, il succ\u00e8de \u00e0 Alain Ott en tant qu&rsquo;intendant externe de la cabane des Ordons.<\/p>\n\n\n\n<p>Merci \u00e0 eux pour leur investissement !<\/p>\n","protected":false},"excerpt":{"rendered":"<p>Bienvenue \u00e0 Lisa Angiolini qui reprend au sein de notre comit\u00e9 le r\u00f4le de pr\u00e9pos\u00e9e \u00e0 l&rsquo;environnement. Quant \u00e0 Philippe Stucki, il succ\u00e8de \u00e0 Alain &#8230;<\/p>\n","protected":false},"author":975901,"featured_media":3182,"comment_status":"closed","ping_status":"closed","sticky":false,"template":"","format":"standard","meta":{"_jetpack_memberships_contains_paid_content":false,"footnotes":""},"categories":[3],"tags":[],"class_list":["post-3177","post","type-post","status-publish","format-standard","has-post-thumbnail","hentry","category-communication"],"jetpack_featured_media_url":"https:\/\/cas-jura.ch\/wordpress\/wp-content\/uploads\/2023\/09\/1695011302289-e1695011501498.jpg","jetpack_sharing_enabled":true,"_links":{"self":[{"href":"https:\/\/cas-jura.ch\/index.php?rest_route=\/wp\/v2\/posts\/3177","targetHints":{"allow":["GET"]}}],"collection":[{"href":"https:\/\/cas-jura.ch\/index.php?rest_route=\/wp\/v2\/posts"}],"about":[{"href":"https:\/\/cas-jura.ch\/index.php?rest_route=\/wp\/v2\/types\/post"}],"author":[{"embeddable":true,"href":"https:\/\/cas-jura.ch\/index.php?rest_route=\/wp\/v2\/users\/975901"}],"replies":[{"embeddable":true,"href":"https:\/\/cas-jura.ch\/index.php?rest_route=%2Fwp%2Fv2%2Fcomments&post=3177"}],"version-history":[{"count":1,"href":"https:\/\/cas-jura.ch\/index.php?rest_route=\/wp\/v2\/posts\/3177\/revisions"}],"predecessor-version":[{"id":3179,"href":"https:\/\/cas-jura.ch\/index.php?rest_route=\/wp\/v2\/posts\/3177\/revisions\/3179"}],"wp:featuredmedia":[{"embeddable":true,"href":"https:\/\/cas-jura.ch\/index.php?rest_route=\/wp\/v2\/media\/3182"}],"wp:attachment":[{"href":"https:\/\/cas-jura.ch\/index.php?rest_route=%2Fwp%2Fv2%2Fmedia&parent=3177"}],"wp:term":[{"taxonomy":"category","embeddable":true,"href":"https:\/\/cas-jura.ch\/index.php?rest_route=%2Fwp%2Fv2%2Fcategories&post=3177"},{"taxonomy":"post_tag","embeddable":true,"href":"https:\/\/cas-jura.ch\/index.php?rest_route=%2Fwp%2Fv2%2Ftags&post=3177"}],"curies":[{"name":"wp","href":"https:\/\/api.w.org\/{rel}","templated":true}]}}