{"id":3210,"date":"2023-10-03T22:30:00","date_gmt":"2023-10-03T20:30:00","guid":{"rendered":"https:\/\/cas-jura.ch\/?p=3210"},"modified":"2023-10-03T19:28:00","modified_gmt":"2023-10-03T17:28:00","slug":"mes-crampons-contre-ton-rechaud","status":"publish","type":"post","link":"https:\/\/cas-jura.ch\/?p=3210","title":{"rendered":"\u00ab\u00a0Mes crampons contre ton r\u00e9chaud !\u00a0\u00bb"},"content":{"rendered":"\n<p>&#8230; enfin, pas exactement, puisque ce n&rsquo;est pas un troc qu&rsquo;organise notre section le samedi 28 octobre 2023, mais une <strong>grande bourse aux v\u00eatements et mat\u00e9riel de montagne<\/strong>. Une belle occasion de donner une seconde vie \u00e0 ce mat\u00e9riel qui se morfond depuis si longtemps au grenier ou, au contraire, de s&rsquo;\u00e9quiper \u00e0 moindre frais. <\/p>\n\n\n\n<p>Vendez ou achetez du mat\u00e9riel en bon \u00e9tat et r\u00e9alisez une belle op\u00e9ration \u00e9conomique et \u00e9cologique !<\/p>\n\n\n\n<p>Trouvez toutes les informations sur cette journ\u00e9e en cliquant sur les liens ci-dessous.<\/p>\n\n\n\n<figure class=\"wp-block-table is-style-stripes\"><table class=\"has-fixed-layout\"><tbody><tr><td><a href=\"https:\/\/cas-jura.ch\/wordpress\/wp-content\/uploads\/2023\/10\/CASjura_FlyA5_PROD-1-1.pdf\"><strong>L&rsquo;ANNONCE<\/strong><\/a><\/td><td><a href=\"https:\/\/cas-jura.ch\/wordpress\/wp-content\/uploads\/2023\/10\/20230823-Vente-seconde-main-Tableau.pdf\"><strong>LE PROGRAMME<\/strong><\/a><\/td><\/tr><tr><td><a href=\"https:\/\/cas-jura.ch\/wordpress\/wp-content\/uploads\/2023\/10\/20230822-Vente-seconde-main-reglement.pdf\"><strong>LE REGLEMENT<\/strong><\/a><\/td><td><strong><a href=\"https:\/\/cas-jura.ch\/wordpress\/wp-content\/uploads\/2023\/10\/Feuille-de-vente-CAS.pdf\">LE FORMULAIRE D&rsquo;INSCRIPTION<\/a><\/strong><\/td><\/tr><\/tbody><\/table><\/figure>\n\n\n\n<figure class=\"wp-block-image size-large\"><img loading=\"lazy\" decoding=\"async\" width=\"725\" height=\"1024\" src=\"https:\/\/cas-jura.ch\/wordpress\/wp-content\/uploads\/2023\/10\/image-725x1024.png\" alt=\"\" class=\"wp-image-3216\" srcset=\"https:\/\/cas-jura.ch\/wordpress\/wp-content\/uploads\/2023\/10\/image-725x1024.png 725w, https:\/\/cas-jura.ch\/wordpress\/wp-content\/uploads\/2023\/10\/image-212x300.png 212w, https:\/\/cas-jura.ch\/wordpress\/wp-content\/uploads\/2023\/10\/image.png 729w\" sizes=\"auto, (max-width: 725px) 100vw, 725px\" \/><\/figure>\n","protected":false},"excerpt":{"rendered":"<p>&#8230; enfin, pas exactement, puisque ce n&rsquo;est pas un troc qu&rsquo;organise notre section le samedi 28 octobre 2023, mais une grande bourse aux v\u00eatements et &#8230;<\/p>\n","protected":false},"author":975901,"featured_media":3215,"comment_status":"closed","ping_status":"closed","sticky":false,"template":"","format":"standard","meta":{"_jetpack_memberships_contains_paid_content":false,"footnotes":""},"categories":[1],"tags":[],"class_list":["post-3210","post","type-post","status-publish","format-standard","has-post-thumbnail","hentry","category-uncategorized"],"jetpack_featured_media_url":"https:\/\/cas-jura.ch\/wordpress\/wp-content\/uploads\/2023\/10\/Capture-decran-2023-10-01-131536-e1696173736514.png","jetpack_sharing_enabled":true,"_links":{"self":[{"href":"https:\/\/cas-jura.ch\/index.php?rest_route=\/wp\/v2\/posts\/3210","targetHints":{"allow":["GET"]}}],"collection":[{"href":"https:\/\/cas-jura.ch\/index.php?rest_route=\/wp\/v2\/posts"}],"about":[{"href":"https:\/\/cas-jura.ch\/index.php?rest_route=\/wp\/v2\/types\/post"}],"author":[{"embeddable":true,"href":"https:\/\/cas-jura.ch\/index.php?rest_route=\/wp\/v2\/users\/975901"}],"replies":[{"embeddable":true,"href":"https:\/\/cas-jura.ch\/index.php?rest_route=%2Fwp%2Fv2%2Fcomments&post=3210"}],"version-history":[{"count":7,"href":"https:\/\/cas-jura.ch\/index.php?rest_route=\/wp\/v2\/posts\/3210\/revisions"}],"predecessor-version":[{"id":3251,"href":"https:\/\/cas-jura.ch\/index.php?rest_route=\/wp\/v2\/posts\/3210\/revisions\/3251"}],"wp:featuredmedia":[{"embeddable":true,"href":"https:\/\/cas-jura.ch\/index.php?rest_route=\/wp\/v2\/media\/3215"}],"wp:attachment":[{"href":"https:\/\/cas-jura.ch\/index.php?rest_route=%2Fwp%2Fv2%2Fmedia&parent=3210"}],"wp:term":[{"taxonomy":"category","embeddable":true,"href":"https:\/\/cas-jura.ch\/index.php?rest_route=%2Fwp%2Fv2%2Fcategories&post=3210"},{"taxonomy":"post_tag","embeddable":true,"href":"https:\/\/cas-jura.ch\/index.php?rest_route=%2Fwp%2Fv2%2Ftags&post=3210"}],"curies":[{"name":"wp","href":"https:\/\/api.w.org\/{rel}","templated":true}]}}