{"id":3321,"date":"2023-11-05T14:09:53","date_gmt":"2023-11-05T13:09:53","guid":{"rendered":"https:\/\/cas-jura.ch\/?p=3321"},"modified":"2023-11-05T14:09:55","modified_gmt":"2023-11-05T13:09:55","slug":"cinemajoie","status":"publish","type":"post","link":"https:\/\/cas-jura.ch\/?p=3321","title":{"rendered":"Cin\u00e9majoie"},"content":{"rendered":"\n<p>Jeudi 16 novembre \u00e0 20h, projection du documentaire <em><a href=\"https:\/\/cas-jura.ch\/wordpress\/wp-content\/uploads\/2023\/11\/NUPTSEEVEN.pdf\">Nuptse, l&rsquo;inaccessible absolu<\/a><\/em> (2023-64 min.) \u00e0 Cin\u00e9majoie, en partenariat avec le Festival international du film alpin des Diablerets. Suivi du court m\u00e9trage Egoland (2022-20 min.) <\/p>\n\n\n\n<p>Rappel : sur pr\u00e9sentation de leur carte, les membre du CAS Jura b\u00e9n\u00e9ficient d&rsquo;une remise sur leur ticket d&rsquo;entr\u00e9e (CHF 10.- au lieu de CHF 13.-).<\/p>\n","protected":false},"excerpt":{"rendered":"<p>Jeudi 16 novembre \u00e0 20h, projection du documentaire Nuptse, l&rsquo;inaccessible absolu (2023-64 min.) \u00e0 Cin\u00e9majoie, en partenariat avec le Festival international du film alpin des &#8230;<\/p>\n","protected":false},"author":975901,"featured_media":3322,"comment_status":"closed","ping_status":"closed","sticky":false,"template":"","format":"standard","meta":{"_jetpack_memberships_contains_paid_content":false,"footnotes":""},"categories":[3],"tags":[],"class_list":["post-3321","post","type-post","status-publish","format-standard","has-post-thumbnail","hentry","category-communication"],"jetpack_featured_media_url":"https:\/\/cas-jura.ch\/wordpress\/wp-content\/uploads\/2023\/11\/image.png","jetpack_sharing_enabled":true,"_links":{"self":[{"href":"https:\/\/cas-jura.ch\/index.php?rest_route=\/wp\/v2\/posts\/3321","targetHints":{"allow":["GET"]}}],"collection":[{"href":"https:\/\/cas-jura.ch\/index.php?rest_route=\/wp\/v2\/posts"}],"about":[{"href":"https:\/\/cas-jura.ch\/index.php?rest_route=\/wp\/v2\/types\/post"}],"author":[{"embeddable":true,"href":"https:\/\/cas-jura.ch\/index.php?rest_route=\/wp\/v2\/users\/975901"}],"replies":[{"embeddable":true,"href":"https:\/\/cas-jura.ch\/index.php?rest_route=%2Fwp%2Fv2%2Fcomments&post=3321"}],"version-history":[{"count":1,"href":"https:\/\/cas-jura.ch\/index.php?rest_route=\/wp\/v2\/posts\/3321\/revisions"}],"predecessor-version":[{"id":3324,"href":"https:\/\/cas-jura.ch\/index.php?rest_route=\/wp\/v2\/posts\/3321\/revisions\/3324"}],"wp:featuredmedia":[{"embeddable":true,"href":"https:\/\/cas-jura.ch\/index.php?rest_route=\/wp\/v2\/media\/3322"}],"wp:attachment":[{"href":"https:\/\/cas-jura.ch\/index.php?rest_route=%2Fwp%2Fv2%2Fmedia&parent=3321"}],"wp:term":[{"taxonomy":"category","embeddable":true,"href":"https:\/\/cas-jura.ch\/index.php?rest_route=%2Fwp%2Fv2%2Fcategories&post=3321"},{"taxonomy":"post_tag","embeddable":true,"href":"https:\/\/cas-jura.ch\/index.php?rest_route=%2Fwp%2Fv2%2Ftags&post=3321"}],"curies":[{"name":"wp","href":"https:\/\/api.w.org\/{rel}","templated":true}]}}