{"id":3407,"date":"2023-11-24T09:57:14","date_gmt":"2023-11-24T08:57:14","guid":{"rendered":"https:\/\/cas-jura.ch\/?p=3407"},"modified":"2023-11-24T09:57:16","modified_gmt":"2023-11-24T08:57:16","slug":"marche-de-la-st-martin-4-novembre-2023","status":"publish","type":"post","link":"https:\/\/cas-jura.ch\/?p=3407","title":{"rendered":"Marche de la ST-Martin \/ 4 Novembre 2023"},"content":{"rendered":"\n<p>Chef de course\u00a0: Maurice Riedo<br>Participant(e)s\u00a0: Carine Theubet, Christiane De Martin, Nicole Waldt, Maurice Riedo, Alain Bl\u00e9try, Brigitte Gigon, Myriam Gigon, Yvette Ducommun, Ren\u00e9e Ballogh, Bernard Bandelier, Ars\u00e8ne Plomb, Joseph Thierrin, Micha\u00ebl Rais, Francis Bortoli, Andr\u00e9 Ross\u00e9, Raymonde Domin\u00e9, Rose-Marie Studer, Maryse Varrin, Ren\u00e9e Studer <\/p>\n\n\n\n<p><\/p>\n\n\n\n<div class=\"wp-block-group is-layout-constrained wp-block-group-is-layout-constrained\">\n<p>A cause de la m\u00e9t\u00e9o, il n\u2019a pas \u00e9t\u00e9 possible d\u2019effectuer le parcours pr\u00e9vu. En effet, vu le vent tr\u00e8s violent, il n\u2019aurait pas \u00e9t\u00e9 judicieux d\u2019effectuer environ la moiti\u00e9 de la randonn\u00e9e sur la cr\u00eate menant \u00e0 Montgremay. <\/p>\n\n\n\n<p>10 courageuses et courageux ont tout de m\u00eame effectu\u00e9 un parcours \u00ab&nbsp;Plan B&nbsp;\u00bb. Sur conseil d\u2019Alain B. et Joseph Th., le groupe a march\u00e9 en bordure de for\u00eat et est pass\u00e9 par la ferme des Grangettes pour rejoindre Les Malettes. <\/p>\n\n\n\n<p>Ensuite, ce sont 28 personnes qui ont eu l\u2019occasion de d\u00e9guster un excellent menu de St-Martin, y compris le coup du milieu, les \u00ab&nbsp;striflates&nbsp;\u00bb et la \u00ab&nbsp;choucroute Club Alpin&nbsp;\u00bb, le tout pr\u00e9par\u00e9 et servi par Carine Th., Christiane de M. et Nicole W, qui ont permis aux h\u00f4tes d\u2019appr\u00e9cier gel\u00e9e et boudin \u00ab&nbsp;fait maison&nbsp;\u00bb ainsi que les autres plats du menu. <\/p>\n\n\n\n<p>A n\u2019en pas douter, les h\u00f4tes ravis, y compris Ren\u00e9e S. qui en \u00e9tait \u00e0 sa 39<sup>\u00e8me<\/sup> participation, ont d\u00e9j\u00e0 r\u00e9serv\u00e9 la prochaine St-Martin du CAS Jura, qui aura lieu le 1<sup>er<\/sup> weekend de novembre 2024.<\/p>\n<\/div>\n\n\n\n<figure class=\"wp-block-image aligncenter size-full\"><img loading=\"lazy\" decoding=\"async\" width=\"753\" height=\"753\" src=\"https:\/\/cas-jura.ch\/wordpress\/wp-content\/uploads\/2023\/11\/st-martin.png\" alt=\"\" class=\"wp-image-3410\" srcset=\"https:\/\/cas-jura.ch\/wordpress\/wp-content\/uploads\/2023\/11\/st-martin.png 753w, https:\/\/cas-jura.ch\/wordpress\/wp-content\/uploads\/2023\/11\/st-martin-300x300.png 300w, https:\/\/cas-jura.ch\/wordpress\/wp-content\/uploads\/2023\/11\/st-martin-150x150.png 150w\" sizes=\"auto, (max-width: 753px) 100vw, 753px\" \/><\/figure>\n\n\n\n<p class=\"has-text-align-center\">Maurice Riedo<\/p>\n","protected":false},"excerpt":{"rendered":"<p>Chef de course\u00a0: Maurice RiedoParticipant(e)s\u00a0: Carine Theubet, Christiane De Martin, Nicole Waldt, Maurice Riedo, Alain Bl\u00e9try, Brigitte Gigon, Myriam Gigon, Yvette Ducommun, Ren\u00e9e Ballogh, Bernard &#8230;<\/p>\n","protected":false},"author":975923,"featured_media":3412,"comment_status":"closed","ping_status":"closed","sticky":false,"template":"","format":"standard","meta":{"_jetpack_memberships_contains_paid_content":false,"footnotes":""},"categories":[1],"tags":[],"class_list":["post-3407","post","type-post","status-publish","format-standard","has-post-thumbnail","hentry","category-uncategorized"],"jetpack_featured_media_url":"https:\/\/cas-jura.ch\/wordpress\/wp-content\/uploads\/2023\/11\/logo-saint-martin.png","jetpack_sharing_enabled":true,"_links":{"self":[{"href":"https:\/\/cas-jura.ch\/index.php?rest_route=\/wp\/v2\/posts\/3407","targetHints":{"allow":["GET"]}}],"collection":[{"href":"https:\/\/cas-jura.ch\/index.php?rest_route=\/wp\/v2\/posts"}],"about":[{"href":"https:\/\/cas-jura.ch\/index.php?rest_route=\/wp\/v2\/types\/post"}],"author":[{"embeddable":true,"href":"https:\/\/cas-jura.ch\/index.php?rest_route=\/wp\/v2\/users\/975923"}],"replies":[{"embeddable":true,"href":"https:\/\/cas-jura.ch\/index.php?rest_route=%2Fwp%2Fv2%2Fcomments&post=3407"}],"version-history":[{"count":5,"href":"https:\/\/cas-jura.ch\/index.php?rest_route=\/wp\/v2\/posts\/3407\/revisions"}],"predecessor-version":[{"id":3416,"href":"https:\/\/cas-jura.ch\/index.php?rest_route=\/wp\/v2\/posts\/3407\/revisions\/3416"}],"wp:featuredmedia":[{"embeddable":true,"href":"https:\/\/cas-jura.ch\/index.php?rest_route=\/wp\/v2\/media\/3412"}],"wp:attachment":[{"href":"https:\/\/cas-jura.ch\/index.php?rest_route=%2Fwp%2Fv2%2Fmedia&parent=3407"}],"wp:term":[{"taxonomy":"category","embeddable":true,"href":"https:\/\/cas-jura.ch\/index.php?rest_route=%2Fwp%2Fv2%2Fcategories&post=3407"},{"taxonomy":"post_tag","embeddable":true,"href":"https:\/\/cas-jura.ch\/index.php?rest_route=%2Fwp%2Fv2%2Ftags&post=3407"}],"curies":[{"name":"wp","href":"https:\/\/api.w.org\/{rel}","templated":true}]}}