{"id":3548,"date":"2024-09-15T21:13:37","date_gmt":"2024-09-15T19:13:37","guid":{"rendered":"https:\/\/cas-jura.ch\/?p=3548"},"modified":"2024-09-15T21:13:38","modified_gmt":"2024-09-15T19:13:38","slug":"guides-des-bonnes-pratiques","status":"publish","type":"post","link":"https:\/\/cas-jura.ch\/?p=3548","title":{"rendered":"Guides des bonnes pratiques"},"content":{"rendered":"\n<p class=\"has-text-align-left\">Le CAS-Jura innove et d\u00e9veloppe son p\u00f4le d\u00e9dier \u00e0 l&rsquo;environnement. <\/p>\n\n\n\n<p>Sur cette page, tu retrouveras deux posters sur des th\u00e9matiques actuelles qui t&rsquo;aide \u00e0 mieux vivre tes sorties en montagnes <\/p>\n\n\n\n<ol class=\"wp-block-list\">\n<li>Les comportements \u00e0 adopter avec l&rsquo;introduction des chiens de protections dans les troupeaux <\/li>\n\n\n\n<li>Les bons gestes \u00e0 avoir quand on se pr\u00e9pare \u00e0 aller dormir en cabanes de montagne <\/li>\n<\/ol>\n\n\n\n<div class=\"wp-block-columns is-layout-flex wp-container-core-columns-is-layout-9d6595d7 wp-block-columns-is-layout-flex\">\n<div class=\"wp-block-column is-layout-flow wp-block-column-is-layout-flow\" style=\"flex-basis:50%\">\n<figure class=\"wp-block-image size-full is-resized\"><a href=\"https:\/\/cas-jura.ch\/wordpress\/wp-content\/uploads\/2024\/01\/Capture-decran-2024-01-22-155129.jpg\" target=\"_blank\" rel=\"noreferrer noopener\"><img loading=\"lazy\" decoding=\"async\" width=\"834\" height=\"1182\" src=\"https:\/\/cas-jura.ch\/wordpress\/wp-content\/uploads\/2024\/01\/Capture-decran-2024-01-22-155129.jpg\" alt=\"\" class=\"wp-image-3552\" style=\"width:400px\" srcset=\"https:\/\/cas-jura.ch\/wordpress\/wp-content\/uploads\/2024\/01\/Capture-decran-2024-01-22-155129.jpg 834w, https:\/\/cas-jura.ch\/wordpress\/wp-content\/uploads\/2024\/01\/Capture-decran-2024-01-22-155129-212x300.jpg 212w, https:\/\/cas-jura.ch\/wordpress\/wp-content\/uploads\/2024\/01\/Capture-decran-2024-01-22-155129-723x1024.jpg 723w, https:\/\/cas-jura.ch\/wordpress\/wp-content\/uploads\/2024\/01\/Capture-decran-2024-01-22-155129-768x1088.jpg 768w\" sizes=\"auto, (max-width: 834px) 100vw, 834px\" \/><\/a><\/figure>\n<\/div>\n\n\n\n<div class=\"wp-block-column is-layout-flow wp-block-column-is-layout-flow\" style=\"flex-basis:50%\">\n<figure class=\"wp-block-image size-full is-resized\"><a href=\"https:\/\/cas-jura.ch\/wordpress\/wp-content\/uploads\/2024\/01\/Capture-decran-2024-01-22-155039.jpg\" target=\"_blank\" rel=\"noreferrer noopener\"><img loading=\"lazy\" decoding=\"async\" width=\"834\" height=\"1182\" src=\"https:\/\/cas-jura.ch\/wordpress\/wp-content\/uploads\/2024\/01\/Capture-decran-2024-01-22-155039.jpg\" alt=\"\" class=\"wp-image-3551\" style=\"width:400px\" srcset=\"https:\/\/cas-jura.ch\/wordpress\/wp-content\/uploads\/2024\/01\/Capture-decran-2024-01-22-155039.jpg 834w, https:\/\/cas-jura.ch\/wordpress\/wp-content\/uploads\/2024\/01\/Capture-decran-2024-01-22-155039-212x300.jpg 212w, https:\/\/cas-jura.ch\/wordpress\/wp-content\/uploads\/2024\/01\/Capture-decran-2024-01-22-155039-723x1024.jpg 723w, https:\/\/cas-jura.ch\/wordpress\/wp-content\/uploads\/2024\/01\/Capture-decran-2024-01-22-155039-768x1088.jpg 768w\" sizes=\"auto, (max-width: 834px) 100vw, 834px\" \/><\/a><\/figure>\n<\/div>\n<\/div>\n\n\n\n<p class=\"has-text-align-center\">Clique pour agrandir !<\/p>\n\n\n\n<p class=\"has-text-align-center\">Si tu as d&rsquo;autres id\u00e9es de posters n&rsquo;h\u00e9site pas \u00e0 contacter Lisa Angiolini pour en discuter \u00e0 cette adresse <strong><a href=\"mailto:environnement@cas-jura.ch\">environnement@cas-jura.ch<\/a><\/strong> ou sur la page <a href=\"https:\/\/www.instagram.com\/casjura.ch?utm_source=ig_web_button_share_sheet&amp;igsh=ZDNlZDc0MzIxNw==\" data-type=\"link\" data-id=\"https:\/\/www.instagram.com\/casjura.ch?utm_source=ig_web_button_share_sheet&amp;igsh=ZDNlZDc0MzIxNw==\" target=\"_blank\" rel=\"noreferrer noopener\"><strong>Instagram<\/strong><\/a> du CAS-Jura.<\/p>\n\n\n\n<p> <\/p>\n","protected":false},"excerpt":{"rendered":"<p>Le CAS-Jura innove et d\u00e9veloppe son p\u00f4le d\u00e9dier \u00e0 l&rsquo;environnement. Sur cette page, tu retrouveras deux posters sur des th\u00e9matiques actuelles qui t&rsquo;aide \u00e0 mieux &#8230;<\/p>\n","protected":false},"author":975923,"featured_media":3575,"comment_status":"closed","ping_status":"closed","sticky":false,"template":"","format":"standard","meta":{"_jetpack_memberships_contains_paid_content":false,"footnotes":""},"categories":[1],"tags":[],"class_list":["post-3548","post","type-post","status-publish","format-standard","has-post-thumbnail","hentry","category-uncategorized"],"jetpack_featured_media_url":"https:\/\/cas-jura.ch\/wordpress\/wp-content\/uploads\/2024\/01\/csm_Cabane_de-Moiry_CAS_201709_davidschweizer_ch__169__7dae5fca71.jpg","jetpack_sharing_enabled":true,"_links":{"self":[{"href":"https:\/\/cas-jura.ch\/index.php?rest_route=\/wp\/v2\/posts\/3548","targetHints":{"allow":["GET"]}}],"collection":[{"href":"https:\/\/cas-jura.ch\/index.php?rest_route=\/wp\/v2\/posts"}],"about":[{"href":"https:\/\/cas-jura.ch\/index.php?rest_route=\/wp\/v2\/types\/post"}],"author":[{"embeddable":true,"href":"https:\/\/cas-jura.ch\/index.php?rest_route=\/wp\/v2\/users\/975923"}],"replies":[{"embeddable":true,"href":"https:\/\/cas-jura.ch\/index.php?rest_route=%2Fwp%2Fv2%2Fcomments&post=3548"}],"version-history":[{"count":15,"href":"https:\/\/cas-jura.ch\/index.php?rest_route=\/wp\/v2\/posts\/3548\/revisions"}],"predecessor-version":[{"id":3574,"href":"https:\/\/cas-jura.ch\/index.php?rest_route=\/wp\/v2\/posts\/3548\/revisions\/3574"}],"wp:featuredmedia":[{"embeddable":true,"href":"https:\/\/cas-jura.ch\/index.php?rest_route=\/wp\/v2\/media\/3575"}],"wp:attachment":[{"href":"https:\/\/cas-jura.ch\/index.php?rest_route=%2Fwp%2Fv2%2Fmedia&parent=3548"}],"wp:term":[{"taxonomy":"category","embeddable":true,"href":"https:\/\/cas-jura.ch\/index.php?rest_route=%2Fwp%2Fv2%2Fcategories&post=3548"},{"taxonomy":"post_tag","embeddable":true,"href":"https:\/\/cas-jura.ch\/index.php?rest_route=%2Fwp%2Fv2%2Ftags&post=3548"}],"curies":[{"name":"wp","href":"https:\/\/api.w.org\/{rel}","templated":true}]}}