{"id":3591,"date":"2024-02-19T11:53:05","date_gmt":"2024-02-19T10:53:05","guid":{"rendered":"https:\/\/cas-jura.ch\/?p=3591"},"modified":"2024-02-19T11:53:08","modified_gmt":"2024-02-19T10:53:08","slug":"sortie-du-11-fevrier-2024-au-landvogtehore","status":"publish","type":"post","link":"https:\/\/cas-jura.ch\/?p=3591","title":{"rendered":"Sortie du 11 f\u00e9vrier 2024 au Landvogtehore"},"content":{"rendered":"\n<p><strong>Sortie du 11 f\u00e9vrier 2024 au Landvogtehore avec JB comme chef de course et 11 participants<\/strong><\/p>\n\n\n\n<p>Participants&nbsp;: Olivier, Patrick, Lo\u00efc, Mathieu, Guillaume, Christophe, Alain, Antoine, Luca, et Delphine<\/p>\n\n\n\n<p>Chef de course&nbsp;: Jean-Bernard<\/p>\n\n\n\n<figure class=\"wp-block-image size-large\"><img loading=\"lazy\" decoding=\"async\" width=\"1024\" height=\"473\" src=\"https:\/\/cas-jura.ch\/wordpress\/wp-content\/uploads\/2024\/02\/20240211_114457-1024x473.jpg\" alt=\"\" class=\"wp-image-3594\" srcset=\"https:\/\/cas-jura.ch\/wordpress\/wp-content\/uploads\/2024\/02\/20240211_114457-1024x473.jpg 1024w, https:\/\/cas-jura.ch\/wordpress\/wp-content\/uploads\/2024\/02\/20240211_114457-300x139.jpg 300w, https:\/\/cas-jura.ch\/wordpress\/wp-content\/uploads\/2024\/02\/20240211_114457-768x355.jpg 768w, https:\/\/cas-jura.ch\/wordpress\/wp-content\/uploads\/2024\/02\/20240211_114457-1536x710.jpg 1536w, https:\/\/cas-jura.ch\/wordpress\/wp-content\/uploads\/2024\/02\/20240211_114457-2048x946.jpg 2048w, https:\/\/cas-jura.ch\/wordpress\/wp-content\/uploads\/2024\/02\/20240211_114457-1800x832.jpg 1800w\" sizes=\"auto, (max-width: 1024px) 100vw, 1024px\" \/><\/figure>\n\n\n\n<p><br>Le 11 f\u00e9vrier, 11 randonneurs \u00e9taient pr\u00eats \u00e0 en d\u00e9coudre avec le fin fond de la vall\u00e9e du Diemtigtal, ce coin sauvage des Alpes bernoises o\u00f9 la neige et le beau temps sont aussi rares qu&rsquo;un Yeti en tongs.<\/p>\n\n\n\n<div class=\"wp-block-columns is-layout-flex wp-container-core-columns-is-layout-9d6595d7 wp-block-columns-is-layout-flex\">\n<div class=\"wp-block-column is-layout-flow wp-block-column-is-layout-flow\" style=\"flex-basis:50%\">\n<figure class=\"wp-block-image size-large is-resized\"><img loading=\"lazy\" decoding=\"async\" width=\"473\" height=\"1024\" src=\"https:\/\/cas-jura.ch\/wordpress\/wp-content\/uploads\/2024\/02\/20240211_121743-473x1024.jpg\" alt=\"\" class=\"wp-image-3597\" style=\"width:352px;height:auto\" srcset=\"https:\/\/cas-jura.ch\/wordpress\/wp-content\/uploads\/2024\/02\/20240211_121743-473x1024.jpg 473w, https:\/\/cas-jura.ch\/wordpress\/wp-content\/uploads\/2024\/02\/20240211_121743-139x300.jpg 139w, https:\/\/cas-jura.ch\/wordpress\/wp-content\/uploads\/2024\/02\/20240211_121743-768x1662.jpg 768w, https:\/\/cas-jura.ch\/wordpress\/wp-content\/uploads\/2024\/02\/20240211_121743-710x1536.jpg 710w, https:\/\/cas-jura.ch\/wordpress\/wp-content\/uploads\/2024\/02\/20240211_121743-946x2048.jpg 946w, https:\/\/cas-jura.ch\/wordpress\/wp-content\/uploads\/2024\/02\/20240211_121743-1800x3896.jpg 1800w, https:\/\/cas-jura.ch\/wordpress\/wp-content\/uploads\/2024\/02\/20240211_121743-scaled.jpg 1183w\" sizes=\"auto, (max-width: 473px) 100vw, 473px\" \/><\/figure>\n<\/div>\n\n\n\n<div class=\"wp-block-column is-layout-flow wp-block-column-is-layout-flow\" style=\"flex-basis:50%\">\n<p>JB nous avait clairement annonc\u00e9 que la chance m\u00e9t\u00e9o ne serait pas de la partie. Mais bon, rien n&rsquo;arr\u00eate une \u00e9quipe de joyeux drilles pr\u00eats \u00e0 se lancer dans l&rsquo;aventure, m\u00eame si \u00e7a signifie skier avec des pelles de jardinage plut\u00f4t qu&rsquo;avec des skis. Apr\u00e8s avoir d\u00e9pens\u00e9 5 balles pour le parking et aval\u00e9 un caf\u00e9 au Volg local, on \u00e9tait fin pr\u00eats. Skis sur le dos, JB et Oli ont d\u00e9marr\u00e9 \u00e0 fond les ballons vers le couloir qu&rsquo;on devait ouvrir. Avant de se lancer dans l&rsquo;ascension du Landvogtehore, JB nous a fait part de ses plans : une fois en bas, on devait s&rsquo;attaquer au couloir de gauche. La neige n&rsquo;\u00e9tait pas si mal, et plus on montait, plus on se disait qu&rsquo;on aurait peut-\u00eatre une belle descente si le ciel s\u2019ouvrait. JB, en leader incontest\u00e9, tranchait la neige comme un ninja des montagnes. Pas loin du col, on a d\u00fb enlever les skis et finir en mode pi\u00e9ton, avec le vent qui sifflait tellement fort qu&rsquo;on aurait pu faire un solo de fl\u00fbte avec. On ne s&rsquo;est pas \u00e9ternis\u00e9s et on a continu\u00e9 en direction du sommet, qui se cachait comme un gamin timide. Avant d&rsquo;arriver, JB a d\u00e9cr\u00e9t\u00e9 une pause de 4 minutes pour grignoter un truc, histoire de pouvoir redescendre au plus vite une fois qu&rsquo;on aurait atteint le sommet. Guillaume, le digne fils de son p\u00e8re, \u00e9tait d\u00e9j\u00e0 reparti apr\u00e8s 2 minutes chrono.<\/p>\n<\/div>\n<\/div>\n\n\n\n<figure class=\"wp-block-image size-large\"><img loading=\"lazy\" decoding=\"async\" width=\"1024\" height=\"473\" src=\"https:\/\/cas-jura.ch\/wordpress\/wp-content\/uploads\/2024\/02\/20240211_121735-1024x473.jpg\" alt=\"\" class=\"wp-image-3596\" srcset=\"https:\/\/cas-jura.ch\/wordpress\/wp-content\/uploads\/2024\/02\/20240211_121735-1024x473.jpg 1024w, https:\/\/cas-jura.ch\/wordpress\/wp-content\/uploads\/2024\/02\/20240211_121735-300x139.jpg 300w, https:\/\/cas-jura.ch\/wordpress\/wp-content\/uploads\/2024\/02\/20240211_121735-768x355.jpg 768w, https:\/\/cas-jura.ch\/wordpress\/wp-content\/uploads\/2024\/02\/20240211_121735-1536x710.jpg 1536w, https:\/\/cas-jura.ch\/wordpress\/wp-content\/uploads\/2024\/02\/20240211_121735-2048x946.jpg 2048w, https:\/\/cas-jura.ch\/wordpress\/wp-content\/uploads\/2024\/02\/20240211_121735-1800x832.jpg 1800w\" sizes=\"auto, (max-width: 1024px) 100vw, 1024px\" \/><\/figure>\n\n\n\n<p>Arriv\u00e9s au sommet, vent et froid nous ont accueillis, mais on n&rsquo;a pas tra\u00een\u00e9, pr\u00e9f\u00e9rant descendre dare-dare plut\u00f4t que de se geler les miches l\u00e0-haut. On a rang\u00e9 les peaux bien au chaud, au cas o\u00f9 JB aurait eu une illumination et d\u00e9ciderait qu&rsquo;on devait encore gravir une montagne avant de rentrer.<\/p>\n\n\n\n<p>En bas, on s&rsquo;est r\u00e9gal\u00e9s dans la poudreuse, avec quelques frayeurs quand m\u00eame, comme des pros, quoi !<\/p>\n\n\n\n<figure class=\"wp-block-image size-large\"><img loading=\"lazy\" decoding=\"async\" width=\"1024\" height=\"473\" src=\"https:\/\/cas-jura.ch\/wordpress\/wp-content\/uploads\/2024\/02\/20240211_105900-1024x473.jpg\" alt=\"\" class=\"wp-image-3601\" srcset=\"https:\/\/cas-jura.ch\/wordpress\/wp-content\/uploads\/2024\/02\/20240211_105900-1024x473.jpg 1024w, https:\/\/cas-jura.ch\/wordpress\/wp-content\/uploads\/2024\/02\/20240211_105900-300x139.jpg 300w, https:\/\/cas-jura.ch\/wordpress\/wp-content\/uploads\/2024\/02\/20240211_105900-768x355.jpg 768w, https:\/\/cas-jura.ch\/wordpress\/wp-content\/uploads\/2024\/02\/20240211_105900-1536x710.jpg 1536w, https:\/\/cas-jura.ch\/wordpress\/wp-content\/uploads\/2024\/02\/20240211_105900-2048x946.jpg 2048w, https:\/\/cas-jura.ch\/wordpress\/wp-content\/uploads\/2024\/02\/20240211_105900-1800x832.jpg 1800w\" sizes=\"auto, (max-width: 1024px) 100vw, 1024px\" \/><\/figure>\n\n\n\n<p>Une fois au pied du couloir, on a bifurqu\u00e9 \u00e0 gauche pour en attaquer un autre, mais avant cela on a fait une pause casse-cro\u00fbte bien m\u00e9rit\u00e9e.<\/p>\n\n\n\n<figure class=\"wp-block-image size-large is-resized\"><img loading=\"lazy\" decoding=\"async\" width=\"1024\" height=\"473\" src=\"https:\/\/cas-jura.ch\/wordpress\/wp-content\/uploads\/2024\/02\/20240211_114454-1024x473.jpg\" alt=\"\" class=\"wp-image-3593\" style=\"width:902px;height:auto\" srcset=\"https:\/\/cas-jura.ch\/wordpress\/wp-content\/uploads\/2024\/02\/20240211_114454-1024x473.jpg 1024w, https:\/\/cas-jura.ch\/wordpress\/wp-content\/uploads\/2024\/02\/20240211_114454-300x139.jpg 300w, https:\/\/cas-jura.ch\/wordpress\/wp-content\/uploads\/2024\/02\/20240211_114454-768x355.jpg 768w, https:\/\/cas-jura.ch\/wordpress\/wp-content\/uploads\/2024\/02\/20240211_114454-1536x710.jpg 1536w, https:\/\/cas-jura.ch\/wordpress\/wp-content\/uploads\/2024\/02\/20240211_114454-2048x946.jpg 2048w, https:\/\/cas-jura.ch\/wordpress\/wp-content\/uploads\/2024\/02\/20240211_114454-1800x832.jpg 1800w\" sizes=\"auto, (max-width: 1024px) 100vw, 1024px\" \/><\/figure>\n\n\n\n<p>Oli a pris les devants pour ouvrir la voie, mais tout le monde n&rsquo;\u00e9tait pas super emball\u00e9 \u00e0 l&rsquo;id\u00e9e de repartir. JB, pour d\u00e9conner, lui a demand\u00e9 de monter plut\u00f4t que de tirer tout droit au plat. Guillaume a vite pris la rel\u00e8ve, jonglant avec la neige fra\u00eeche. Mathieu, lui, \u00e9tait en mode repos et n&rsquo;a pas voulu se fatiguer plus que \u00e7a. Finalement, tout le monde a atteint le col, o\u00f9 on a vite enlev\u00e9 les peaux, certaines finissant dans les vestes, on n\u2019est jamais assez prudent avec JB. Moi, perso, j&rsquo;ai d\u00e9cid\u00e9 que j&rsquo;avais assez grimp\u00e9 pour la journ\u00e9e et que les peaux pouvaient bien rester dans le sac. La descente \u00e9tait sympa jusqu&rsquo;aux trois quarts, puis \u00e7a s&rsquo;est cors\u00e9 avec une neige glac\u00e9e et une visibilit\u00e9 de p\u00e9quenaud. On a d\u00fb finir \u00e0 pied pour atteindre la fromagerie de Fieldrich, o\u00f9 certains en ont profit\u00e9 pour faire des emplettes.<\/p>\n\n\n\n<figure class=\"wp-block-image size-large\"><img loading=\"lazy\" decoding=\"async\" width=\"1024\" height=\"473\" src=\"https:\/\/cas-jura.ch\/wordpress\/wp-content\/uploads\/2024\/02\/20240211_124234-1024x473.jpg\" alt=\"\" class=\"wp-image-3598\" srcset=\"https:\/\/cas-jura.ch\/wordpress\/wp-content\/uploads\/2024\/02\/20240211_124234-1024x473.jpg 1024w, https:\/\/cas-jura.ch\/wordpress\/wp-content\/uploads\/2024\/02\/20240211_124234-300x139.jpg 300w, https:\/\/cas-jura.ch\/wordpress\/wp-content\/uploads\/2024\/02\/20240211_124234-768x355.jpg 768w, https:\/\/cas-jura.ch\/wordpress\/wp-content\/uploads\/2024\/02\/20240211_124234-1536x710.jpg 1536w, https:\/\/cas-jura.ch\/wordpress\/wp-content\/uploads\/2024\/02\/20240211_124234-2048x946.jpg 2048w, https:\/\/cas-jura.ch\/wordpress\/wp-content\/uploads\/2024\/02\/20240211_124234-1800x832.jpg 1800w\" sizes=\"auto, (max-width: 1024px) 100vw, 1024px\" \/><\/figure>\n\n\n\n<p>Enfin, un dernier verre \u00e0 Grimmialp pour d\u00e9briefer cette journ\u00e9e de ouf.<\/p>\n\n\n\n<p>Patrick, qui pr\u00e9f\u00e8re manger son sandwich au chaud dans la voiture de Delphine, avait m\u00eame pris un tupperware pour \u00e9viter les miettes, mais le sort en a d\u00e9cid\u00e9 autrement. Au premier virage, le tupper s&rsquo;est renvers\u00e9, laissant Delphine ramasser les miettes comme si c&rsquo;\u00e9tait des p\u00e9pites d&rsquo;or.<\/p>\n\n\n\n<p>Tout le monde \u00e9tait sur un petit nuage, et on a remerci\u00e9 JB pour cette sortie aussi impr\u00e9visible que palpitante.<\/p>\n\n\n\n<p>Delphine<\/p>\n\n\n\n<figure class=\"wp-block-image size-large\"><img loading=\"lazy\" decoding=\"async\" width=\"1024\" height=\"473\" src=\"https:\/\/cas-jura.ch\/wordpress\/wp-content\/uploads\/2024\/02\/20240211_124631-1024x473.jpg\" alt=\"\" class=\"wp-image-3600\" srcset=\"https:\/\/cas-jura.ch\/wordpress\/wp-content\/uploads\/2024\/02\/20240211_124631-1024x473.jpg 1024w, https:\/\/cas-jura.ch\/wordpress\/wp-content\/uploads\/2024\/02\/20240211_124631-300x139.jpg 300w, https:\/\/cas-jura.ch\/wordpress\/wp-content\/uploads\/2024\/02\/20240211_124631-768x355.jpg 768w, https:\/\/cas-jura.ch\/wordpress\/wp-content\/uploads\/2024\/02\/20240211_124631-1536x710.jpg 1536w, https:\/\/cas-jura.ch\/wordpress\/wp-content\/uploads\/2024\/02\/20240211_124631-2048x946.jpg 2048w, https:\/\/cas-jura.ch\/wordpress\/wp-content\/uploads\/2024\/02\/20240211_124631-1800x832.jpg 1800w\" sizes=\"auto, (max-width: 1024px) 100vw, 1024px\" \/><\/figure>\n","protected":false},"excerpt":{"rendered":"<p>Sortie du 11 f\u00e9vrier 2024 au Landvogtehore avec JB comme chef de course et 11 participants Participants&nbsp;: Olivier, Patrick, Lo\u00efc, Mathieu, Guillaume, Christophe, Alain, Antoine, &#8230;<\/p>\n","protected":false},"author":975923,"featured_media":3595,"comment_status":"closed","ping_status":"closed","sticky":false,"template":"","format":"standard","meta":{"_jetpack_memberships_contains_paid_content":false,"footnotes":""},"categories":[1],"tags":[],"class_list":["post-3591","post","type-post","status-publish","format-standard","has-post-thumbnail","hentry","category-uncategorized"],"jetpack_featured_media_url":"https:\/\/cas-jura.ch\/wordpress\/wp-content\/uploads\/2024\/02\/IMG-20240211-WA0008.jpg","jetpack_sharing_enabled":true,"_links":{"self":[{"href":"https:\/\/cas-jura.ch\/index.php?rest_route=\/wp\/v2\/posts\/3591","targetHints":{"allow":["GET"]}}],"collection":[{"href":"https:\/\/cas-jura.ch\/index.php?rest_route=\/wp\/v2\/posts"}],"about":[{"href":"https:\/\/cas-jura.ch\/index.php?rest_route=\/wp\/v2\/types\/post"}],"author":[{"embeddable":true,"href":"https:\/\/cas-jura.ch\/index.php?rest_route=\/wp\/v2\/users\/975923"}],"replies":[{"embeddable":true,"href":"https:\/\/cas-jura.ch\/index.php?rest_route=%2Fwp%2Fv2%2Fcomments&post=3591"}],"version-history":[{"count":4,"href":"https:\/\/cas-jura.ch\/index.php?rest_route=\/wp\/v2\/posts\/3591\/revisions"}],"predecessor-version":[{"id":3603,"href":"https:\/\/cas-jura.ch\/index.php?rest_route=\/wp\/v2\/posts\/3591\/revisions\/3603"}],"wp:featuredmedia":[{"embeddable":true,"href":"https:\/\/cas-jura.ch\/index.php?rest_route=\/wp\/v2\/media\/3595"}],"wp:attachment":[{"href":"https:\/\/cas-jura.ch\/index.php?rest_route=%2Fwp%2Fv2%2Fmedia&parent=3591"}],"wp:term":[{"taxonomy":"category","embeddable":true,"href":"https:\/\/cas-jura.ch\/index.php?rest_route=%2Fwp%2Fv2%2Fcategories&post=3591"},{"taxonomy":"post_tag","embeddable":true,"href":"https:\/\/cas-jura.ch\/index.php?rest_route=%2Fwp%2Fv2%2Ftags&post=3591"}],"curies":[{"name":"wp","href":"https:\/\/api.w.org\/{rel}","templated":true}]}}