{"id":3628,"date":"2024-02-28T21:46:55","date_gmt":"2024-02-28T20:46:55","guid":{"rendered":"https:\/\/cas-jura.ch\/?p=3628"},"modified":"2024-02-29T20:52:43","modified_gmt":"2024-02-29T19:52:43","slug":"mongolie-la-vallee-des-ours-a-cinemajoie","status":"publish","type":"post","link":"https:\/\/cas-jura.ch\/?p=3628","title":{"rendered":"MONGOLIE, LA VALL\u00c9E DES OURS \u00e0 Cin\u00e9majoie !"},"content":{"rendered":"\n<p><\/p>\n\n\n\n<p>Le CAS JURA s\u2019invite au cin\u00e9ma !<\/p>\n\n\n\n<p><strong>Jeudi 14 mars \u00e0 20h00 \u00e0 Cin\u00e9majoie<\/strong> sera projet\u00e9 le film documentaire \u00ab <strong>Mongolie, la vall\u00e9e des ours<\/strong> \u00bb (90 minutes) r\u00e9alis\u00e9 par <strong>Hamid Sardar-Afkhami<\/strong>.<\/p>\n\n\n\n<p>Le film est projet\u00e9 dans le cadre d\u2019une collaboration avec le <strong>Festival international du film alpin des Diablerets<\/strong> (FIFAD). Pour marquer le coup, le directeur artistique <strong>Beno\u00eet Aymon<\/strong> ainsi que Mme Soviet Sautier, directrice administrative nous feront l\u2019honneur de leurs pr\u00e9sences, une rencontre \u00e0 ne pas manquer !<\/p>\n\n\n\n<p><strong>Le pitch <\/strong>: Le garde-chasse mongol Tumursukh est l\u2019un de ces personnages que l\u2019on n\u2019oublie jamais. Il est le h\u00e9ros de \u00ab Mongolie, la vall\u00e9e des ours \u00bb, un film de Hamid Sardar-Afkhami. En Mongolie, la gestion des loups n\u2019est pas vraiment un probl\u00e8me ; on y est habitu\u00e9 depuis si longtemps. La gestion des ours, c\u2019est une autre paire de manches. Le plantigrade est impr\u00e9visible et peut se montrer dangereux. Tumursukh est garde-faune. Pour lutter contre les nomades qui ont la kalachnikov facile, il a une id\u00e9e de g\u00e9nie : engager d\u2019anciens braconniers pour changer les mentalit\u00e9s des nomades. Pari gagn\u00e9 ? Un grand film d\u2019un grand cin\u00e9aste de la nature.<\/p>\n\n\n\n<p><strong>Possibilit\u00e9 de boire un verre avant et apr\u00e8s la s\u00e9ance !<\/strong><\/p>\n\n\n\n<div style=\"height:20px\" aria-hidden=\"true\" class=\"wp-block-spacer\"><\/div>\n\n\n\n<figure class=\"wp-block-embed aligncenter is-type-video is-provider-youtube wp-block-embed-youtube wp-embed-aspect-16-9 wp-has-aspect-ratio\"><div class=\"wp-block-embed__wrapper\">\n<iframe loading=\"lazy\" title=\"MONGOLIE, LA VALL\u00c9E DES OURS - Teaser | FAD 2023\" width=\"900\" height=\"506\" src=\"https:\/\/www.youtube.com\/embed\/67i2RWKEdWg?feature=oembed\" frameborder=\"0\" allow=\"accelerometer; autoplay; clipboard-write; encrypted-media; gyroscope; picture-in-picture; web-share\" allowfullscreen><\/iframe>\n<\/div><\/figure>\n\n\n\n<p class=\"has-text-align-center\">Prix : CHF 13.00 \/ Membres CAS (sur pr\u00e9sentation de la carte) CHF 10.00<\/p>\n\n\n\n<div style=\"height:20px\" aria-hidden=\"true\" class=\"wp-block-spacer\"><\/div>\n\n\n\n<figure class=\"wp-block-image aligncenter size-full is-resized\"><a href=\"https:\/\/cas-jura.ch\/wordpress\/wp-content\/uploads\/2024\/02\/MONGOLIEEVEN940.pdf\"><img loading=\"lazy\" decoding=\"async\" width=\"594\" height=\"841\" src=\"https:\/\/cas-jura.ch\/wordpress\/wp-content\/uploads\/2024\/02\/Capture.png\" alt=\"\" class=\"wp-image-3638\" style=\"width:330px;height:auto\" srcset=\"https:\/\/cas-jura.ch\/wordpress\/wp-content\/uploads\/2024\/02\/Capture.png 594w, https:\/\/cas-jura.ch\/wordpress\/wp-content\/uploads\/2024\/02\/Capture-212x300.png 212w\" sizes=\"auto, (max-width: 594px) 100vw, 594px\" \/><\/a><\/figure>\n\n\n\n<figure class=\"wp-block-image alignleft size-full is-resized\"><img loading=\"lazy\" decoding=\"async\" width=\"495\" height=\"330\" src=\"https:\/\/cas-jura.ch\/wordpress\/wp-content\/uploads\/2024\/02\/Capture-decran-3.png\" alt=\"\" class=\"wp-image-3632\" style=\"width:373px;height:auto\" srcset=\"https:\/\/cas-jura.ch\/wordpress\/wp-content\/uploads\/2024\/02\/Capture-decran-3.png 495w, https:\/\/cas-jura.ch\/wordpress\/wp-content\/uploads\/2024\/02\/Capture-decran-3-300x200.png 300w\" sizes=\"auto, (max-width: 495px) 100vw, 495px\" \/><\/figure>\n\n\n\n<figure class=\"wp-block-image alignright size-full is-resized\"><img loading=\"lazy\" decoding=\"async\" width=\"407\" height=\"271\" src=\"https:\/\/cas-jura.ch\/wordpress\/wp-content\/uploads\/2024\/02\/Capture-decran-4.png\" alt=\"\" class=\"wp-image-3633\" style=\"width:360px;height:auto\" srcset=\"https:\/\/cas-jura.ch\/wordpress\/wp-content\/uploads\/2024\/02\/Capture-decran-4.png 407w, https:\/\/cas-jura.ch\/wordpress\/wp-content\/uploads\/2024\/02\/Capture-decran-4-300x200.png 300w\" sizes=\"auto, (max-width: 407px) 100vw, 407px\" \/><\/figure>\n\n\n\n<figure class=\"wp-block-image aligncenter size-large is-resized\"><img loading=\"lazy\" decoding=\"async\" width=\"1024\" height=\"428\" src=\"https:\/\/cas-jura.ch\/wordpress\/wp-content\/uploads\/2022\/10\/Schweizer_Alpen-Club_logo-1024x428.png\" alt=\"\" class=\"wp-image-2346\" style=\"width:373px;height:auto\"\/><\/figure>\n","protected":false},"excerpt":{"rendered":"<p>Le CAS JURA s\u2019invite au cin\u00e9ma ! Jeudi 14 mars \u00e0 20h00 \u00e0 Cin\u00e9majoie sera projet\u00e9 le film documentaire \u00ab Mongolie, la vall\u00e9e des ours &#8230;<\/p>\n","protected":false},"author":975923,"featured_media":3629,"comment_status":"closed","ping_status":"closed","sticky":false,"template":"","format":"standard","meta":{"_jetpack_memberships_contains_paid_content":false,"footnotes":""},"categories":[1],"tags":[],"class_list":["post-3628","post","type-post","status-publish","format-standard","has-post-thumbnail","hentry","category-uncategorized"],"jetpack_featured_media_url":"https:\/\/cas-jura.ch\/wordpress\/wp-content\/uploads\/2024\/02\/Mongolie-la-vallee-des-ours_Hamid-Sardar-1.webp","jetpack_sharing_enabled":true,"_links":{"self":[{"href":"https:\/\/cas-jura.ch\/index.php?rest_route=\/wp\/v2\/posts\/3628","targetHints":{"allow":["GET"]}}],"collection":[{"href":"https:\/\/cas-jura.ch\/index.php?rest_route=\/wp\/v2\/posts"}],"about":[{"href":"https:\/\/cas-jura.ch\/index.php?rest_route=\/wp\/v2\/types\/post"}],"author":[{"embeddable":true,"href":"https:\/\/cas-jura.ch\/index.php?rest_route=\/wp\/v2\/users\/975923"}],"replies":[{"embeddable":true,"href":"https:\/\/cas-jura.ch\/index.php?rest_route=%2Fwp%2Fv2%2Fcomments&post=3628"}],"version-history":[{"count":14,"href":"https:\/\/cas-jura.ch\/index.php?rest_route=\/wp\/v2\/posts\/3628\/revisions"}],"predecessor-version":[{"id":3655,"href":"https:\/\/cas-jura.ch\/index.php?rest_route=\/wp\/v2\/posts\/3628\/revisions\/3655"}],"wp:featuredmedia":[{"embeddable":true,"href":"https:\/\/cas-jura.ch\/index.php?rest_route=\/wp\/v2\/media\/3629"}],"wp:attachment":[{"href":"https:\/\/cas-jura.ch\/index.php?rest_route=%2Fwp%2Fv2%2Fmedia&parent=3628"}],"wp:term":[{"taxonomy":"category","embeddable":true,"href":"https:\/\/cas-jura.ch\/index.php?rest_route=%2Fwp%2Fv2%2Fcategories&post=3628"},{"taxonomy":"post_tag","embeddable":true,"href":"https:\/\/cas-jura.ch\/index.php?rest_route=%2Fwp%2Fv2%2Ftags&post=3628"}],"curies":[{"name":"wp","href":"https:\/\/api.w.org\/{rel}","templated":true}]}}