{"id":3663,"date":"2024-03-20T12:12:50","date_gmt":"2024-03-20T11:12:50","guid":{"rendered":"https:\/\/cas-jura.ch\/?p=3663"},"modified":"2024-03-20T12:12:51","modified_gmt":"2024-03-20T11:12:51","slug":"sortie-du-16-17-mars-au-val-bedretto","status":"publish","type":"post","link":"https:\/\/cas-jura.ch\/?p=3663","title":{"rendered":"Sortie du 16-17 mars au Val Bedretto"},"content":{"rendered":"\n<div class=\"wp-block-columns is-layout-flex wp-container-core-columns-is-layout-9d6595d7 wp-block-columns-is-layout-flex\">\n<div class=\"wp-block-column is-layout-flow wp-block-column-is-layout-flow\" style=\"flex-basis:50%\">\n<div class=\"wp-block-group is-layout-constrained wp-block-group-is-layout-constrained\">\n<p class=\"has-text-align-left\">Participants : Karin Marquis, Val\u00e9rie et Pascal Cassecuelle, Antoine Schnetz, Christophe Mertz, Luca Marchand. Chef de course : Vladimir Wingate<\/p>\n\n\n\n<p class=\"has-text-align-left\">Nous nous sommes rendus au Tessin pour ce weekend de ski de randonn\u00e9e, la m\u00e9t\u00e9o y \u00e9tant plus favorable qu&rsquo;au nord des Alpes.<\/p>\n\n\n\n<p class=\"has-text-align-left\">L&rsquo;itin\u00e9raire risquait d&rsquo;\u00eatre bien parcouru, la Capanna Cristallina affichait compl\u00e8te. Nous avons donc pris la direction de la Capanna Basodino. Ce choix nous laissant plusieurs possibilit\u00e9s de course pour le dimanche.<\/p>\n\n\n\n<p class=\"has-text-align-left\">Le d\u00e9part de la course est \u00e0 All&rsquo; Aqua au fond du Val Bedretto.<\/p>\n\n\n\n<p class=\"has-text-align-left\">Le temps est couvert durant la matin\u00e9e, avec tout de m\u00eame une bonne visibilit\u00e9. Aux alentours de midi les nuages s&rsquo;\u00e9cartent et nous laissent admirer la splendeur des Alpes italiennes et tessinoises.<\/p>\n\n\n\n<p class=\"has-text-align-left\">Apr\u00e8s une petite incursion en Italie, nous passons \u00e0 nouveau la fronti\u00e8re \u00e0 la Bocchetta di Val Maggia, petit col culminant \u00e0 2634m.<br>La descente en direction de la cabane est assez p\u00e9nible dans la partie basse, avec une neige difficile \u00e0 skier.<\/p>\n\n\n\n<p class=\"has-text-align-left\">Les efforts du jour seront r\u00e9compens\u00e9s par le magnifique accueil \u00e0 la Capanna Basodino et un splendide repas : pain maison, plateau de charcuterie et fromages d&rsquo;alpage et les fameux pizzoccheri con verdure.<\/p>\n\n\n\n<p class=\"has-text-align-left\">Pour le lendemain, nous d\u00e9cidons de rejoindre le Val Bedretto \u00e0 Ossasco, un peu en aval de All&rsquo; Acqua, via la Capanna Cristallina.<\/p>\n\n\n\n<p class=\"has-text-align-left\">La m\u00e9t\u00e9o pr\u00e9voyait un temps couvert et la visibilit\u00e9 n&rsquo;\u00e9tait pas tr\u00e8s bonne le matin. Nous sommes remont\u00e9s le long de la rivi\u00e8re Bavona. Portages avec crampons et couteaux nous ont bien servis en raison des temp\u00e9ratures basses de la nuit. Apr\u00e8s un petit arr\u00eat \u00e0 la Capanna Cristallina, torta di frutta oblige, nous descendons le Val Torta (!) jusqu&rsquo;\u00e0 Ossasco, dans une belle poudreuse sur les hauteurs.<\/p>\n\n\n\n<p class=\"has-text-align-left\">Une bonne \u00e2me zurichoise nous \u00e9vita 1h30 d&rsquo;attente pour prendre le bus afin de r\u00e9cup\u00e9rer les voitures &#8230; que nous avons perdu dans les bouchons.<\/p>\n\n\n\n<p class=\"has-text-align-left\">Merci \u00e0 notre super chef de course, Vladimir, pour l&rsquo;organisation de ce magnifique weekend ainsi qu&rsquo;\u00e0 tous les participants pour la bonne ambiance.<\/p>\n\n\n\n<p class=\"has-text-align-left\"><br>Luca<\/p>\n<\/div>\n<\/div>\n\n\n\n<div class=\"wp-block-column is-layout-flow wp-block-column-is-layout-flow\" style=\"flex-basis:50%\">\n<div style=\"height:150px\" aria-hidden=\"true\" class=\"wp-block-spacer\"><\/div>\n\n\n\n<figure class=\"wp-block-image size-full\"><img loading=\"lazy\" decoding=\"async\" width=\"601\" height=\"587\" src=\"https:\/\/cas-jura.ch\/wordpress\/wp-content\/uploads\/2024\/03\/2024-03-20-11_53_21-Window.png\" alt=\"\" class=\"wp-image-3667\" srcset=\"https:\/\/cas-jura.ch\/wordpress\/wp-content\/uploads\/2024\/03\/2024-03-20-11_53_21-Window.png 601w, https:\/\/cas-jura.ch\/wordpress\/wp-content\/uploads\/2024\/03\/2024-03-20-11_53_21-Window-300x293.png 300w\" sizes=\"auto, (max-width: 601px) 100vw, 601px\" \/><\/figure>\n\n\n\n<div style=\"height:150px\" aria-hidden=\"true\" class=\"wp-block-spacer\"><\/div>\n\n\n\n<figure class=\"wp-block-image size-full is-resized\"><img loading=\"lazy\" decoding=\"async\" width=\"792\" height=\"594\" src=\"https:\/\/cas-jura.ch\/wordpress\/wp-content\/uploads\/2024\/03\/13336-a.jpg\" alt=\"\" class=\"wp-image-3668\" style=\"width:500px\" srcset=\"https:\/\/cas-jura.ch\/wordpress\/wp-content\/uploads\/2024\/03\/13336-a.jpg 792w, https:\/\/cas-jura.ch\/wordpress\/wp-content\/uploads\/2024\/03\/13336-a-300x225.jpg 300w, https:\/\/cas-jura.ch\/wordpress\/wp-content\/uploads\/2024\/03\/13336-a-768x576.jpg 768w\" sizes=\"auto, (max-width: 792px) 100vw, 792px\" \/><\/figure>\n\n\n\n<p class=\"has-text-align-center\">Capanna Basodino <\/p>\n\n\n\n<div style=\"height:140px\" aria-hidden=\"true\" class=\"wp-block-spacer\"><\/div>\n\n\n\n<figure class=\"wp-block-image size-full is-resized\"><img loading=\"lazy\" decoding=\"async\" width=\"792\" height=\"594\" src=\"https:\/\/cas-jura.ch\/wordpress\/wp-content\/uploads\/2024\/03\/13317_09.jpg\" alt=\"\" class=\"wp-image-3670\" style=\"width:500px\" srcset=\"https:\/\/cas-jura.ch\/wordpress\/wp-content\/uploads\/2024\/03\/13317_09.jpg 792w, https:\/\/cas-jura.ch\/wordpress\/wp-content\/uploads\/2024\/03\/13317_09-300x225.jpg 300w, https:\/\/cas-jura.ch\/wordpress\/wp-content\/uploads\/2024\/03\/13317_09-768x576.jpg 768w\" sizes=\"auto, (max-width: 792px) 100vw, 792px\" \/><\/figure>\n\n\n\n<p class=\"has-text-align-center\">Capanna Cristallina<\/p>\n<\/div>\n<\/div>\n","protected":false},"excerpt":{"rendered":"<p>Participants : Karin Marquis, Val\u00e9rie et Pascal Cassecuelle, Antoine Schnetz, Christophe Mertz, Luca Marchand. Chef de course : Vladimir Wingate Nous nous sommes rendus au &#8230;<\/p>\n","protected":false},"author":975923,"featured_media":3665,"comment_status":"closed","ping_status":"closed","sticky":false,"template":"","format":"standard","meta":{"_jetpack_memberships_contains_paid_content":false,"footnotes":""},"categories":[1],"tags":[],"class_list":["post-3663","post","type-post","status-publish","format-standard","has-post-thumbnail","hentry","category-uncategorized"],"jetpack_featured_media_url":"https:\/\/cas-jura.ch\/wordpress\/wp-content\/uploads\/2024\/03\/thumbnail_20240316_150725.jpg","jetpack_sharing_enabled":true,"_links":{"self":[{"href":"https:\/\/cas-jura.ch\/index.php?rest_route=\/wp\/v2\/posts\/3663","targetHints":{"allow":["GET"]}}],"collection":[{"href":"https:\/\/cas-jura.ch\/index.php?rest_route=\/wp\/v2\/posts"}],"about":[{"href":"https:\/\/cas-jura.ch\/index.php?rest_route=\/wp\/v2\/types\/post"}],"author":[{"embeddable":true,"href":"https:\/\/cas-jura.ch\/index.php?rest_route=\/wp\/v2\/users\/975923"}],"replies":[{"embeddable":true,"href":"https:\/\/cas-jura.ch\/index.php?rest_route=%2Fwp%2Fv2%2Fcomments&post=3663"}],"version-history":[{"count":10,"href":"https:\/\/cas-jura.ch\/index.php?rest_route=\/wp\/v2\/posts\/3663\/revisions"}],"predecessor-version":[{"id":3679,"href":"https:\/\/cas-jura.ch\/index.php?rest_route=\/wp\/v2\/posts\/3663\/revisions\/3679"}],"wp:featuredmedia":[{"embeddable":true,"href":"https:\/\/cas-jura.ch\/index.php?rest_route=\/wp\/v2\/media\/3665"}],"wp:attachment":[{"href":"https:\/\/cas-jura.ch\/index.php?rest_route=%2Fwp%2Fv2%2Fmedia&parent=3663"}],"wp:term":[{"taxonomy":"category","embeddable":true,"href":"https:\/\/cas-jura.ch\/index.php?rest_route=%2Fwp%2Fv2%2Fcategories&post=3663"},{"taxonomy":"post_tag","embeddable":true,"href":"https:\/\/cas-jura.ch\/index.php?rest_route=%2Fwp%2Fv2%2Ftags&post=3663"}],"curies":[{"name":"wp","href":"https:\/\/api.w.org\/{rel}","templated":true}]}}