{"id":3680,"date":"2024-03-24T20:29:31","date_gmt":"2024-03-24T19:29:31","guid":{"rendered":"https:\/\/cas-jura.ch\/?p=3680"},"modified":"2024-03-24T20:31:50","modified_gmt":"2024-03-24T19:31:50","slug":"randos-a-ski-de-crans-montana-du-1-3-mars","status":"publish","type":"post","link":"https:\/\/cas-jura.ch\/?p=3680","title":{"rendered":"Randos \u00e0 ski de Crans-Montana du 1-3 mars"},"content":{"rendered":"\n<p>Chef de course\u202f: Michel Stauffer&nbsp;<\/p>\n\n\n\n<p>Participant-e-s\u202f: Corinne, Karine, Val\u00e9rie, Nicole, Sophie, Gregory &nbsp;<br>Pascal, Tiziano,&nbsp;&nbsp;<\/p>\n\n\n\n<p>Le choix de la r\u00e9gion de Crans-Montana pour la rando peut para\u00eetre surprenant pour des skieurs-alpinistes habitu\u00e9s aux sorties du CAS. Certes, il existe une quinzaine de parcours balis\u00e9s de grande qualit\u00e9 qui vont du bleu au noir et qui sont bien fr\u00e9quent\u00e9s par les \u00ab\u202fcollant-pipette\u202f\u00bb ou les d\u00e9butants. N\u00e9anmoins, ce choix s\u2019est av\u00e9r\u00e9 judicieux avec les conditions m\u00e9t\u00e9os de cette fin d\u2019hiver. Dans une autre r\u00e9gion, par exemple dans les Alpes valaisannes, le danger d\u2019avalanche degr\u00e9 3 marqu\u00e9 de ce grand week-end nous aurait oblig\u00e9 \u00e0 renoncer. De plus, le fait de disposer de parcours balis\u00e9 est rassurant lorsque le brouillard emp\u00eache toute visibilit\u00e9 au-del\u00e0 de 20 m\u202f!&nbsp;<\/p>\n\n\n\n<p>L\u2019arriv\u00e9e \u00e0 la gare du funiculaire SMC rassemble tout le groupe, enthousiaste malgr\u00e9 la pluie. Nous accueillons des participants de la section CAS Jura et CAS Del\u00e9mont qui font rapidement connaissance et c\u2019est dans un excellent \u00e9tat d\u2019esprit et de curiosit\u00e9 qu\u2019ils se pr\u00e9parent \u00e0 d\u00e9couvrir la premi\u00e8re \u00e9tape.&nbsp;<br>&nbsp;<br><strong>1<\/strong><strong><sup>er <\/sup><\/strong><strong>jour\u202f: Aminona jusqu\u2019au Petit Mont Bonvin<\/strong>&nbsp;<\/p>\n\n\n\n<p>Il n\u2019y a pas de surprise et le premier kilom\u00e8tre s\u2019effectue \u00e0 pied en portage de ski. Pas trop grave car on distingue \u2013 difficilement \u2013 les premiers flocons de neige de la journ\u00e9e. Le d\u00e9part s\u2019effectue \u00e0 un bon rythme \u00e0 travers l\u2019Aprili qui sera r\u00e9compens\u00e9 par une halte-caf\u00e9 au Hameau de Colombyre. Heureusement que nous pouvons b\u00e9n\u00e9ficier d\u2019une trace car la neige fra\u00eeche est lourde. Seul l\u2019homme de t\u00eate comprendra\u202f! La reprise de la course ne d\u00e9marre pas dans les meilleures conditions m\u00e9t\u00e9os. Il faut rester group\u00e9s pour ne pas perdre un membre du groupe. L\u2019arriv\u00e9e au pied du Petit Mont Bonvin marque le signal de la r\u00e9flexion\u202f: poursuivre l\u2019objectif ou plan B.&nbsp;&nbsp;<\/p>\n\n\n\n<p>La d\u00e9cision est rapidement prise lorsqu\u2019il sonne 16 heures \u00e0 l\u2019horloge. Nous reviendrons demain car il faut compter encore une bonne heure pour atteindre la Cabane des Violettes. C\u2019est le moment d\u2019une descente, qui ravi tout le monde, et deux transitions que d\u00e9j\u00e0 il faut remonter le vallon des Taules pour atteindre la cabane vers 17h15. Dans ces conditions, chacun se r\u00e9joui de se r\u00e9tablir et prendre possession des chambres. Ce qui f\u00fbt bien facile car seul le CAS Jura occupait les lieux. Le moment de d\u00e9tente autour d\u2019une fondue a clos cette premi\u00e8re journ\u00e9e avant que tous retrouvent tr\u00e8s vite le chemin du repos nocturne.&nbsp;&nbsp;&nbsp;<\/p>\n\n\n\n<p><strong>2<sup>e<\/sup> jour\u202f: Cabane des Violettes jusqu\u2019au Petit Mont Bonvin par l\u2019Alpage de Colombyre-Pra Baron<\/strong>\u00a0<br>C\u2019est une journ\u00e9e magnifiquement ensoleill\u00e9e qui d\u00e9bute. Chacun se r\u00e9joui et enfin on peut sortir les appareils de photo et faire la traditionnelle le\u00e7on de g\u00e9ographie. En effet, de ce lieu, nous pouvons apercevoir les Alpes valaisannes du Dom des Mischabel jusqu\u2019au Mont Blanc en passant par le Weisshorn, le Cervin, la Dent Blanche, le Mont Blanc de Cheilon, et le Grand Combin, un v\u00e9ritable panorama. Toutefois, la bise pousse des nuages et des bancs de brouillard inqui\u00e9tant plonge les vallons dans l\u2019inconnu.\u00a0<\/p>\n\n\n\n<p>C\u2019est d\u00e9cid\u00e9, bien qu\u2019il soit pr\u00e9vu de faire le Col de la Roue et le Trubelstock, nous n\u2019irons pas l\u00e0 o\u00f9 le brouillard nous a pr\u00e9c\u00e9d\u00e9 dans les vallons mais reprendrons la mont\u00e9e au Petit Mont Bonvin. Une mont\u00e9e relativement ais\u00e9e \u00e0 travers les derniers m\u00e9l\u00e8zes nous am\u00e8ne au domaine de la Tza o\u00f9 nous b\u00e9n\u00e9ficions d\u2019une petite pause pour ensuite \u00ab\u202fgrimper\u202f\u00bb \u00e0 ski au Petit Mont Bonvin. L\u00e0-haut la bise nous accueille et nous apercevons le Trubelstock, le Wildstrubel et le Grossstrubel entourant la Plaine Morte. Les conditions pour y acc\u00e9der ne semblent pas id\u00e9ales car aucune trace de randonneurs n\u2019y conduit. C\u2019est le temps de se d\u00e9placer sur la Terrasse de la Vache Noire pendant que Gregory et Pascal effectuent une descente sur les flancs du Mont Bonvin. Apr\u00e8s le repas pique-nique, nous effectuons une belle descente jusqu\u2019\u00e0 Cabane de Bois. La transition effectu\u00e9e et nous remontons aux Violettes pour prendre un peu d\u2019altitude et ainsi pouvoir atteindre la c\u00e9l\u00e8bre piste Nationale. H\u00e9las, la neige difficile, transform\u00e9e, ne donne pas les meilleures sensations de ski. La plupart des participants pourront quand m\u00eame tester le \u00ab\u202ftobogan\u202f\u00bb &#8211; stade d\u2019arriv\u00e9e des courses de ski de Montana. De l\u00e0, le bus nous conduira \u00e0 l\u2019Auberge de Jeunesse \u2013 car la Cabane n\u2019\u00e9tait pas libre \u2013 pour un excellent repas et une deuxi\u00e8me nuit bien m\u00e9rit\u00e9e. Entredeux, notre pr\u00e9sence \u00e0 Crans-Montana valait bien la peine de d\u00e9guster l\u2019ap\u00e9ritif avec le Vin de l\u2019A, cave d\u2019Ollon-sur-Sierre et sur la Commune de Crans-Montana.\u00a0<\/p>\n\n\n\n<figure class=\"wp-block-image aligncenter size-large is-resized\"><img loading=\"lazy\" decoding=\"async\" width=\"768\" height=\"1024\" src=\"https:\/\/cas-jura.ch\/wordpress\/wp-content\/uploads\/2024\/03\/Lenvironnement-meteo-des-randos-de-Crans-Montana-768x1024.jpg\" alt=\"\" class=\"wp-image-3681\" style=\"width:419px;height:auto\" srcset=\"https:\/\/cas-jura.ch\/wordpress\/wp-content\/uploads\/2024\/03\/Lenvironnement-meteo-des-randos-de-Crans-Montana-768x1024.jpg 768w, https:\/\/cas-jura.ch\/wordpress\/wp-content\/uploads\/2024\/03\/Lenvironnement-meteo-des-randos-de-Crans-Montana-225x300.jpg 225w, https:\/\/cas-jura.ch\/wordpress\/wp-content\/uploads\/2024\/03\/Lenvironnement-meteo-des-randos-de-Crans-Montana-1152x1536.jpg 1152w, https:\/\/cas-jura.ch\/wordpress\/wp-content\/uploads\/2024\/03\/Lenvironnement-meteo-des-randos-de-Crans-Montana-900x1200.jpg 900w, https:\/\/cas-jura.ch\/wordpress\/wp-content\/uploads\/2024\/03\/Lenvironnement-meteo-des-randos-de-Crans-Montana.jpg 1200w\" sizes=\"auto, (max-width: 768px) 100vw, 768px\" \/><\/figure>\n\n\n\n<p><br>\u00a0<\/p>\n\n\n\n<p><strong>3<\/strong><strong><sup>e<\/sup><\/strong><strong> jour\u202f: Crans-Montana jusqu\u2019\u00e0 Bella-Lui&nbsp;<\/strong>&nbsp;<\/p>\n\n\n\n<p>Les pr\u00e9visions m\u00e9t\u00e9os du dimanche pour le parcours pr\u00e9vu \u00e0 Plaine Morte par le Vallon de la Ti\u00e8che \u00e9taient mauvaise. Une d\u00e9gradation annonc\u00e9e pour l\u2019apr\u00e8s-midi nous aurait mis dans une situation d\u00e9licate quant au foehn et aux avalanches. Le choix d\u2019une mont\u00e9e \u00e0 Bella-Lui (2543m) \u00e0 travers les p\u00e2turages de Corbyre et Chetzeron ne se discute pas. Les conditions d\u2019enneigement du d\u00e9part sont juste suffisantes mais la mont\u00e9e nous r\u00e9serve de belles surprises. Surtout l\u2019arriv\u00e9e \u00e0 Chetzeron o\u00f9 nous pouvons apercevoir, entredeux nuages, le Wildhorn, le Schniderhore et le Gletscherhore \u2013 nom d\u2019un c\u00e9l\u00e8bre fromage. Arriv\u00e9 \u00e0 l\u2019H\u00f4tel de Chetzeron, le groupe a pu savourer le caf\u00e9 et les croissants devant la chemin\u00e9e. Pour certains c\u2019\u00e9tait la premi\u00e8re fois qu\u2019ils faisaient une pause dans un cinq * lors d\u2019une rando du CAS. La m\u00e9t\u00e9o nous pousse \u00e0 l\u2019ext\u00e9rieur pour les deux derni\u00e8res heures de mont\u00e9e.&nbsp;<\/p>\n\n\n\n<p>Malgr\u00e9 le meilleur choix possible de la trace, nous \u00e9tions tr\u00e8s t\u00f4t expos\u00e9s au foehn qui renouvelait de force. Chacun d\u00fb lutter pour ne pas suffoquer et risquer de chuter. En position de bordure \u2013 chez les cyclistes \u2013 nous p\u00fbmes r\u00e9duire les effets. Les souvenirs de la th\u00e9orie des rouleaux propre aux ph\u00e9nom\u00e8nes du foehn se sont vite r\u00e9v\u00e9l\u00e9s.&nbsp;<\/p>\n\n\n\n<p>Dans ces conditions, l\u2019urgence nous conduit dans le premier abri qui n\u2019\u00e9tait autre que la station amont des t\u00e9l\u00e9cabines de Cry d\u2019Er o\u00f9 les cabines avaient \u00e9t\u00e9 d\u00e9croch\u00e9es pour causes de rafales \u00e0 plus de 90 km\/h. La transition \u00e9tait rapide et la redescente aussi pour retrouver le calme \u00e0 l\u2019heure du pique-nique. Les frayeurs sont ainsi vite oubli\u00e9es. Les discussions passent en revue les nombreux changements de temps et les sommets que nous n\u2019avons pas pu atteindre. Peu importe, chacun se dit tr\u00e8s satisfait des trois jours et surtout de la belle ambiance qui a r\u00e9gn\u00e9 dans le groupe. Bravo \u00e0 toutes et tous.&nbsp;&nbsp;<\/p>\n\n\n\n<p><em>Michel<\/em>&nbsp;<\/p>\n","protected":false},"excerpt":{"rendered":"<p>Chef de course\u202f: Michel Stauffer&nbsp; Participant-e-s\u202f: Corinne, Karine, Val\u00e9rie, Nicole, Sophie, Gregory &nbsp;Pascal, Tiziano,&nbsp;&nbsp; Le choix de la r\u00e9gion de Crans-Montana pour la rando peut &#8230;<\/p>\n","protected":false},"author":975923,"featured_media":3682,"comment_status":"closed","ping_status":"closed","sticky":false,"template":"","format":"standard","meta":{"_jetpack_memberships_contains_paid_content":false,"footnotes":""},"categories":[1],"tags":[],"class_list":["post-3680","post","type-post","status-publish","format-standard","has-post-thumbnail","hentry","category-uncategorized"],"jetpack_featured_media_url":"https:\/\/cas-jura.ch\/wordpress\/wp-content\/uploads\/2024\/03\/Un-bel-instant-de-soleil-pour-le-groupe-de-rando-a-Crans-Montana-e1711308701489.jpg","jetpack_sharing_enabled":true,"_links":{"self":[{"href":"https:\/\/cas-jura.ch\/index.php?rest_route=\/wp\/v2\/posts\/3680","targetHints":{"allow":["GET"]}}],"collection":[{"href":"https:\/\/cas-jura.ch\/index.php?rest_route=\/wp\/v2\/posts"}],"about":[{"href":"https:\/\/cas-jura.ch\/index.php?rest_route=\/wp\/v2\/types\/post"}],"author":[{"embeddable":true,"href":"https:\/\/cas-jura.ch\/index.php?rest_route=\/wp\/v2\/users\/975923"}],"replies":[{"embeddable":true,"href":"https:\/\/cas-jura.ch\/index.php?rest_route=%2Fwp%2Fv2%2Fcomments&post=3680"}],"version-history":[{"count":3,"href":"https:\/\/cas-jura.ch\/index.php?rest_route=\/wp\/v2\/posts\/3680\/revisions"}],"predecessor-version":[{"id":3685,"href":"https:\/\/cas-jura.ch\/index.php?rest_route=\/wp\/v2\/posts\/3680\/revisions\/3685"}],"wp:featuredmedia":[{"embeddable":true,"href":"https:\/\/cas-jura.ch\/index.php?rest_route=\/wp\/v2\/media\/3682"}],"wp:attachment":[{"href":"https:\/\/cas-jura.ch\/index.php?rest_route=%2Fwp%2Fv2%2Fmedia&parent=3680"}],"wp:term":[{"taxonomy":"category","embeddable":true,"href":"https:\/\/cas-jura.ch\/index.php?rest_route=%2Fwp%2Fv2%2Fcategories&post=3680"},{"taxonomy":"post_tag","embeddable":true,"href":"https:\/\/cas-jura.ch\/index.php?rest_route=%2Fwp%2Fv2%2Ftags&post=3680"}],"curies":[{"name":"wp","href":"https:\/\/api.w.org\/{rel}","templated":true}]}}