{"id":3689,"date":"2024-03-27T13:46:53","date_gmt":"2024-03-27T12:46:53","guid":{"rendered":"https:\/\/cas-jura.ch\/?p=3689"},"modified":"2024-03-27T13:46:55","modified_gmt":"2024-03-27T12:46:55","slug":"randonnee-a-ski-dans-le-sulztal-10-16-03-24","status":"publish","type":"post","link":"https:\/\/cas-jura.ch\/?p=3689","title":{"rendered":"Randonn\u00e9e \u00e0 ski dans le Sulztal 10-16.03.24"},"content":{"rendered":"\n<p>Participants: Bernard, Fran\u00e7ois, Dominique, Carlos, Steffi et Jean-Charles<\/p>\n\n\n\n<p>Le Sulztal est une vall\u00e9e collat\u00e9rale orientale de l\u2019Oetztal, en Autriche. Pourquoi sommes-nous partis une fois encore dans cette direction ? Simplement parce que nous y sommes accueillis avec une gentillesse particuli\u00e8re et que les prestations des cabanes y sont fantastiques. Nous avons s\u00e9journ\u00e9 \u00e0 la Ambergerh\u00fctte (2135 m) un endroit qui, par exemple, dispose d\u2019un local un pour s\u00e9cher habits et chaussures. Celles et ceux qui ont enfil\u00e9 plusieurs matins de suite des chaussons humides et froids appr\u00e9cieront.<\/p>\n\n\n\n<p>Au d\u00e9part cette ann\u00e9e, Carlos, fid\u00e8le parmi les fid\u00e8les de cette semaine de randonn\u00e9e, Bernard, nouvel arriv\u00e9 dans le groupe, Fran\u00e7ois et Jean-Charles, tout aussi fid\u00e8les que Carlos, et Steffi, la connaissance munichoise rencontr\u00e9e l\u2019an dernier dans le Safiental. Son partenaire habituel accident\u00e9, elle nous rejoint sur place et passe la semaine avec nous.<\/p>\n\n\n\n<p>Nous quittons Gries en d\u00e9but d\u2019apr\u00e8s-midi, dans les restes de la temp\u00eate de foehn qui a balay\u00e9 les Alpes depuis la veille. Grisaille, quelques flocons de neige et rafales de vents r\u00e9siduelles nous accompagnent le long du chemin qui m\u00eame \u00e0 la cabane. Logement dans une belle chambre \u00e0 6 lits, m\u00eame si l\u2019un d\u2019entre nous cherche encore l\u2019\u00e9tag\u00e8re sur laquelle il aurait pu poser ses affaires.<\/p>\n\n\n\n<p>Lundi matin, ciel bleu de bleu. De quoi doper l\u2019enthousiasme de la troupe. Nous partons plein sud vers le fond de vall\u00e9e puis bifurquons vers l\u2019est. Aux environs de 3000 m, nous atteignons le Schwarzenberferner, peu recouvert de neige. Sa travers\u00e9e vers le nord-est s\u2019effectue sans difficult\u00e9 et nous attaquons les flancs du Schweizerkogl (\u00e7a ne s\u2019invente pas) (3299 m). Il faut sortir les couteaux pour atteindre le sommet o\u00f9 nous b\u00e9n\u00e9ficions d\u2019une vue magnifique \u00e0 360\u00b0. La deuxi\u00e8me partie de la descente s\u2019effectue dans une neige compact\u00e9e par le vent du week-end et met copieusement les cuisses \u00e0 contribution.<\/p>\n\n\n\n<figure class=\"wp-block-image size-large\"><img loading=\"lazy\" decoding=\"async\" width=\"1024\" height=\"768\" src=\"https:\/\/cas-jura.ch\/wordpress\/wp-content\/uploads\/2024\/03\/Schwarzenferner-et-Alpeinerferner-vue-du-Scheizerkogl-1024x768.jpeg\" alt=\"\" class=\"wp-image-3699\" srcset=\"https:\/\/cas-jura.ch\/wordpress\/wp-content\/uploads\/2024\/03\/Schwarzenferner-et-Alpeinerferner-vue-du-Scheizerkogl-1024x768.jpeg 1024w, https:\/\/cas-jura.ch\/wordpress\/wp-content\/uploads\/2024\/03\/Schwarzenferner-et-Alpeinerferner-vue-du-Scheizerkogl-300x225.jpeg 300w, https:\/\/cas-jura.ch\/wordpress\/wp-content\/uploads\/2024\/03\/Schwarzenferner-et-Alpeinerferner-vue-du-Scheizerkogl-768x576.jpeg 768w, https:\/\/cas-jura.ch\/wordpress\/wp-content\/uploads\/2024\/03\/Schwarzenferner-et-Alpeinerferner-vue-du-Scheizerkogl-1536x1152.jpeg 1536w, https:\/\/cas-jura.ch\/wordpress\/wp-content\/uploads\/2024\/03\/Schwarzenferner-et-Alpeinerferner-vue-du-Scheizerkogl-1800x1350.jpeg 1800w, https:\/\/cas-jura.ch\/wordpress\/wp-content\/uploads\/2024\/03\/Schwarzenferner-et-Alpeinerferner-vue-du-Scheizerkogl.jpeg 2048w\" sizes=\"auto, (max-width: 1024px) 100vw, 1024px\" \/><figcaption class=\"wp-element-caption\">Schwarzenferner et Alpeinerferner vue du Scheizerkogl<\/figcaption><\/figure>\n\n\n\n<p>Apr\u00e8s l\u2019effort, le r\u00e9confort. Comme chaque soir, le repas se compose d\u2019une soupe, d\u2019un buffet de salades, d\u2019un choix entre plat de viande\/poisson ou v\u00e9g\u00e9tarien, spaghetti \u00e0 la sauce tomate ou bolognaise et d\u2019un dessert ! Apr\u00e8s une bonne nuit de sommeil, le petit d\u00e9jeuner est tout aussi vari\u00e9 et g\u00e9n\u00e9reux.<\/p>\n\n\n\n<p>Mais ce mardi commence dans la grisaille, pas assez cependant pour entacher notre enthousiasme. Nous voil\u00e0 partis pour le Kuhscheibenspitz (387 m). Un faux-plat, une belle pente orient\u00e9e ouest dont la neige gel\u00e9e n\u00e9cessite chausser les couteaux puis une longue courbe ascendante qui s\u2019incline vers le sud. La vue n\u2019est pas extraordinaire, mais la neige est bonne. Nous sommes accueillis par un vent soutenu au collet o\u00f9 s\u2019initie l\u2019ar\u00eate sommitale. Personne n\u2019a vraiment envie de faire les derniers m\u00e8tres dans ces bourrasques. Nous redescendons donc de quelques m\u00e8tres pour nous mettre \u00e0 l\u2019abri, retirons les peaux des skis avant de profiter d\u2019une neige l\u00e9g\u00e8re sur le chemin du retour.<\/p>\n\n\n\n<p>Retour du ciel d\u00e9gag\u00e9 mercredi apr\u00e8s la dissipation de brumes matinales, mais un fond de vent du nord bien pr\u00e9sent nous rappelle que nous sommes encore bien en hiver. Direction plein sud dans la plaine alluviale avant de franchir un goulet qui ouvre sur un large cirque glaciaire. Juste avant le Sulztalferner, nous bifurquons \u00e0 gauche et entamons une mont\u00e9e tr\u00e8s \u00e9l\u00e9gante en nous faufilant dans un \u00e9l\u00e9gant vallon ascendant. Les rafales stoppent une fois encore les enthousiasmes \u00e0 proximit\u00e9 de la croix sommitale de l\u2019Hinterer Daunkopf (3225m).<\/p>\n\n\n\n<figure class=\"wp-block-image size-large\"><img loading=\"lazy\" decoding=\"async\" width=\"1024\" height=\"768\" src=\"https:\/\/cas-jura.ch\/wordpress\/wp-content\/uploads\/2024\/03\/Les-nuages-jouent-a-modifier-la-forme-du-soleil-sous-lHinterer-Daunkopf-1024x768.jpeg\" alt=\"\" class=\"wp-image-3693\" srcset=\"https:\/\/cas-jura.ch\/wordpress\/wp-content\/uploads\/2024\/03\/Les-nuages-jouent-a-modifier-la-forme-du-soleil-sous-lHinterer-Daunkopf-1024x768.jpeg 1024w, https:\/\/cas-jura.ch\/wordpress\/wp-content\/uploads\/2024\/03\/Les-nuages-jouent-a-modifier-la-forme-du-soleil-sous-lHinterer-Daunkopf-300x225.jpeg 300w, https:\/\/cas-jura.ch\/wordpress\/wp-content\/uploads\/2024\/03\/Les-nuages-jouent-a-modifier-la-forme-du-soleil-sous-lHinterer-Daunkopf-768x576.jpeg 768w, https:\/\/cas-jura.ch\/wordpress\/wp-content\/uploads\/2024\/03\/Les-nuages-jouent-a-modifier-la-forme-du-soleil-sous-lHinterer-Daunkopf-1536x1152.jpeg 1536w, https:\/\/cas-jura.ch\/wordpress\/wp-content\/uploads\/2024\/03\/Les-nuages-jouent-a-modifier-la-forme-du-soleil-sous-lHinterer-Daunkopf-1800x1350.jpeg 1800w, https:\/\/cas-jura.ch\/wordpress\/wp-content\/uploads\/2024\/03\/Les-nuages-jouent-a-modifier-la-forme-du-soleil-sous-lHinterer-Daunkopf.jpeg 2048w\" sizes=\"auto, (max-width: 1024px) 100vw, 1024px\" \/><figcaption class=\"wp-element-caption\">Les nuages jouent \u00e0 modifier la forme du soleil sous l&rsquo;Hinterer Daunkopf<\/figcaption><\/figure>\n\n\n\n<p> Tout le monde fait le dos rond au vent, regarde une cord\u00e9e qui a pris l\u2019option sommet, tout en se pr\u00e9parant \u00e0 redescendre d\u2019un cran en des lieux plus sereins. Et c\u2019est parti pour une descente dans la poudre et dans une neige qui attendait que l\u2019on y imprime les premi\u00e8res traces de godille.<\/p>\n\n\n\n<p>Ciel immacul\u00e9 au r\u00e9veil jeudi matin. Nous refaisons la premi\u00e8re partie du chemin emprunt\u00e9 la veille mais restons cette fois sur la rive gauche de la vall\u00e9e. Il a un peu neig\u00e9 au cours de la nuit. Nous sommes bien contents que des militaires se soient mis en route un peu avant nous dans la m\u00eame direction. Ils font la trace \u2026 puis une pause et me lancent au moment o\u00f9 nous les d\u00e9passons : \u00ab Chacun son tour \u00bb. Ce que je fais avec plaisir car, s\u2019il y en a une bonne couche, elle reste toute l\u00e9g\u00e8re. Nous remontons ainsi jusqu\u2019\u00e0 la W\u00fctenkarsattel (3103 m). En face de nous appara\u00eet alors la magnifique Hochstubaih\u00fctte, nich\u00e9e sur un \u00e9peron rocheux \u00e0 3073 m. La neige ne s\u2019est pas transform\u00e9e quand nous prenons le chemin du retour. Il suffit de tourner la t\u00eate pour que les skis entament le virage. Quel plaisir !<\/p>\n\n\n\n<p>Vendredi, dernier jour, d\u00e9j\u00e0. Encore un soleil sans voile dans le ciel et, \u00e0 nouveau, quelques centim\u00e8tres de fra\u00eeche tomb\u00e9e pendant la nuit. C\u2019est parti pour la Murkarspitze (3148 m). Pas de vraies difficult\u00e9s techniques en route, jusqu\u2019au contrefort de la mont\u00e9e finale. Une pente plein sud, \u00e0 35\u00b0 au moins. Compte tenu de la temp\u00e9rature relativement \u00e9lev\u00e9e (proche de 0\u00b0 \u00e0 2800 m), nous renon\u00e7ons et obliquons vers l\u2019Atterkarj\u00f6chle (2970 m), expos\u00e9 \u00e0 l\u2019est. Nous ne passerons pas la cote 3000 aujourd\u2019hui, mais la s\u00e9curit\u00e9 prime. La mont\u00e9e finale s\u2019av\u00e8re sportive avec des conversions dans une pente \u00e0 pr\u00e8s de 40\u00b0 et 50-60 centim\u00e8tres de neige poudreuse. Ensuite, la descente via un vallon bien abrit\u00e9 tient toutes ses promesses.<\/p>\n\n\n\n<figure class=\"wp-block-image size-large\"><img loading=\"lazy\" decoding=\"async\" width=\"1024\" height=\"768\" src=\"https:\/\/cas-jura.ch\/wordpress\/wp-content\/uploads\/2024\/03\/De-la-poudreuse-a-gog-sous-lAtterkarjochle-1024x768.jpeg\" alt=\"\" class=\"wp-image-3692\" srcset=\"https:\/\/cas-jura.ch\/wordpress\/wp-content\/uploads\/2024\/03\/De-la-poudreuse-a-gog-sous-lAtterkarjochle-1024x768.jpeg 1024w, https:\/\/cas-jura.ch\/wordpress\/wp-content\/uploads\/2024\/03\/De-la-poudreuse-a-gog-sous-lAtterkarjochle-300x225.jpeg 300w, https:\/\/cas-jura.ch\/wordpress\/wp-content\/uploads\/2024\/03\/De-la-poudreuse-a-gog-sous-lAtterkarjochle-768x576.jpeg 768w, https:\/\/cas-jura.ch\/wordpress\/wp-content\/uploads\/2024\/03\/De-la-poudreuse-a-gog-sous-lAtterkarjochle-1536x1152.jpeg 1536w, https:\/\/cas-jura.ch\/wordpress\/wp-content\/uploads\/2024\/03\/De-la-poudreuse-a-gog-sous-lAtterkarjochle-1800x1350.jpeg 1800w, https:\/\/cas-jura.ch\/wordpress\/wp-content\/uploads\/2024\/03\/De-la-poudreuse-a-gog-sous-lAtterkarjochle.jpeg 2048w\" sizes=\"auto, (max-width: 1024px) 100vw, 1024px\" \/><figcaption class=\"wp-element-caption\">De la poudreuse \u00e0 gogo sous l&rsquo;Atterkarj\u00f6chle<\/figcaption><\/figure>\n\n\n\n<p>Un au revoir sur la terrasse de la cabane et Steffi nous quitte pour regagner Munich. Nous, nous profitons de la fin de la journ\u00e9e et, une derni\u00e8re fois, du jeu de cartes qui est mont\u00e9 avec nous \u00e0 la Ambergerh\u00fctte.<\/p>\n\n\n\n<p>Samedi, retour vers la plaine et l\u2019ouest, pleins de souvenirs de neige et de montagne. En attendant le prochain d\u00e9part.<\/p>\n\n\n\n<p>Dominique Monnin<\/p>\n\n\n\n<figure class=\"wp-block-image size-large\"><img loading=\"lazy\" decoding=\"async\" width=\"1024\" height=\"768\" src=\"https:\/\/cas-jura.ch\/wordpress\/wp-content\/uploads\/2024\/03\/De-g-a-dr-Bernard-Francois-Dominique-Carlos-Steffi-et-Jean-Charles-1-1024x768.jpeg\" alt=\"\" class=\"wp-image-3701\" srcset=\"https:\/\/cas-jura.ch\/wordpress\/wp-content\/uploads\/2024\/03\/De-g-a-dr-Bernard-Francois-Dominique-Carlos-Steffi-et-Jean-Charles-1-1024x768.jpeg 1024w, https:\/\/cas-jura.ch\/wordpress\/wp-content\/uploads\/2024\/03\/De-g-a-dr-Bernard-Francois-Dominique-Carlos-Steffi-et-Jean-Charles-1-300x225.jpeg 300w, https:\/\/cas-jura.ch\/wordpress\/wp-content\/uploads\/2024\/03\/De-g-a-dr-Bernard-Francois-Dominique-Carlos-Steffi-et-Jean-Charles-1-768x576.jpeg 768w, https:\/\/cas-jura.ch\/wordpress\/wp-content\/uploads\/2024\/03\/De-g-a-dr-Bernard-Francois-Dominique-Carlos-Steffi-et-Jean-Charles-1-1536x1152.jpeg 1536w, https:\/\/cas-jura.ch\/wordpress\/wp-content\/uploads\/2024\/03\/De-g-a-dr-Bernard-Francois-Dominique-Carlos-Steffi-et-Jean-Charles-1-2048x1536.jpeg 2048w, https:\/\/cas-jura.ch\/wordpress\/wp-content\/uploads\/2024\/03\/De-g-a-dr-Bernard-Francois-Dominique-Carlos-Steffi-et-Jean-Charles-1-1800x1350.jpeg 1800w\" sizes=\"auto, (max-width: 1024px) 100vw, 1024px\" \/><figcaption class=\"wp-element-caption\">De gauche \u00e0 droite Bernard, Fran\u00e7ois, Dominique, Carlos, Steffi et Jean-Charles<\/figcaption><\/figure>\n","protected":false},"excerpt":{"rendered":"<p>Participants: Bernard, Fran\u00e7ois, Dominique, Carlos, Steffi et Jean-Charles Le Sulztal est une vall\u00e9e collat\u00e9rale orientale de l\u2019Oetztal, en Autriche. Pourquoi sommes-nous partis une fois encore &#8230;<\/p>\n","protected":false},"author":975923,"featured_media":3691,"comment_status":"closed","ping_status":"closed","sticky":false,"template":"","format":"standard","meta":{"_jetpack_memberships_contains_paid_content":false,"footnotes":""},"categories":[1],"tags":[],"class_list":["post-3689","post","type-post","status-publish","format-standard","has-post-thumbnail","hentry","category-uncategorized"],"jetpack_featured_media_url":"https:\/\/cas-jura.ch\/wordpress\/wp-content\/uploads\/2024\/03\/De-g-a-dr-Bernard-Francois-Dominique-Carlos-Steffi-et-Jean-Charles-e1711537211576.jpeg","jetpack_sharing_enabled":true,"_links":{"self":[{"href":"https:\/\/cas-jura.ch\/index.php?rest_route=\/wp\/v2\/posts\/3689","targetHints":{"allow":["GET"]}}],"collection":[{"href":"https:\/\/cas-jura.ch\/index.php?rest_route=\/wp\/v2\/posts"}],"about":[{"href":"https:\/\/cas-jura.ch\/index.php?rest_route=\/wp\/v2\/types\/post"}],"author":[{"embeddable":true,"href":"https:\/\/cas-jura.ch\/index.php?rest_route=\/wp\/v2\/users\/975923"}],"replies":[{"embeddable":true,"href":"https:\/\/cas-jura.ch\/index.php?rest_route=%2Fwp%2Fv2%2Fcomments&post=3689"}],"version-history":[{"count":4,"href":"https:\/\/cas-jura.ch\/index.php?rest_route=\/wp\/v2\/posts\/3689\/revisions"}],"predecessor-version":[{"id":3703,"href":"https:\/\/cas-jura.ch\/index.php?rest_route=\/wp\/v2\/posts\/3689\/revisions\/3703"}],"wp:featuredmedia":[{"embeddable":true,"href":"https:\/\/cas-jura.ch\/index.php?rest_route=\/wp\/v2\/media\/3691"}],"wp:attachment":[{"href":"https:\/\/cas-jura.ch\/index.php?rest_route=%2Fwp%2Fv2%2Fmedia&parent=3689"}],"wp:term":[{"taxonomy":"category","embeddable":true,"href":"https:\/\/cas-jura.ch\/index.php?rest_route=%2Fwp%2Fv2%2Fcategories&post=3689"},{"taxonomy":"post_tag","embeddable":true,"href":"https:\/\/cas-jura.ch\/index.php?rest_route=%2Fwp%2Fv2%2Ftags&post=3689"}],"curies":[{"name":"wp","href":"https:\/\/api.w.org\/{rel}","templated":true}]}}