{"id":3814,"date":"2024-09-14T13:59:13","date_gmt":"2024-09-14T11:59:13","guid":{"rendered":"https:\/\/cas-jura.ch\/?p=3814"},"modified":"2024-09-15T21:13:51","modified_gmt":"2024-09-15T19:13:51","slug":"lotschenpasshutte-24-25-08-2024","status":"publish","type":"post","link":"https:\/\/cas-jura.ch\/?p=3814","title":{"rendered":"L\u00f6tschenpassh\u00fctte 24-25.08.2024"},"content":{"rendered":"\n<p><strong>Cheffe de course<\/strong>\u00a0: Corinne Allimann<br><strong>Participants<\/strong>\u00a0: Nicole Sp\u00f6rri, Sabine Rais, C\u00e9dric Gigon, Tiziano Scolari,Regula Divorne (CAS Montreux), Olivier Montavon (CAS Del\u00e9mont)<\/p>\n\n\n\n<p>Quelle belle sortie\u00a0!<br>Grace \u00e0 qui\u2026.\u00a0??<br>Grace \u00e0 Corinne\u00a0!\u00a0<\/p>\n\n\n\n<p><br>C\u2019est samedi 24 ao\u00fbt, que, Corinne, Nicole et Tiziano se retrouvent \u00e0 la gare de Del\u00e9mont pour prendre le train direction Kandersteg, Talstation Sunnb\u00fchl. Dans le train ils retrouvent Sabine et C\u00e9dric et plus tard, \u00e0 Kandersteg, Regula et Olivier nous rejoignent pour le dernier bout de trajet en bus bond\u00e9 o\u00f9 nous avons, avec un peu de chance, trouv\u00e9 les derni\u00e8res places encore disponibles.\u00a0<br>Nous entamons la randonn\u00e9e par la mont\u00e9e des gorges de la rivi\u00e8re Kander pour arriver sur le plateau du Gastereholz. Apr\u00e8s une premi\u00e8re pause vers le magnifique Waldhus nous poursuivons au bord du fleuve Kander et nous nous enfon\u00e7ons dans le superbe Gasteretal jusqu\u2019\u00e0 Bletscheweidli o\u00f9 nous bifurquons direction Anderwasser.<\/p>\n\n\n\n<div style=\"height:10px\" aria-hidden=\"true\" class=\"wp-block-spacer\"><\/div>\n\n\n\n<figure class=\"wp-block-image size-large\"><img loading=\"lazy\" decoding=\"async\" width=\"1024\" height=\"768\" src=\"https:\/\/cas-jura.ch\/wordpress\/wp-content\/uploads\/2024\/09\/Photo-Rapport-no2-1-1024x768.jpg\" alt=\"\" class=\"wp-image-3815\" srcset=\"https:\/\/cas-jura.ch\/wordpress\/wp-content\/uploads\/2024\/09\/Photo-Rapport-no2-1-1024x768.jpg 1024w, https:\/\/cas-jura.ch\/wordpress\/wp-content\/uploads\/2024\/09\/Photo-Rapport-no2-1-300x225.jpg 300w, https:\/\/cas-jura.ch\/wordpress\/wp-content\/uploads\/2024\/09\/Photo-Rapport-no2-1-768x576.jpg 768w, https:\/\/cas-jura.ch\/wordpress\/wp-content\/uploads\/2024\/09\/Photo-Rapport-no2-1-1536x1152.jpg 1536w, https:\/\/cas-jura.ch\/wordpress\/wp-content\/uploads\/2024\/09\/Photo-Rapport-no2-1.jpg 1600w\" sizes=\"auto, (max-width: 1024px) 100vw, 1024px\" \/><\/figure>\n\n\n\n<div style=\"height:10px\" aria-hidden=\"true\" class=\"wp-block-spacer\"><\/div>\n\n\n\n<div class=\"wp-block-columns is-layout-flex wp-container-core-columns-is-layout-9d6595d7 wp-block-columns-is-layout-flex\">\n<div class=\"wp-block-column is-layout-flow wp-block-column-is-layout-flow\">\n<p>Nous attaquons ensuite la mont\u00e9e vers le L\u00f6tschegletscher o\u00f9 une pause bien m\u00e9rit\u00e9e nous permet d\u2019une part de d\u00e9vorer notre pique-nique et d\u2019autre part de profiter d\u2019un nouveau panorama \u00e0 couper le souffle.<br>La suite du parcours se r\u00e9v\u00e8le spectaculaire ; travers\u00e9e des restes du glacier sur neige et caillasse suivie d\u2019une derni\u00e8re mont\u00e9e entre les rochers pour atteindre enfin, apr\u00e8s 1594 m de d\u00e9nivel\u00e9 positif et 6 heures de marche, la L\u00f6tschenpassh\u00fctte du CAS.<br>Une premi\u00e8re bi\u00e8re grandement m\u00e9rit\u00e9e nous permet, en plus de nous d\u00e9salt\u00e9rer, de passer un bon moment d\u2019\u00e9changes entre amis de la montagne.<br>Le souper et la soir\u00e9e en cabane nous permet de consolider encore d\u2019avantage les liens entre nous tous.<br>Apr\u00e8s une bonne nuit paisible nous nous r\u00e9veillons dans le brouillard et la pluie. Nous profitons de prendre notre petit d\u00e9jeuner tranquillement en attendant une m\u00e9t\u00e9o plus cl\u00e9mente.<br>\u00c0 8h30 Corinne r\u00e9ussi \u00e0 nous motiver \u00e0 partir et nous commen\u00e7ons donc notre descente sous la pluie qui nous accompagnera pendant la premi\u00e8re demi-heure avant que la m\u00e9t\u00e9o se mette tout doucement au beau nous d\u00e9voilant le magnifique L\u00f6tschental.<br>Bouquetins d\u2019abord, vaches et moutons ensuite et enfin des marmottes ont \u00e9t\u00e9 des superbes rencontres le long du trajet de retour.<br>Nous arrivons \u00e0 Fafleralp juste \u00e0 temps pour boire un verre sur la magnifique terrasse de l\u2019h\u00f4tel Fafleralp et prendre le bus pour le voyage de retour.<\/p>\n<\/div>\n\n\n\n<div class=\"wp-block-column is-layout-flow wp-block-column-is-layout-flow\">\n<div style=\"height:200px\" aria-hidden=\"true\" class=\"wp-block-spacer\"><\/div>\n\n\n\n<figure class=\"wp-block-image size-large is-resized\"><img loading=\"lazy\" decoding=\"async\" width=\"768\" height=\"1024\" src=\"https:\/\/cas-jura.ch\/wordpress\/wp-content\/uploads\/2024\/09\/Photo-Rapport-no3-1-768x1024.jpg\" alt=\"\" class=\"wp-image-3817\" style=\"width:435px;height:auto\" srcset=\"https:\/\/cas-jura.ch\/wordpress\/wp-content\/uploads\/2024\/09\/Photo-Rapport-no3-1-768x1024.jpg 768w, https:\/\/cas-jura.ch\/wordpress\/wp-content\/uploads\/2024\/09\/Photo-Rapport-no3-1-225x300.jpg 225w, https:\/\/cas-jura.ch\/wordpress\/wp-content\/uploads\/2024\/09\/Photo-Rapport-no3-1-1152x1536.jpg 1152w, https:\/\/cas-jura.ch\/wordpress\/wp-content\/uploads\/2024\/09\/Photo-Rapport-no3-1-1536x2048.jpg 1536w, https:\/\/cas-jura.ch\/wordpress\/wp-content\/uploads\/2024\/09\/Photo-Rapport-no3-1-1800x2400.jpg 1800w, https:\/\/cas-jura.ch\/wordpress\/wp-content\/uploads\/2024\/09\/Photo-Rapport-no3-1-900x1200.jpg 900w, https:\/\/cas-jura.ch\/wordpress\/wp-content\/uploads\/2024\/09\/Photo-Rapport-no3-1-scaled.jpg 1920w\" sizes=\"auto, (max-width: 768px) 100vw, 768px\" \/><\/figure>\n<\/div>\n<\/div>\n\n\n\n<p> <\/p>\n\n\n\n<figure class=\"wp-block-image size-large\"><img loading=\"lazy\" decoding=\"async\" width=\"1024\" height=\"768\" src=\"https:\/\/cas-jura.ch\/wordpress\/wp-content\/uploads\/2024\/09\/Photo-Rapport-no1-1-1024x768.jpg\" alt=\"\" class=\"wp-image-3816\" srcset=\"https:\/\/cas-jura.ch\/wordpress\/wp-content\/uploads\/2024\/09\/Photo-Rapport-no1-1-1024x768.jpg 1024w, https:\/\/cas-jura.ch\/wordpress\/wp-content\/uploads\/2024\/09\/Photo-Rapport-no1-1-300x225.jpg 300w, https:\/\/cas-jura.ch\/wordpress\/wp-content\/uploads\/2024\/09\/Photo-Rapport-no1-1-768x576.jpg 768w, https:\/\/cas-jura.ch\/wordpress\/wp-content\/uploads\/2024\/09\/Photo-Rapport-no1-1-1536x1152.jpg 1536w, https:\/\/cas-jura.ch\/wordpress\/wp-content\/uploads\/2024\/09\/Photo-Rapport-no1-1-2048x1536.jpg 2048w, https:\/\/cas-jura.ch\/wordpress\/wp-content\/uploads\/2024\/09\/Photo-Rapport-no1-1-1800x1350.jpg 1800w\" sizes=\"auto, (max-width: 1024px) 100vw, 1024px\" \/><\/figure>\n\n\n\n<p><br>A Goppenstein nous saluons Regula qui continue le voyage direction le canton de Vaud. Quant \u00e0 nous, nous poursuivons le notre en direction Kandersteg, Bern, Bienne, Del\u00e9mont, Porrentruy.<br>Un grand merci \u00e0 Corinne pour ce superbe week-end dans des endroits et avec des personnes magnifiques.<br>Merci \u00e9galement pour la parfaite organisation.<br>On se r\u00e9jouit d\u2019ores et d\u00e9j\u00e0 pour la prochaine sortie\u00a0!<br>Tiziano Scolari<\/p>\n","protected":false},"excerpt":{"rendered":"<p>Cheffe de course\u00a0: Corinne AllimannParticipants\u00a0: Nicole Sp\u00f6rri, Sabine Rais, C\u00e9dric Gigon, Tiziano Scolari,Regula Divorne (CAS Montreux), Olivier Montavon (CAS Del\u00e9mont) Quelle belle sortie\u00a0!Grace \u00e0 qui\u2026.\u00a0??Grace &#8230;<\/p>\n","protected":false},"author":975923,"featured_media":3816,"comment_status":"closed","ping_status":"closed","sticky":false,"template":"","format":"standard","meta":{"_jetpack_memberships_contains_paid_content":false,"footnotes":""},"categories":[1],"tags":[],"class_list":["post-3814","post","type-post","status-publish","format-standard","has-post-thumbnail","hentry","category-uncategorized"],"jetpack_featured_media_url":"https:\/\/cas-jura.ch\/wordpress\/wp-content\/uploads\/2024\/09\/Photo-Rapport-no1-1-scaled.jpg","jetpack_sharing_enabled":true,"_links":{"self":[{"href":"https:\/\/cas-jura.ch\/index.php?rest_route=\/wp\/v2\/posts\/3814","targetHints":{"allow":["GET"]}}],"collection":[{"href":"https:\/\/cas-jura.ch\/index.php?rest_route=\/wp\/v2\/posts"}],"about":[{"href":"https:\/\/cas-jura.ch\/index.php?rest_route=\/wp\/v2\/types\/post"}],"author":[{"embeddable":true,"href":"https:\/\/cas-jura.ch\/index.php?rest_route=\/wp\/v2\/users\/975923"}],"replies":[{"embeddable":true,"href":"https:\/\/cas-jura.ch\/index.php?rest_route=%2Fwp%2Fv2%2Fcomments&post=3814"}],"version-history":[{"count":3,"href":"https:\/\/cas-jura.ch\/index.php?rest_route=\/wp\/v2\/posts\/3814\/revisions"}],"predecessor-version":[{"id":3820,"href":"https:\/\/cas-jura.ch\/index.php?rest_route=\/wp\/v2\/posts\/3814\/revisions\/3820"}],"wp:featuredmedia":[{"embeddable":true,"href":"https:\/\/cas-jura.ch\/index.php?rest_route=\/wp\/v2\/media\/3816"}],"wp:attachment":[{"href":"https:\/\/cas-jura.ch\/index.php?rest_route=%2Fwp%2Fv2%2Fmedia&parent=3814"}],"wp:term":[{"taxonomy":"category","embeddable":true,"href":"https:\/\/cas-jura.ch\/index.php?rest_route=%2Fwp%2Fv2%2Fcategories&post=3814"},{"taxonomy":"post_tag","embeddable":true,"href":"https:\/\/cas-jura.ch\/index.php?rest_route=%2Fwp%2Fv2%2Ftags&post=3814"}],"curies":[{"name":"wp","href":"https:\/\/api.w.org\/{rel}","templated":true}]}}