{"id":3872,"date":"2024-10-07T09:33:11","date_gmt":"2024-10-07T07:33:11","guid":{"rendered":"https:\/\/cas-jura.ch\/?p=3872"},"modified":"2024-10-07T09:33:13","modified_gmt":"2024-10-07T07:33:13","slug":"sortie-ski-alpinisme-du-cas-jura-dans-la-region-de-la-jungfrau","status":"publish","type":"post","link":"https:\/\/cas-jura.ch\/?p=3872","title":{"rendered":"Sortie ski alpinisme du CAS Jura dans la r\u00e9gion de la Jungfrau"},"content":{"rendered":"\n<p>du 9 au 12 mai 2024<\/p>\n\n\n\n<p>participants : Xavier Monin, Antoine Schnetz, Carine Parrat, Christophe Mertz, Luca Marchand, Th\u00e9odore Bourquard, JB Bandelier<\/p>\n\n\n\n<p>Jeudi<\/p>\n\n\n\n<p>Faute au caf\u00e9 de Th\u00e9odore, nous prenons beaucoup de retard pour passer le tunnel reliant Kandersteg et Goppenstein. Nous partons seulement \u00e0 12h00 du parking, skis aux pieds. La joie et l\u2019euphorie d\u2019entamer ce week-end se fait sentir et nous attaquons la mont\u00e9e, longue et constante, qui nous am\u00e8ne au L\u00f6tschenl\u00fccke. Il fait chaud, tr\u00e8s chaud. Une fois arriv\u00e9s en haut, l\u2019immensit\u00e9 des \u00e9tendues glaciaires et des montagnes qui nous entourent nous coupe le souffle. Pour atteindre la cabane Konkordiah\u00fctte, nous devons traverser le grand Aletschfirn. Premi\u00e8re descente du week-end, cependant courte et pas int\u00e9ressante. On remet ensuite les peaux pour rejoindre la cabane, ou plut\u00f4t le d\u00e9but des 467 marches pour l\u2019atteindre. Il se fait tard et les gardiens s\u2019inqui\u00e8tent. JB leur explique qu\u2019on arrive d\u2019ici peu et la journ\u00e9e s\u2019ach\u00e8ve sans encombre. On se r\u00e9jouit de la suite !<\/p>\n\n\n\n<p>Antoine Schnetz<\/p>\n\n\n\n<figure class=\"wp-block-image size-large\"><img loading=\"lazy\" decoding=\"async\" width=\"1024\" height=\"768\" src=\"https:\/\/cas-jura.ch\/wordpress\/wp-content\/uploads\/2024\/09\/VUUE5875-1024x768.jpg\" alt=\"\" class=\"wp-image-3871\" srcset=\"https:\/\/cas-jura.ch\/wordpress\/wp-content\/uploads\/2024\/09\/VUUE5875-1024x768.jpg 1024w, https:\/\/cas-jura.ch\/wordpress\/wp-content\/uploads\/2024\/09\/VUUE5875-300x225.jpg 300w, https:\/\/cas-jura.ch\/wordpress\/wp-content\/uploads\/2024\/09\/VUUE5875-768x576.jpg 768w, https:\/\/cas-jura.ch\/wordpress\/wp-content\/uploads\/2024\/09\/VUUE5875-1536x1152.jpg 1536w, https:\/\/cas-jura.ch\/wordpress\/wp-content\/uploads\/2024\/09\/VUUE5875-1800x1350.jpg 1800w, https:\/\/cas-jura.ch\/wordpress\/wp-content\/uploads\/2024\/09\/VUUE5875.jpg 2048w\" sizes=\"auto, (max-width: 1024px) 100vw, 1024px\" \/><\/figure>\n\n\n\n<p>Vendredi<\/p>\n\n\n\n<p>La chaude vierge.<\/p>\n\n\n\n<p>Ce vendredi 10 mai, le programme est ambitieux, en effet, parmi toutes les routes menant \u00e0 la Jungfrau(ou), notre JB aura retenu la plus longue (la plus difficile \u00e9tant impraticable en hiver, motiv\u00e9 mais pas Kamikaze hein !).<\/p>\n\n\n\n<p>Partant de la Konkordiah\u00fctte, nous n\u2019allons pas faire un truc finissant en \u00ab Horn \u00bb comme (presque) tout le monde depuis la Konkordiah\u00fctte, non, nous, nous nous tra\u00eenons sur cet interminable Jungfraufirn pour aller rendre visite \u00e0 cette vieille dame blanche. C\u2019est que cette Jungfraou, elle se m\u00e9rite, on n\u2019est pas du genre \u00e0 passer du Berner Bollywood \u00e0 4158m en 3 ou 4 heures de promenade alpine.<\/p>\n\n\n\n<p>Au pied de l\u2019\u00e9peron rocheux du Rottal, premi\u00e8re d\u00e9fection : un membre de l\u2019\u00e9quipe, la marraine du petit Cl\u00e9ment Schnetz pour ne pas la nommer, d\u00e9cide finalement de faire du shopping au sphinx. Il para\u00eet qu\u2019on y trouve des Rolex ou des capuccinos hors de prix, \u00e0 croire qu\u2019elle a l\u2019acc\u00e8s \u00e0 la carte de cr\u00e9dit du chef de course. Bref, les plus fauch\u00e9s, eux, attaquent les premi\u00e8res conversions, dont certaines dans de la pente \u00e0 40\u00b0 pour acc\u00e9der au Rottalsattel. Pas de r\u00e9pit pour les gueux !<\/p>\n\n\n\n<p>Au fur et \u00e0 mesure que le Rottalsattel s\u2019approche, nous constatons une nette am\u00e9lioration de la neige sur le versant nord-est, direction Jungfraujauch. \u00c7a pr\u00e9sage du bon ski. Autre belle surprise, la rimaye barrant l\u2019acc\u00e8s au sommet de la Jungfrau est bouch\u00e9e \u00e0 deux places permettant de d\u00e9poser les skis plus haut que pr\u00e9vu, mais aussi de passer cette satan\u00e9e crevasse \u00e0 ski.<\/p>\n\n\n\n<p>Pass\u00e9 la rimaye, Patatras, deuxi\u00e8me d\u00e9fection : le cadet du groupe se garde des vielles vierges. Observateur, le petit, il voit bien qu\u2019on n\u2019est pas les seuls \u00e0 la monter, probablement que le terme Jungfrau est usurp\u00e9. M\u00e9fiant, il profite de la bonne neige (encore immacul\u00e9e) sur les pentes nord-est pour glisser fissa \u00e0 la M\u00f6nchjauchh\u00fctte.<\/p>\n\n\n\n<p>Les derniers 250\/300m nous s\u00e9parant du sommet sont long, tr\u00e8s long et surtout on progresse dans une chaleur suffocante. Si les plus vieux se tra\u00eenent \u00e2prement sur les flancs de la Jungfrau, les plus jeunes galopent effront\u00e9ment jusqu\u2019au sommet.<\/p>\n\n\n\n<p>Nous voil\u00e0 enfin arriv\u00e9s au sommet, \u00e9puis\u00e9s mais heureux de pouvoir d\u00eener en profitant de la meilleure vue de la r\u00e9gion (et Th\u00e9odore profitant de son dernier sommet du WE). Cette dame n\u2019est pas facile mais finalement bien accueillante. JB s\u2019improvise cin\u00e9aste amateur apr\u00e8s les photos de victoire sommitale d\u2019usage.<\/p>\n\n\n\n<p>Nous descendons apr\u00e8s un peu de repos. La descente est moins laborieuse que la mont\u00e9e malgr\u00e9 une petite glissade promptement stopp\u00e9e gr\u00e2ce aux r\u00e9flexes de JB (et d\u2019un coup de piolet bien drill\u00e9 lors des initiations alpi).<\/p>\n\n\n\n<p>Assez vite, nous voil\u00e0 pr\u00eat \u00e0 descendre \u00e0 ski. Apr\u00e8s avoir saut\u00e9 la rimaye nous constatons avec une certaine d\u00e9ception que la qualit\u00e9 de la neige (et du ski) s\u2019\u00e9tait d\u00e9grad\u00e9e pendant notre escapade au sommet, on ne peut pas tout avoir\u2026<\/p>\n\n\n\n<p>Le r\u00e9cit du reste de la course du jour pr\u00e9sente autant d\u2019int\u00e9r\u00eat que de progresser en peaux sur un bout de Jungfraujauch liss\u00e9 au ratrak pour les alpinistes en tongues. On dira qu\u2019on est tous arriv\u00e9 \u00e0 la M\u00f6nchjauchh\u00fctte heureux mais \u00e9puis\u00e9s.<\/p>\n\n\n\n<p>Chistophe Mertz<\/p>\n\n\n\n<figure class=\"wp-block-image size-large\"><img loading=\"lazy\" decoding=\"async\" width=\"768\" height=\"1024\" src=\"https:\/\/cas-jura.ch\/wordpress\/wp-content\/uploads\/2024\/09\/JLEG2730-768x1024.jpg\" alt=\"\" class=\"wp-image-3869\" srcset=\"https:\/\/cas-jura.ch\/wordpress\/wp-content\/uploads\/2024\/09\/JLEG2730-768x1024.jpg 768w, https:\/\/cas-jura.ch\/wordpress\/wp-content\/uploads\/2024\/09\/JLEG2730-225x300.jpg 225w, https:\/\/cas-jura.ch\/wordpress\/wp-content\/uploads\/2024\/09\/JLEG2730-1152x1536.jpg 1152w, https:\/\/cas-jura.ch\/wordpress\/wp-content\/uploads\/2024\/09\/JLEG2730-900x1200.jpg 900w, https:\/\/cas-jura.ch\/wordpress\/wp-content\/uploads\/2024\/09\/JLEG2730.jpg 1536w\" sizes=\"auto, (max-width: 768px) 100vw, 768px\" \/><\/figure>\n\n\n\n<p>Samedi :<\/p>\n\n\n\n<p>Apr\u00e8s une nuit agr\u00e9able \u00e0 3621m agr\u00e9ment\u00e9e de ronflements, nous restons comme deux ronds de flan devant Th\u00e9odore tout aussi en forme que le fromage du d\u00e9jeuner. On se pr\u00e9pare, faux d\u00e9part, on part \u00e0 la recherche des gants, \u00e9galement un \u00e9l\u00e9gant lever de soleil.<br>On descend jusqu\u2019\u00e0 la mont\u00e9e, puis on remonte pour descendre, alors que Th\u00e9odore redescend directement plut\u00f4t que de remonter. Durant la mont\u00e9e qui pr\u00e9c\u00e8de et suit les descentes, on effectue un joli portage, dans une ambiance himalayenne (enfin pour la queue leu-leu).<br>Au col, ni peautage, ni papotage, on attaque le Grosses Fiescherhorn, petite bla-bla balade sur le fil de l\u2019ar\u00eate, un rappel et quelques petits pas d\u2019escalade nous am\u00e8nent au premier 4000 du jour. Malheureusement, le triptyque \u00ab A\u00efgrmeunchyougfrou \u00bb, la travers\u00e9e Schreckhorn-Lauteraarhorn, la vue sur le Finsteraarhorn ainsi que quelques minables sommets culminant \u00e0 peine \u00e0 3800m ne compensent que difficilement notre d\u00e9ception de ne pas voir le Chasseral bouch\u00e9 par les nuages. Redescente s\u00e9rieuse dans la bonne humeur, quelques croisements de cord\u00e9es, avec la priorit\u00e9 accord\u00e9e. Retour au pied de nos skis, d\u00eener, sans vents, les \u00e9vents viendront apr\u00e8s pour certain (Cl\u00e9ment se reconna\u00eetra*). Skis aux pieds, pas m\u00eame le temps de dig\u00e9rer que nous sommes d\u00e9j\u00e0 au sommet du Hinteres Fiescherhorn. La pente raide s\u2019effectue avec moins de virages que J\u00e9r\u00e9mie Heitz pour certains, et plus lentement que le temps de r\u00e9diger 3 sorties pour le bulletin du CAS pour d\u2019autres. La suite s\u2019encha\u00eene sans encombre jusqu\u2019\u00e0 la hauteur de la Finsteraarhornh\u00fctte, petite mont\u00e9e inteeeerrrminable de 300m au Gr\u00fcnhornl\u00fccke et pour finir sur une belle descente qui nous m\u00e8ne directement** \u00e0 la cabane Konkordia o\u00f9 nous pouvons enfin savourer des pressions afin d\u2019envisager le Mittaghorn et ses 40\u00b0, heureusement la d\u00e9pression du lendemain aura raison de ce projet.<\/p>\n\n\n\n<p>*pr\u00e9nom d\u2019emprunt, emprunt\u00e9 \u00e0 son fils<br>** hormis 30 minutes de marche et de marches<\/p>\n\n\n\n<p>Xavier Monin<\/p>\n\n\n\n<figure class=\"wp-block-image size-large\"><img loading=\"lazy\" decoding=\"async\" width=\"1024\" height=\"576\" src=\"https:\/\/cas-jura.ch\/wordpress\/wp-content\/uploads\/2024\/09\/NIEU1757-1024x576.jpg\" alt=\"\" class=\"wp-image-3870\" srcset=\"https:\/\/cas-jura.ch\/wordpress\/wp-content\/uploads\/2024\/09\/NIEU1757-1024x576.jpg 1024w, https:\/\/cas-jura.ch\/wordpress\/wp-content\/uploads\/2024\/09\/NIEU1757-300x169.jpg 300w, https:\/\/cas-jura.ch\/wordpress\/wp-content\/uploads\/2024\/09\/NIEU1757-768x432.jpg 768w, https:\/\/cas-jura.ch\/wordpress\/wp-content\/uploads\/2024\/09\/NIEU1757-1536x864.jpg 1536w, https:\/\/cas-jura.ch\/wordpress\/wp-content\/uploads\/2024\/09\/NIEU1757-1800x1013.jpg 1800w, https:\/\/cas-jura.ch\/wordpress\/wp-content\/uploads\/2024\/09\/NIEU1757-1840x1035.jpg 1840w, https:\/\/cas-jura.ch\/wordpress\/wp-content\/uploads\/2024\/09\/NIEU1757.jpg 1920w\" sizes=\"auto, (max-width: 1024px) 100vw, 1024px\" \/><\/figure>\n\n\n\n<p>Dimanche<\/p>\n\n\n\n<p>Le programme initial du dernier jour de ce p\u00e9riple consistait \u00e0 rallier le L\u00f6tschental depuis la Konkordiah\u00fctte en passant par le L\u00f6tschenl\u00fccke, programme identique au premier jour. Lors de l&rsquo;ap\u00e9ro, nous avons bien entendu \u00e9voqu\u00e9 quelques variantes\u2026<br>L&rsquo;heure du d\u00e9jeuner avanc\u00e9e dans l&rsquo;espoir de conqu\u00e9rir le Mittaghorn, nous d\u00e9butons la journ\u00e9e en parcourant pour la quatri\u00e8me et derni\u00e8re fois les 467 marches qui nous s\u00e9parent de nos skis.<br>Nous voil\u00e0 partis en direction de l&rsquo;ouest, remontant doucement l&rsquo;interminable Grosser Aletschfirn &#8211; le plus grand glacier des Alpes &#8211; en traversant la belle Konkordiaplatz.<br>Les nuages estompent quelque peu le lever du soleil. Nos espoirs d&rsquo;ascension du Mittaghorn s&rsquo;estompent eux aussi peu \u00e0 peu, en raison du brouillard naissant. Peut-\u00eatre que les r\u00e9visions d&rsquo;azimuts de la veille seront utiles pour rejoindre la voiture.<br>Mittaghorn ou pas, nous devons tout de m\u00eame gravir les quelque 400 m qui nous s\u00e9parent du L\u00f6tschenl\u00fccke. Cette derni\u00e8re Ascension du weekend semble interminable.<br>Le mauvais temps s&rsquo;intensifiant, nous rejoignons chacun \u00e0 notre rythme la Hollandiah\u00fctte, par des itin\u00e9raires plus ou moins directs.<br>L&rsquo;accueil un peu froid que nous r\u00e9servent les gardiens &#8211; nous sommes arriv\u00e9s \u00e0 la cabane \u00e0 de mauvaises heures &#8211; finit par enterrer d\u00e9finitivement nos projets de sommet. Une fois les boissons termin\u00e9es ainsi que les petites siestes improvis\u00e9es par certains, nous nous empressons de chausser nos skis une derni\u00e8re fois. Le brouillard s&rsquo;\u00e9tant lev\u00e9, nous pouvions presque deviner le parking quitt\u00e9 trois jours plus t\u00f4t.<br>C&rsquo;est ainsi que nous profitons de cette derni\u00e8re longue descente dans le L\u00f6tschental, entre ombre et lumi\u00e8re, d&rsquo;abord sur le Langgletscher puis le long de la rivi\u00e8re Lonza. Enfin, apr\u00e8s quelques passages \u00e0 gu\u00e9 et d\u00e9tours pour chercher la neige qui avait bien fondu durant ces quatre jours, nous retrouvons notre point de d\u00e9part. Les fleurs avaient peu \u00e0 peu \u00e0 remplac\u00e9 l&rsquo;hiver.<br>Les bouchons du L\u00f6tschberg finirent par nous ramener \u00e0 la r\u00e9alit\u00e9 apr\u00e8s cette petite parenth\u00e8se hivernale.<\/p>\n\n\n\n<p>Luca Marchand<\/p>\n\n\n\n<figure class=\"wp-block-image size-large\"><img loading=\"lazy\" decoding=\"async\" width=\"1024\" height=\"768\" src=\"https:\/\/cas-jura.ch\/wordpress\/wp-content\/uploads\/2024\/09\/IMG_4912-1024x768.jpg\" alt=\"\" class=\"wp-image-3868\" srcset=\"https:\/\/cas-jura.ch\/wordpress\/wp-content\/uploads\/2024\/09\/IMG_4912-1024x768.jpg 1024w, https:\/\/cas-jura.ch\/wordpress\/wp-content\/uploads\/2024\/09\/IMG_4912-300x225.jpg 300w, https:\/\/cas-jura.ch\/wordpress\/wp-content\/uploads\/2024\/09\/IMG_4912-768x576.jpg 768w, https:\/\/cas-jura.ch\/wordpress\/wp-content\/uploads\/2024\/09\/IMG_4912-1536x1152.jpg 1536w, https:\/\/cas-jura.ch\/wordpress\/wp-content\/uploads\/2024\/09\/IMG_4912-2048x1536.jpg 2048w, https:\/\/cas-jura.ch\/wordpress\/wp-content\/uploads\/2024\/09\/IMG_4912-1800x1350.jpg 1800w\" sizes=\"auto, (max-width: 1024px) 100vw, 1024px\" \/><\/figure>\n","protected":false},"excerpt":{"rendered":"<p>du 9 au 12 mai 2024 participants : Xavier Monin, Antoine Schnetz, Carine Parrat, Christophe Mertz, Luca Marchand, Th\u00e9odore Bourquard, JB Bandelier Jeudi Faute au &#8230;<\/p>\n","protected":false},"author":975923,"featured_media":3867,"comment_status":"closed","ping_status":"closed","sticky":false,"template":"","format":"standard","meta":{"_jetpack_memberships_contains_paid_content":false,"footnotes":""},"categories":[1],"tags":[],"class_list":["post-3872","post","type-post","status-publish","format-standard","has-post-thumbnail","hentry","category-uncategorized"],"jetpack_featured_media_url":"https:\/\/cas-jura.ch\/wordpress\/wp-content\/uploads\/2024\/09\/DRPV1673.jpg","jetpack_sharing_enabled":true,"_links":{"self":[{"href":"https:\/\/cas-jura.ch\/index.php?rest_route=\/wp\/v2\/posts\/3872","targetHints":{"allow":["GET"]}}],"collection":[{"href":"https:\/\/cas-jura.ch\/index.php?rest_route=\/wp\/v2\/posts"}],"about":[{"href":"https:\/\/cas-jura.ch\/index.php?rest_route=\/wp\/v2\/types\/post"}],"author":[{"embeddable":true,"href":"https:\/\/cas-jura.ch\/index.php?rest_route=\/wp\/v2\/users\/975923"}],"replies":[{"embeddable":true,"href":"https:\/\/cas-jura.ch\/index.php?rest_route=%2Fwp%2Fv2%2Fcomments&post=3872"}],"version-history":[{"count":2,"href":"https:\/\/cas-jura.ch\/index.php?rest_route=\/wp\/v2\/posts\/3872\/revisions"}],"predecessor-version":[{"id":3960,"href":"https:\/\/cas-jura.ch\/index.php?rest_route=\/wp\/v2\/posts\/3872\/revisions\/3960"}],"wp:featuredmedia":[{"embeddable":true,"href":"https:\/\/cas-jura.ch\/index.php?rest_route=\/wp\/v2\/media\/3867"}],"wp:attachment":[{"href":"https:\/\/cas-jura.ch\/index.php?rest_route=%2Fwp%2Fv2%2Fmedia&parent=3872"}],"wp:term":[{"taxonomy":"category","embeddable":true,"href":"https:\/\/cas-jura.ch\/index.php?rest_route=%2Fwp%2Fv2%2Fcategories&post=3872"},{"taxonomy":"post_tag","embeddable":true,"href":"https:\/\/cas-jura.ch\/index.php?rest_route=%2Fwp%2Fv2%2Ftags&post=3872"}],"curies":[{"name":"wp","href":"https:\/\/api.w.org\/{rel}","templated":true}]}}