{"id":3964,"date":"2024-10-07T22:27:44","date_gmt":"2024-10-07T20:27:44","guid":{"rendered":"https:\/\/cas-jura.ch\/?p=3964"},"modified":"2024-10-07T22:27:46","modified_gmt":"2024-10-07T20:27:46","slug":"10-et-11-aout-2024-grand-darrey-3514m-arete-sse","status":"publish","type":"post","link":"https:\/\/cas-jura.ch\/?p=3964","title":{"rendered":"10 et 11 ao\u00fbt 2024, Grand-Darrey, 3514m, ar\u00eate SSE"},"content":{"rendered":"\n<p>Participants : Christophe Mertz, Lloyd Willemin, Carine Parrat, JB Bandelier<\/p>\n\n\n\n<p><\/p>\n\n\n\n<p>Le 10 ao\u00fbt 20243, un tr\u00e8s beau week-end a d\u00e9but\u00e9 \u00e0 La Fouly, lieu de d\u00e9part pour la petite cabane de l&rsquo;A-Neuve. Sous un soleil de plomb, notre \u00e9quipe gravit les 1150 m de mont\u00e9e vers la cabane sur un sentier bien escarp\u00e9. A l&rsquo;arriv\u00e9e, nous sommes accueillis par Martine, gardienne fort sympathique et pleine d&rsquo;\u00e9nergie qui nous explique pr\u00e9cis\u00e9ment l&rsquo;ordre \u00e0 respecter dans \u00ab\u00a0sa\u00a0\u00bb cabane. Il faut dire qu&rsquo;avec 20 places, le lieu est mignon mais chaque chose a sa place pour que tout fonctionne bien.<\/p>\n\n\n\n<figure class=\"wp-block-image aligncenter size-large is-resized\"><img loading=\"lazy\" decoding=\"async\" width=\"768\" height=\"1024\" src=\"https:\/\/cas-jura.ch\/wordpress\/wp-content\/uploads\/2024\/10\/IEJM2654-768x1024.jpg\" alt=\"\" class=\"wp-image-3967\" style=\"width:511px;height:auto\" srcset=\"https:\/\/cas-jura.ch\/wordpress\/wp-content\/uploads\/2024\/10\/IEJM2654-768x1024.jpg 768w, https:\/\/cas-jura.ch\/wordpress\/wp-content\/uploads\/2024\/10\/IEJM2654-225x300.jpg 225w, https:\/\/cas-jura.ch\/wordpress\/wp-content\/uploads\/2024\/10\/IEJM2654-1152x1536.jpg 1152w, https:\/\/cas-jura.ch\/wordpress\/wp-content\/uploads\/2024\/10\/IEJM2654-900x1200.jpg 900w, https:\/\/cas-jura.ch\/wordpress\/wp-content\/uploads\/2024\/10\/IEJM2654.jpg 1200w\" sizes=\"auto, (max-width: 768px) 100vw, 768px\" \/><\/figure>\n\n\n\n<p>Aussit\u00f4t arriv\u00e9s, nous nous pr\u00e9parons pour une petite sortie grimpe, histoire de meubler l&rsquo;apr\u00e8s-midi et surtout d&rsquo;effectuer les derniers r\u00e9glages techniques avant le grand d\u00e9part du lendemain pour l&rsquo;ar\u00eate du Grand-Darrey, objectif du week-end. Nous nous lan\u00e7ons donc dans la longue voie d&rsquo;escalade situ\u00e9e \u00e0 10 minutes derri\u00e8re la cabane. 3 \u00e0 4 longueurs plus tard, nous devons tirer 2 rappels pour rejoindre le pied de la voie car la soupe est pr\u00eate et Martine d\u00e9teste attendre. Soir\u00e9e tr\u00e8s conviviale et ambiance d\u00e9contract\u00e9e au menu mais pas que&#8230; aussi de bonnes choses pour remplir nos estomacs.<\/p>\n\n\n\n<figure class=\"wp-block-image aligncenter size-large is-resized\"><img loading=\"lazy\" decoding=\"async\" width=\"768\" height=\"1024\" src=\"https:\/\/cas-jura.ch\/wordpress\/wp-content\/uploads\/2024\/10\/RHKG5343-768x1024.jpg\" alt=\"\" class=\"wp-image-3970\" style=\"width:513px;height:auto\" srcset=\"https:\/\/cas-jura.ch\/wordpress\/wp-content\/uploads\/2024\/10\/RHKG5343-768x1024.jpg 768w, https:\/\/cas-jura.ch\/wordpress\/wp-content\/uploads\/2024\/10\/RHKG5343-225x300.jpg 225w, https:\/\/cas-jura.ch\/wordpress\/wp-content\/uploads\/2024\/10\/RHKG5343-1152x1536.jpg 1152w, https:\/\/cas-jura.ch\/wordpress\/wp-content\/uploads\/2024\/10\/RHKG5343-900x1200.jpg 900w, https:\/\/cas-jura.ch\/wordpress\/wp-content\/uploads\/2024\/10\/RHKG5343.jpg 1200w\" sizes=\"auto, (max-width: 768px) 100vw, 768px\" \/><\/figure>\n\n\n\n<p>Petit d\u00e9jeuner \u00e0 04h00 pour une partie des montagnards dont notre groupe. Carine a pass\u00e9 une mauvaise nuit et d\u00e9cide de faire l&rsquo;impasse sur la sortie. Nous nous retrouvons donc \u00e0 3 pour gravir l&rsquo;ar\u00eate. Le rocher est compact avec de magnifiques fissures comme on en trouve uniquement dans le granit. Nous suivons l&rsquo;ar\u00eate, parfois verticale, parfois a\u00e9rienne, toujours \u00e9vidente. <\/p>\n\n\n\n<div class=\"wp-block-columns is-layout-flex wp-container-core-columns-is-layout-9d6595d7 wp-block-columns-is-layout-flex\">\n<div class=\"wp-block-column is-layout-flow wp-block-column-is-layout-flow\">\n<figure class=\"wp-block-image size-large\"><img loading=\"lazy\" decoding=\"async\" width=\"768\" height=\"1024\" src=\"https:\/\/cas-jura.ch\/wordpress\/wp-content\/uploads\/2024\/10\/KFEM5253-768x1024.jpg\" alt=\"\" class=\"wp-image-3968\" srcset=\"https:\/\/cas-jura.ch\/wordpress\/wp-content\/uploads\/2024\/10\/KFEM5253-768x1024.jpg 768w, https:\/\/cas-jura.ch\/wordpress\/wp-content\/uploads\/2024\/10\/KFEM5253-225x300.jpg 225w, https:\/\/cas-jura.ch\/wordpress\/wp-content\/uploads\/2024\/10\/KFEM5253-1152x1536.jpg 1152w, https:\/\/cas-jura.ch\/wordpress\/wp-content\/uploads\/2024\/10\/KFEM5253-900x1200.jpg 900w, https:\/\/cas-jura.ch\/wordpress\/wp-content\/uploads\/2024\/10\/KFEM5253.jpg 1200w\" sizes=\"auto, (max-width: 768px) 100vw, 768px\" \/><\/figure>\n<\/div>\n\n\n\n<div class=\"wp-block-column is-layout-flow wp-block-column-is-layout-flow\">\n<figure class=\"wp-block-image size-large\"><img loading=\"lazy\" decoding=\"async\" width=\"768\" height=\"1024\" src=\"https:\/\/cas-jura.ch\/wordpress\/wp-content\/uploads\/2024\/10\/KZPF5070-768x1024.jpg\" alt=\"\" class=\"wp-image-3969\" srcset=\"https:\/\/cas-jura.ch\/wordpress\/wp-content\/uploads\/2024\/10\/KZPF5070-768x1024.jpg 768w, https:\/\/cas-jura.ch\/wordpress\/wp-content\/uploads\/2024\/10\/KZPF5070-225x300.jpg 225w, https:\/\/cas-jura.ch\/wordpress\/wp-content\/uploads\/2024\/10\/KZPF5070-1152x1536.jpg 1152w, https:\/\/cas-jura.ch\/wordpress\/wp-content\/uploads\/2024\/10\/KZPF5070-900x1200.jpg 900w, https:\/\/cas-jura.ch\/wordpress\/wp-content\/uploads\/2024\/10\/KZPF5070.jpg 1200w\" sizes=\"auto, (max-width: 768px) 100vw, 768px\" \/><\/figure>\n<\/div>\n<\/div>\n\n\n\n<p>Apr\u00e8s quelques heures, le sommet est en vue mais caramba NON, il s&rsquo;agit de l&rsquo;ant\u00e9cime ! alors il faut remettre l&rsquo;ouvrage sur le m\u00e9tier, redescendre en rappel et remonter de l&rsquo;autre c\u00f4t\u00e9. Cette fois c&rsquo;est la bonne : nous atteignons le sommet avec un peu de fatigue, beaucoup de satisfaction et un peu d&rsquo;appr\u00e9hension pour la descente. <\/p>\n\n\n\n<figure class=\"wp-block-image aligncenter size-large\"><img loading=\"lazy\" decoding=\"async\" width=\"768\" height=\"1024\" src=\"https:\/\/cas-jura.ch\/wordpress\/wp-content\/uploads\/2024\/10\/HWOQ8061-768x1024.jpg\" alt=\"\" class=\"wp-image-3966\" srcset=\"https:\/\/cas-jura.ch\/wordpress\/wp-content\/uploads\/2024\/10\/HWOQ8061-768x1024.jpg 768w, https:\/\/cas-jura.ch\/wordpress\/wp-content\/uploads\/2024\/10\/HWOQ8061-225x300.jpg 225w, https:\/\/cas-jura.ch\/wordpress\/wp-content\/uploads\/2024\/10\/HWOQ8061-1152x1536.jpg 1152w, https:\/\/cas-jura.ch\/wordpress\/wp-content\/uploads\/2024\/10\/HWOQ8061-900x1200.jpg 900w, https:\/\/cas-jura.ch\/wordpress\/wp-content\/uploads\/2024\/10\/HWOQ8061.jpg 1200w\" sizes=\"auto, (max-width: 768px) 100vw, 768px\" \/><\/figure>\n\n\n\n<p class=\"has-text-align-left\">Nombre d&rsquo;accidents arrivent \u00e0 la descente et il ne faut pas rel\u00e2cher la concentration. Elle fait partie int\u00e9grante de la course et ce n&rsquo;est qu&rsquo;une fois arriv\u00e9e \u00e0 la cabane qu&rsquo;on peut dire que la voie est r\u00e9ussie. Nous avons perdue pas mal de temps \u00e0 chercher le cheminement dans le versant N-NE car le topo n&rsquo;\u00e9tait pas tr\u00e8s pr\u00e9cis !<\/p>\n\n\n\n<p class=\"has-text-align-left\">13h00, nous retrouvons Carine et Martine qui ont eu tout loisir de soigner la conversation. Christophe nous abandonne avec son parapente, juste en-dessous de la cabane. On le retrouvera plus bas \u00e0 La Fouly, tout sourire, tr\u00e8s content de son vol.<\/p>\n\n\n\n<figure class=\"wp-block-image aligncenter size-large\"><img loading=\"lazy\" decoding=\"async\" width=\"768\" height=\"1024\" src=\"https:\/\/cas-jura.ch\/wordpress\/wp-content\/uploads\/2024\/10\/EJJO0980-768x1024.jpg\" alt=\"\" class=\"wp-image-3965\" srcset=\"https:\/\/cas-jura.ch\/wordpress\/wp-content\/uploads\/2024\/10\/EJJO0980-768x1024.jpg 768w, https:\/\/cas-jura.ch\/wordpress\/wp-content\/uploads\/2024\/10\/EJJO0980-225x300.jpg 225w, https:\/\/cas-jura.ch\/wordpress\/wp-content\/uploads\/2024\/10\/EJJO0980-1152x1536.jpg 1152w, https:\/\/cas-jura.ch\/wordpress\/wp-content\/uploads\/2024\/10\/EJJO0980-900x1200.jpg 900w, https:\/\/cas-jura.ch\/wordpress\/wp-content\/uploads\/2024\/10\/EJJO0980.jpg 1200w\" sizes=\"auto, (max-width: 768px) 100vw, 768px\" \/><\/figure>\n\n\n\n<p class=\"has-text-align-center\">JB<\/p>\n","protected":false},"excerpt":{"rendered":"<p>Participants : Christophe Mertz, Lloyd Willemin, Carine Parrat, JB Bandelier Le 10 ao\u00fbt 20243, un tr\u00e8s beau week-end a d\u00e9but\u00e9 \u00e0 La Fouly, lieu de &#8230;<\/p>\n","protected":false},"author":975923,"featured_media":3966,"comment_status":"closed","ping_status":"closed","sticky":false,"template":"","format":"standard","meta":{"_jetpack_memberships_contains_paid_content":false,"footnotes":""},"categories":[1],"tags":[],"class_list":["post-3964","post","type-post","status-publish","format-standard","has-post-thumbnail","hentry","category-uncategorized"],"jetpack_featured_media_url":"https:\/\/cas-jura.ch\/wordpress\/wp-content\/uploads\/2024\/10\/HWOQ8061.jpg","jetpack_sharing_enabled":true,"_links":{"self":[{"href":"https:\/\/cas-jura.ch\/index.php?rest_route=\/wp\/v2\/posts\/3964","targetHints":{"allow":["GET"]}}],"collection":[{"href":"https:\/\/cas-jura.ch\/index.php?rest_route=\/wp\/v2\/posts"}],"about":[{"href":"https:\/\/cas-jura.ch\/index.php?rest_route=\/wp\/v2\/types\/post"}],"author":[{"embeddable":true,"href":"https:\/\/cas-jura.ch\/index.php?rest_route=\/wp\/v2\/users\/975923"}],"replies":[{"embeddable":true,"href":"https:\/\/cas-jura.ch\/index.php?rest_route=%2Fwp%2Fv2%2Fcomments&post=3964"}],"version-history":[{"count":1,"href":"https:\/\/cas-jura.ch\/index.php?rest_route=\/wp\/v2\/posts\/3964\/revisions"}],"predecessor-version":[{"id":3971,"href":"https:\/\/cas-jura.ch\/index.php?rest_route=\/wp\/v2\/posts\/3964\/revisions\/3971"}],"wp:featuredmedia":[{"embeddable":true,"href":"https:\/\/cas-jura.ch\/index.php?rest_route=\/wp\/v2\/media\/3966"}],"wp:attachment":[{"href":"https:\/\/cas-jura.ch\/index.php?rest_route=%2Fwp%2Fv2%2Fmedia&parent=3964"}],"wp:term":[{"taxonomy":"category","embeddable":true,"href":"https:\/\/cas-jura.ch\/index.php?rest_route=%2Fwp%2Fv2%2Fcategories&post=3964"},{"taxonomy":"post_tag","embeddable":true,"href":"https:\/\/cas-jura.ch\/index.php?rest_route=%2Fwp%2Fv2%2Ftags&post=3964"}],"curies":[{"name":"wp","href":"https:\/\/api.w.org\/{rel}","templated":true}]}}