{"id":4568,"date":"2025-05-20T20:13:19","date_gmt":"2025-05-20T18:13:19","guid":{"rendered":"https:\/\/cas-jura.ch\/?p=4568"},"modified":"2025-05-20T20:15:13","modified_gmt":"2025-05-20T18:15:13","slug":"newsletter","status":"publish","type":"post","link":"https:\/\/cas-jura.ch\/?p=4568","title":{"rendered":"Informations importantes concernant la CABANE"},"content":{"rendered":"\n<p><strong><u>Intendance de la cabane des Ordons<\/u><\/strong><\/p>\n\n\n\n<p><strong>Apr\u00e8s de nombreuses ann\u00e9es pass\u00e9es \u00e0 prendre soin de notre cabane, Nathalie Briot a choisi de quitter sa fonction d\u2019intendante interne. Nous profitons de cette info lettre pour la remercier pour son excellent travail. Sa disponibilit\u00e9 sans faille et ses pr\u00e9cieuses interventions pour veiller \u00e0 la propret\u00e9 des lieux apr\u00e8s chaque location ou suite aux activit\u00e9s de la section ont \u00e9t\u00e9 appr\u00e9ci\u00e9es par toutes et tous. Merci Nathalie&nbsp;!<\/strong><\/p>\n\n\n\n<p><strong>Suite \u00e0 ce d\u00e9part, le comit\u00e9 a d\u00e9cid\u00e9 de revoir le fonctionnement de l\u2019intendance de la cabane. <\/strong><strong>Nous sommes donc \u00e0 la recherche d\u2019une personne, d\u2019un couple ou un groupe de clubistes<\/strong><strong> motiv\u00e9s \u00e0 reprendre le flambeau. Les membres int\u00e9ress\u00e9(e)s sont invit\u00e9(e)s \u00e0 contacter Xavier B\u00e9dat au 079.354.59.82 jusqu\u2019au 30 juin 2025. Le comit\u00e9 se fera un plaisir de les rencontrer pour discuter du cahier des charges et de l\u2019organisation des travaux d\u2019intendance.<\/strong><\/p>\n\n\n\n<p><strong><u>Remerciements aux b\u00e9n\u00e9voles des ouvertures de la cabane<\/u><\/strong><\/p>\n\n\n\n<p><strong>Depuis trois ans, la commission d\u2019animation de la cabane propose des week-ends d\u2019ouverture durant lesquels de succulents repas sont propos\u00e9s aux clubistes et aux visiteurs. Ces rencontres appr\u00e9ci\u00e9es ne pourraient pas se d\u00e9rouler sans la participation de nombreux b\u00e9n\u00e9voles.<\/strong><\/p>\n\n\n\n<p><strong>Afin de remercier toutes ces personnes pour leur investissement dans cette activit\u00e9 importante de la vie de notre section, un repas en commun sera organis\u00e9 le jeudi 21 ao\u00fbt 2025.<\/strong><\/p>\n\n\n\n<p><strong>Toutes celles et ceux qui ont \u0153uvr\u00e9s durant un ou plusieurs week-ends d\u2019ouverture sont invit\u00e9s(e)s \u00e0 s\u2019inscrire aupr\u00e8s de Xavier B\u00e9dat au 079.354.59.82 jusqu\u2019au 31 juillet<\/strong><\/p>\n\n\n\n<p><strong>2025.<\/strong><\/p>\n\n\n\n<div data-wp-interactive=\"core\/file\" class=\"wp-block-file\"><object data-wp-bind--hidden=\"!state.hasPdfPreview\" hidden class=\"wp-block-file__embed\" data=\"https:\/\/cas-jura.ch\/wordpress\/wp-content\/uploads\/2025\/04\/Flyers_dates_douvertures.pdf\" type=\"application\/pdf\" style=\"width:100%;height:1270px\" aria-label=\"Contenu embarqu\u00e9 Flyers_dates_d&apos;ouvertures.\"><\/object><a id=\"wp-block-file--media-496dae4c-c72a-43af-b896-9b9ba22283dc\" href=\"https:\/\/cas-jura.ch\/wordpress\/wp-content\/uploads\/2025\/04\/Flyers_dates_douvertures.pdf\">Flyers_dates_d&rsquo;ouvertures<\/a><a href=\"https:\/\/cas-jura.ch\/wordpress\/wp-content\/uploads\/2025\/04\/Flyers_dates_douvertures.pdf\" class=\"wp-block-file__button wp-element-button\" download aria-describedby=\"wp-block-file--media-496dae4c-c72a-43af-b896-9b9ba22283dc\">T\u00e9l\u00e9charger<\/a><\/div>\n\n\n\n<p><\/p>\n","protected":false},"excerpt":{"rendered":"<p>Intendance de la cabane des Ordons Apr\u00e8s de nombreuses ann\u00e9es pass\u00e9es \u00e0 prendre soin de notre cabane, Nathalie Briot a choisi de quitter sa fonction &#8230;<\/p>\n","protected":false},"author":975923,"featured_media":4508,"comment_status":"closed","ping_status":"closed","sticky":false,"template":"","format":"standard","meta":{"_jetpack_memberships_contains_paid_content":false,"footnotes":""},"categories":[1],"tags":[],"class_list":["post-4568","post","type-post","status-publish","format-standard","has-post-thumbnail","hentry","category-uncategorized"],"jetpack_featured_media_url":"https:\/\/cas-jura.ch\/wordpress\/wp-content\/uploads\/2025\/04\/Capture.png","jetpack_sharing_enabled":true,"_links":{"self":[{"href":"https:\/\/cas-jura.ch\/index.php?rest_route=\/wp\/v2\/posts\/4568","targetHints":{"allow":["GET"]}}],"collection":[{"href":"https:\/\/cas-jura.ch\/index.php?rest_route=\/wp\/v2\/posts"}],"about":[{"href":"https:\/\/cas-jura.ch\/index.php?rest_route=\/wp\/v2\/types\/post"}],"author":[{"embeddable":true,"href":"https:\/\/cas-jura.ch\/index.php?rest_route=\/wp\/v2\/users\/975923"}],"replies":[{"embeddable":true,"href":"https:\/\/cas-jura.ch\/index.php?rest_route=%2Fwp%2Fv2%2Fcomments&post=4568"}],"version-history":[{"count":2,"href":"https:\/\/cas-jura.ch\/index.php?rest_route=\/wp\/v2\/posts\/4568\/revisions"}],"predecessor-version":[{"id":4571,"href":"https:\/\/cas-jura.ch\/index.php?rest_route=\/wp\/v2\/posts\/4568\/revisions\/4571"}],"wp:featuredmedia":[{"embeddable":true,"href":"https:\/\/cas-jura.ch\/index.php?rest_route=\/wp\/v2\/media\/4508"}],"wp:attachment":[{"href":"https:\/\/cas-jura.ch\/index.php?rest_route=%2Fwp%2Fv2%2Fmedia&parent=4568"}],"wp:term":[{"taxonomy":"category","embeddable":true,"href":"https:\/\/cas-jura.ch\/index.php?rest_route=%2Fwp%2Fv2%2Fcategories&post=4568"},{"taxonomy":"post_tag","embeddable":true,"href":"https:\/\/cas-jura.ch\/index.php?rest_route=%2Fwp%2Fv2%2Ftags&post=4568"}],"curies":[{"name":"wp","href":"https:\/\/api.w.org\/{rel}","templated":true}]}}