{"id":4670,"date":"2025-07-02T15:38:40","date_gmt":"2025-07-02T13:38:40","guid":{"rendered":"https:\/\/cas-jura.ch\/?p=4670"},"modified":"2025-07-02T15:38:40","modified_gmt":"2025-07-02T13:38:40","slug":"rallye-des-sections-du-cas","status":"publish","type":"post","link":"https:\/\/cas-jura.ch\/?p=4670","title":{"rendered":"Rallye des Sections du CAS"},"content":{"rendered":"\n<p>Date&nbsp;: dimanche 25 mai 2025<\/p>\n\n\n\n<p>Participants&nbsp;: sections de Del\u00e9mont, Chasseral, La Neuveville, Pierre-Pertuis, La Pr\u00e9v\u00f4toise et Jura<\/p>\n\n\n\n<p>Par un dimanche avec une m\u00e9t\u00e9o mitig\u00e9e, une trentaine de participants de diverses sections de l\u2019arc jurassien se sont retrouv\u00e9s \u00e0 La Caquerelle pour participer au Rallye des Sections, organis\u00e9 cette ann\u00e9e par notre section Le CAS Jura.<\/p>\n\n\n\n<p>Ils ont particip\u00e9 au VTT avec Yves Meyer, au groupe de rando normale avec Joseph Thierrin et Ars\u00e8ne Plomb et au groupe de rando light avec Agn\u00e8s Brahier et Ernest-Andr\u00e9 Farine.<\/p>\n\n\n\n<p>Apr\u00e8s ces activit\u00e9s, tout le monde s\u2019est retrouv\u00e9 pour l\u2019ap\u00e9ritif et le repas organis\u00e9 par le restaurant de la Caquerelle.<\/p>\n\n\n\n<p>Un grand merci aux chefs de course et aux membres du comit\u00e9.<\/p>\n\n\n\n<p>Nous garderons un bon souvenir de ces moments de partage et d\u2019amiti\u00e9 entre membres de diverses sections.<\/p>\n\n\n\n<figure class=\"wp-block-gallery has-nested-images columns-default is-cropped wp-block-gallery-1 is-layout-flex wp-block-gallery-is-layout-flex\">\n<figure class=\"wp-block-image size-large\"><img decoding=\"async\" data-id=\"4671\" src=\"https:\/\/cas-jura.ch\/wordpress\/wp-content\/uploads\/2025\/07\/1b6af51d-2910-48bf-849b-6e1ed09f1f14-768x1024.jpeg\" alt=\"\" class=\"wp-image-4671\"\/><\/figure>\n\n\n\n<figure class=\"wp-block-image size-large\"><img loading=\"lazy\" decoding=\"async\" width=\"1024\" height=\"768\" data-id=\"4672\" src=\"https:\/\/cas-jura.ch\/wordpress\/wp-content\/uploads\/2025\/07\/1ccd2c68-9193-4153-8e90-e9869f57aa88-1024x768.jpeg\" alt=\"\" class=\"wp-image-4672\" srcset=\"https:\/\/cas-jura.ch\/wordpress\/wp-content\/uploads\/2025\/07\/1ccd2c68-9193-4153-8e90-e9869f57aa88-1024x768.jpeg 1024w, https:\/\/cas-jura.ch\/wordpress\/wp-content\/uploads\/2025\/07\/1ccd2c68-9193-4153-8e90-e9869f57aa88-300x225.jpeg 300w, https:\/\/cas-jura.ch\/wordpress\/wp-content\/uploads\/2025\/07\/1ccd2c68-9193-4153-8e90-e9869f57aa88-768x576.jpeg 768w, https:\/\/cas-jura.ch\/wordpress\/wp-content\/uploads\/2025\/07\/1ccd2c68-9193-4153-8e90-e9869f57aa88-1536x1152.jpeg 1536w, https:\/\/cas-jura.ch\/wordpress\/wp-content\/uploads\/2025\/07\/1ccd2c68-9193-4153-8e90-e9869f57aa88-1800x1350.jpeg 1800w, https:\/\/cas-jura.ch\/wordpress\/wp-content\/uploads\/2025\/07\/1ccd2c68-9193-4153-8e90-e9869f57aa88.jpeg 2040w\" sizes=\"auto, (max-width: 1024px) 100vw, 1024px\" \/><\/figure>\n\n\n\n<figure class=\"wp-block-image size-large\"><img loading=\"lazy\" decoding=\"async\" width=\"1024\" height=\"768\" data-id=\"4673\" src=\"https:\/\/cas-jura.ch\/wordpress\/wp-content\/uploads\/2025\/07\/33a8fd86-5e54-40d0-974e-2995cd4efae6-1024x768.jpeg\" alt=\"\" class=\"wp-image-4673\" srcset=\"https:\/\/cas-jura.ch\/wordpress\/wp-content\/uploads\/2025\/07\/33a8fd86-5e54-40d0-974e-2995cd4efae6-1024x768.jpeg 1024w, https:\/\/cas-jura.ch\/wordpress\/wp-content\/uploads\/2025\/07\/33a8fd86-5e54-40d0-974e-2995cd4efae6-300x225.jpeg 300w, https:\/\/cas-jura.ch\/wordpress\/wp-content\/uploads\/2025\/07\/33a8fd86-5e54-40d0-974e-2995cd4efae6-768x576.jpeg 768w, https:\/\/cas-jura.ch\/wordpress\/wp-content\/uploads\/2025\/07\/33a8fd86-5e54-40d0-974e-2995cd4efae6-1536x1152.jpeg 1536w, https:\/\/cas-jura.ch\/wordpress\/wp-content\/uploads\/2025\/07\/33a8fd86-5e54-40d0-974e-2995cd4efae6-1800x1350.jpeg 1800w, https:\/\/cas-jura.ch\/wordpress\/wp-content\/uploads\/2025\/07\/33a8fd86-5e54-40d0-974e-2995cd4efae6.jpeg 2040w\" sizes=\"auto, (max-width: 1024px) 100vw, 1024px\" \/><\/figure>\n\n\n\n<figure class=\"wp-block-image size-large\"><img loading=\"lazy\" decoding=\"async\" width=\"1024\" height=\"768\" data-id=\"4674\" src=\"https:\/\/cas-jura.ch\/wordpress\/wp-content\/uploads\/2025\/07\/259b90a3-aa46-494b-8f13-0848eb9d3085-1024x768.jpeg\" alt=\"\" class=\"wp-image-4674\" srcset=\"https:\/\/cas-jura.ch\/wordpress\/wp-content\/uploads\/2025\/07\/259b90a3-aa46-494b-8f13-0848eb9d3085-1024x768.jpeg 1024w, https:\/\/cas-jura.ch\/wordpress\/wp-content\/uploads\/2025\/07\/259b90a3-aa46-494b-8f13-0848eb9d3085-300x225.jpeg 300w, https:\/\/cas-jura.ch\/wordpress\/wp-content\/uploads\/2025\/07\/259b90a3-aa46-494b-8f13-0848eb9d3085-768x576.jpeg 768w, https:\/\/cas-jura.ch\/wordpress\/wp-content\/uploads\/2025\/07\/259b90a3-aa46-494b-8f13-0848eb9d3085-1536x1152.jpeg 1536w, https:\/\/cas-jura.ch\/wordpress\/wp-content\/uploads\/2025\/07\/259b90a3-aa46-494b-8f13-0848eb9d3085-1800x1350.jpeg 1800w, https:\/\/cas-jura.ch\/wordpress\/wp-content\/uploads\/2025\/07\/259b90a3-aa46-494b-8f13-0848eb9d3085.jpeg 2048w\" sizes=\"auto, (max-width: 1024px) 100vw, 1024px\" \/><\/figure>\n\n\n\n<figure class=\"wp-block-image size-large\"><img loading=\"lazy\" decoding=\"async\" width=\"1024\" height=\"768\" data-id=\"4675\" src=\"https:\/\/cas-jura.ch\/wordpress\/wp-content\/uploads\/2025\/07\/d2933514-412f-4d9f-a711-32c6e38a87b6-1024x768.jpeg\" alt=\"\" class=\"wp-image-4675\" srcset=\"https:\/\/cas-jura.ch\/wordpress\/wp-content\/uploads\/2025\/07\/d2933514-412f-4d9f-a711-32c6e38a87b6-1024x768.jpeg 1024w, https:\/\/cas-jura.ch\/wordpress\/wp-content\/uploads\/2025\/07\/d2933514-412f-4d9f-a711-32c6e38a87b6-300x225.jpeg 300w, https:\/\/cas-jura.ch\/wordpress\/wp-content\/uploads\/2025\/07\/d2933514-412f-4d9f-a711-32c6e38a87b6-768x576.jpeg 768w, https:\/\/cas-jura.ch\/wordpress\/wp-content\/uploads\/2025\/07\/d2933514-412f-4d9f-a711-32c6e38a87b6-1536x1152.jpeg 1536w, https:\/\/cas-jura.ch\/wordpress\/wp-content\/uploads\/2025\/07\/d2933514-412f-4d9f-a711-32c6e38a87b6-1800x1350.jpeg 1800w, https:\/\/cas-jura.ch\/wordpress\/wp-content\/uploads\/2025\/07\/d2933514-412f-4d9f-a711-32c6e38a87b6.jpeg 2040w\" sizes=\"auto, (max-width: 1024px) 100vw, 1024px\" \/><\/figure>\n<\/figure>\n\n\n\n<p>Corinne Allimann, pr\u00e9pos\u00e9e aux courses<\/p>\n","protected":false},"excerpt":{"rendered":"<p>Date&nbsp;: dimanche 25 mai 2025 Participants&nbsp;: sections de Del\u00e9mont, Chasseral, La Neuveville, Pierre-Pertuis, La Pr\u00e9v\u00f4toise et Jura Par un dimanche avec une m\u00e9t\u00e9o mitig\u00e9e, une &#8230;<\/p>\n","protected":false},"author":975923,"featured_media":4671,"comment_status":"closed","ping_status":"closed","sticky":false,"template":"","format":"standard","meta":{"_jetpack_memberships_contains_paid_content":false,"footnotes":""},"categories":[1],"tags":[],"class_list":["post-4670","post","type-post","status-publish","format-standard","has-post-thumbnail","hentry","category-uncategorized"],"jetpack_featured_media_url":"https:\/\/cas-jura.ch\/wordpress\/wp-content\/uploads\/2025\/07\/1b6af51d-2910-48bf-849b-6e1ed09f1f14-e1751462129416.jpeg","jetpack_sharing_enabled":true,"_links":{"self":[{"href":"https:\/\/cas-jura.ch\/index.php?rest_route=\/wp\/v2\/posts\/4670","targetHints":{"allow":["GET"]}}],"collection":[{"href":"https:\/\/cas-jura.ch\/index.php?rest_route=\/wp\/v2\/posts"}],"about":[{"href":"https:\/\/cas-jura.ch\/index.php?rest_route=\/wp\/v2\/types\/post"}],"author":[{"embeddable":true,"href":"https:\/\/cas-jura.ch\/index.php?rest_route=\/wp\/v2\/users\/975923"}],"replies":[{"embeddable":true,"href":"https:\/\/cas-jura.ch\/index.php?rest_route=%2Fwp%2Fv2%2Fcomments&post=4670"}],"version-history":[{"count":1,"href":"https:\/\/cas-jura.ch\/index.php?rest_route=\/wp\/v2\/posts\/4670\/revisions"}],"predecessor-version":[{"id":4676,"href":"https:\/\/cas-jura.ch\/index.php?rest_route=\/wp\/v2\/posts\/4670\/revisions\/4676"}],"wp:featuredmedia":[{"embeddable":true,"href":"https:\/\/cas-jura.ch\/index.php?rest_route=\/wp\/v2\/media\/4671"}],"wp:attachment":[{"href":"https:\/\/cas-jura.ch\/index.php?rest_route=%2Fwp%2Fv2%2Fmedia&parent=4670"}],"wp:term":[{"taxonomy":"category","embeddable":true,"href":"https:\/\/cas-jura.ch\/index.php?rest_route=%2Fwp%2Fv2%2Fcategories&post=4670"},{"taxonomy":"post_tag","embeddable":true,"href":"https:\/\/cas-jura.ch\/index.php?rest_route=%2Fwp%2Fv2%2Ftags&post=4670"}],"curies":[{"name":"wp","href":"https:\/\/api.w.org\/{rel}","templated":true}]}}