{"id":4677,"date":"2025-07-02T15:42:32","date_gmt":"2025-07-02T13:42:32","guid":{"rendered":"https:\/\/cas-jura.ch\/?p=4677"},"modified":"2025-07-02T15:42:34","modified_gmt":"2025-07-02T13:42:34","slug":"rapport-de-course-mont-girod","status":"publish","type":"post","link":"https:\/\/cas-jura.ch\/?p=4677","title":{"rendered":"Rapport de course Mont Girod"},"content":{"rendered":"\n<p>Date&nbsp;: dimanche 18 mai 2025<\/p>\n\n\n\n<p>Chef de course&nbsp;: Joseph Thierrin<\/p>\n\n\n\n<p>Participants&nbsp;: Aline Stehlin, Jos\u00e9 Theubet, Corinne St\u00e4heli, Fran\u00e7ois Desboeufs, Ars\u00e8ne Plomb, Gisela Thierrin, Christiane Ch\u00e9telat, Sandrine Crelier, Agn\u00e8s Vieux, Jean-Michel Vieux<\/p>\n\n\n\n<p>D\u00e9part de Perrefite \u00e0 9h30<\/p>\n\n\n\n<p>Jolie randonn\u00e9e par La Foule et la combe Fabet, jusqu\u2019au Mont Girod (superbe vue sur Moutier, le Cornet et le Raimeux). Descente par le Lac Vert et les Gorges de Court.<\/p>\n\n\n\n<p>Temps de marche 5h05, T2, 18 km, D+\/- 700m<\/p>\n\n\n\n<p>Retour \u00e0 Perrefite \u00e0 16h<\/p>\n\n\n\n<p>Beau temps mais en partie couvert et frais. Pas de probl\u00e8me ni d\u2019accident<\/p>\n\n\n\n<figure class=\"wp-block-gallery has-nested-images columns-default is-cropped wp-block-gallery-1 is-layout-flex wp-block-gallery-is-layout-flex\">\n<figure class=\"wp-block-image size-large\"><img loading=\"lazy\" decoding=\"async\" width=\"1024\" height=\"576\" data-id=\"4682\" src=\"https:\/\/cas-jura.ch\/wordpress\/wp-content\/uploads\/2025\/07\/d967a1b5-9f6d-4e58-9c2b-0e2b8a9ffcc4-1024x576.jpeg\" alt=\"\" class=\"wp-image-4682\" srcset=\"https:\/\/cas-jura.ch\/wordpress\/wp-content\/uploads\/2025\/07\/d967a1b5-9f6d-4e58-9c2b-0e2b8a9ffcc4-1024x576.jpeg 1024w, https:\/\/cas-jura.ch\/wordpress\/wp-content\/uploads\/2025\/07\/d967a1b5-9f6d-4e58-9c2b-0e2b8a9ffcc4-300x169.jpeg 300w, https:\/\/cas-jura.ch\/wordpress\/wp-content\/uploads\/2025\/07\/d967a1b5-9f6d-4e58-9c2b-0e2b8a9ffcc4-768x432.jpeg 768w, https:\/\/cas-jura.ch\/wordpress\/wp-content\/uploads\/2025\/07\/d967a1b5-9f6d-4e58-9c2b-0e2b8a9ffcc4-1536x864.jpeg 1536w, https:\/\/cas-jura.ch\/wordpress\/wp-content\/uploads\/2025\/07\/d967a1b5-9f6d-4e58-9c2b-0e2b8a9ffcc4.jpeg 1600w\" sizes=\"auto, (max-width: 1024px) 100vw, 1024px\" \/><\/figure>\n\n\n\n<figure class=\"wp-block-image size-large\"><img loading=\"lazy\" decoding=\"async\" width=\"1024\" height=\"768\" data-id=\"4681\" src=\"https:\/\/cas-jura.ch\/wordpress\/wp-content\/uploads\/2025\/07\/9ca04fef-2505-4b9c-a5ce-6b4ebec37f27-1024x768.jpeg\" alt=\"\" class=\"wp-image-4681\" srcset=\"https:\/\/cas-jura.ch\/wordpress\/wp-content\/uploads\/2025\/07\/9ca04fef-2505-4b9c-a5ce-6b4ebec37f27-1024x768.jpeg 1024w, https:\/\/cas-jura.ch\/wordpress\/wp-content\/uploads\/2025\/07\/9ca04fef-2505-4b9c-a5ce-6b4ebec37f27-300x225.jpeg 300w, https:\/\/cas-jura.ch\/wordpress\/wp-content\/uploads\/2025\/07\/9ca04fef-2505-4b9c-a5ce-6b4ebec37f27-768x576.jpeg 768w, https:\/\/cas-jura.ch\/wordpress\/wp-content\/uploads\/2025\/07\/9ca04fef-2505-4b9c-a5ce-6b4ebec37f27-1536x1152.jpeg 1536w, https:\/\/cas-jura.ch\/wordpress\/wp-content\/uploads\/2025\/07\/9ca04fef-2505-4b9c-a5ce-6b4ebec37f27.jpeg 1600w\" sizes=\"auto, (max-width: 1024px) 100vw, 1024px\" \/><\/figure>\n\n\n\n<figure class=\"wp-block-image size-large\"><img loading=\"lazy\" decoding=\"async\" width=\"768\" height=\"1024\" data-id=\"4680\" src=\"https:\/\/cas-jura.ch\/wordpress\/wp-content\/uploads\/2025\/07\/9a564f05-bd49-4e5e-8388-6b116b2ce9c5-768x1024.jpeg\" alt=\"\" class=\"wp-image-4680\" srcset=\"https:\/\/cas-jura.ch\/wordpress\/wp-content\/uploads\/2025\/07\/9a564f05-bd49-4e5e-8388-6b116b2ce9c5-768x1024.jpeg 768w, https:\/\/cas-jura.ch\/wordpress\/wp-content\/uploads\/2025\/07\/9a564f05-bd49-4e5e-8388-6b116b2ce9c5-225x300.jpeg 225w, https:\/\/cas-jura.ch\/wordpress\/wp-content\/uploads\/2025\/07\/9a564f05-bd49-4e5e-8388-6b116b2ce9c5-1152x1536.jpeg 1152w, https:\/\/cas-jura.ch\/wordpress\/wp-content\/uploads\/2025\/07\/9a564f05-bd49-4e5e-8388-6b116b2ce9c5-900x1200.jpeg 900w, https:\/\/cas-jura.ch\/wordpress\/wp-content\/uploads\/2025\/07\/9a564f05-bd49-4e5e-8388-6b116b2ce9c5.jpeg 1200w\" sizes=\"auto, (max-width: 768px) 100vw, 768px\" \/><\/figure>\n\n\n\n<figure class=\"wp-block-image size-large\"><img loading=\"lazy\" decoding=\"async\" width=\"1024\" height=\"768\" data-id=\"4679\" src=\"https:\/\/cas-jura.ch\/wordpress\/wp-content\/uploads\/2025\/07\/3daed0b4-41aa-4246-9a05-5e9066397447-1024x768.jpeg\" alt=\"\" class=\"wp-image-4679\" srcset=\"https:\/\/cas-jura.ch\/wordpress\/wp-content\/uploads\/2025\/07\/3daed0b4-41aa-4246-9a05-5e9066397447-1024x768.jpeg 1024w, https:\/\/cas-jura.ch\/wordpress\/wp-content\/uploads\/2025\/07\/3daed0b4-41aa-4246-9a05-5e9066397447-300x225.jpeg 300w, https:\/\/cas-jura.ch\/wordpress\/wp-content\/uploads\/2025\/07\/3daed0b4-41aa-4246-9a05-5e9066397447-768x576.jpeg 768w, https:\/\/cas-jura.ch\/wordpress\/wp-content\/uploads\/2025\/07\/3daed0b4-41aa-4246-9a05-5e9066397447-1536x1152.jpeg 1536w, https:\/\/cas-jura.ch\/wordpress\/wp-content\/uploads\/2025\/07\/3daed0b4-41aa-4246-9a05-5e9066397447.jpeg 1600w\" sizes=\"auto, (max-width: 1024px) 100vw, 1024px\" \/><\/figure>\n\n\n\n<figure class=\"wp-block-image size-large\"><img loading=\"lazy\" decoding=\"async\" width=\"1024\" height=\"576\" data-id=\"4678\" src=\"https:\/\/cas-jura.ch\/wordpress\/wp-content\/uploads\/2025\/07\/2b0906bc-b8fc-4138-b476-baf4b8bb0446-1024x576.jpeg\" alt=\"\" class=\"wp-image-4678\" srcset=\"https:\/\/cas-jura.ch\/wordpress\/wp-content\/uploads\/2025\/07\/2b0906bc-b8fc-4138-b476-baf4b8bb0446-1024x576.jpeg 1024w, https:\/\/cas-jura.ch\/wordpress\/wp-content\/uploads\/2025\/07\/2b0906bc-b8fc-4138-b476-baf4b8bb0446-300x169.jpeg 300w, https:\/\/cas-jura.ch\/wordpress\/wp-content\/uploads\/2025\/07\/2b0906bc-b8fc-4138-b476-baf4b8bb0446-768x432.jpeg 768w, https:\/\/cas-jura.ch\/wordpress\/wp-content\/uploads\/2025\/07\/2b0906bc-b8fc-4138-b476-baf4b8bb0446-1536x864.jpeg 1536w, https:\/\/cas-jura.ch\/wordpress\/wp-content\/uploads\/2025\/07\/2b0906bc-b8fc-4138-b476-baf4b8bb0446.jpeg 1600w\" sizes=\"auto, (max-width: 1024px) 100vw, 1024px\" \/><\/figure>\n<\/figure>\n","protected":false},"excerpt":{"rendered":"<p>Date&nbsp;: dimanche 18 mai 2025 Chef de course&nbsp;: Joseph Thierrin Participants&nbsp;: Aline Stehlin, Jos\u00e9 Theubet, Corinne St\u00e4heli, Fran\u00e7ois Desboeufs, Ars\u00e8ne Plomb, Gisela Thierrin, Christiane Ch\u00e9telat, &#8230;<\/p>\n","protected":false},"author":975923,"featured_media":4678,"comment_status":"closed","ping_status":"closed","sticky":false,"template":"","format":"standard","meta":{"_jetpack_memberships_contains_paid_content":false,"footnotes":""},"categories":[1],"tags":[],"class_list":["post-4677","post","type-post","status-publish","format-standard","has-post-thumbnail","hentry","category-uncategorized"],"jetpack_featured_media_url":"https:\/\/cas-jura.ch\/wordpress\/wp-content\/uploads\/2025\/07\/2b0906bc-b8fc-4138-b476-baf4b8bb0446.jpeg","jetpack_sharing_enabled":true,"_links":{"self":[{"href":"https:\/\/cas-jura.ch\/index.php?rest_route=\/wp\/v2\/posts\/4677","targetHints":{"allow":["GET"]}}],"collection":[{"href":"https:\/\/cas-jura.ch\/index.php?rest_route=\/wp\/v2\/posts"}],"about":[{"href":"https:\/\/cas-jura.ch\/index.php?rest_route=\/wp\/v2\/types\/post"}],"author":[{"embeddable":true,"href":"https:\/\/cas-jura.ch\/index.php?rest_route=\/wp\/v2\/users\/975923"}],"replies":[{"embeddable":true,"href":"https:\/\/cas-jura.ch\/index.php?rest_route=%2Fwp%2Fv2%2Fcomments&post=4677"}],"version-history":[{"count":1,"href":"https:\/\/cas-jura.ch\/index.php?rest_route=\/wp\/v2\/posts\/4677\/revisions"}],"predecessor-version":[{"id":4683,"href":"https:\/\/cas-jura.ch\/index.php?rest_route=\/wp\/v2\/posts\/4677\/revisions\/4683"}],"wp:featuredmedia":[{"embeddable":true,"href":"https:\/\/cas-jura.ch\/index.php?rest_route=\/wp\/v2\/media\/4678"}],"wp:attachment":[{"href":"https:\/\/cas-jura.ch\/index.php?rest_route=%2Fwp%2Fv2%2Fmedia&parent=4677"}],"wp:term":[{"taxonomy":"category","embeddable":true,"href":"https:\/\/cas-jura.ch\/index.php?rest_route=%2Fwp%2Fv2%2Fcategories&post=4677"},{"taxonomy":"post_tag","embeddable":true,"href":"https:\/\/cas-jura.ch\/index.php?rest_route=%2Fwp%2Fv2%2Ftags&post=4677"}],"curies":[{"name":"wp","href":"https:\/\/api.w.org\/{rel}","templated":true}]}}