{"id":4684,"date":"2025-07-02T15:48:19","date_gmt":"2025-07-02T13:48:19","guid":{"rendered":"https:\/\/cas-jura.ch\/?p=4684"},"modified":"2025-07-02T15:48:21","modified_gmt":"2025-07-02T13:48:21","slug":"sortie-14-15-juin-prealpes-fribourgeoise","status":"publish","type":"post","link":"https:\/\/cas-jura.ch\/?p=4684","title":{"rendered":"Sortie 14-15 Juin pr\u00e9alpes fribourgeoise"},"content":{"rendered":"\n<p>Participantes : Fr\u00e9d\u00e9rique Le Caignard et Agn\u00e8s Brahier<\/p>\n\n\n\n<p>Jour 1 : Kaiseregg depuis le Lac Noir<\/p>\n\n\n\n<p>Jour 2 : tour du Schwyberg<\/p>\n\n\n\n<figure class=\"wp-block-gallery has-nested-images columns-default is-cropped wp-block-gallery-1 is-layout-flex wp-block-gallery-is-layout-flex\">\n<figure class=\"wp-block-image size-large\"><img loading=\"lazy\" decoding=\"async\" width=\"768\" height=\"1024\" data-id=\"4689\" src=\"https:\/\/cas-jura.ch\/wordpress\/wp-content\/uploads\/2025\/07\/Montee-Kaiseregg-768x1024.jpg\" alt=\"\" class=\"wp-image-4689\" srcset=\"https:\/\/cas-jura.ch\/wordpress\/wp-content\/uploads\/2025\/07\/Montee-Kaiseregg-768x1024.jpg 768w, https:\/\/cas-jura.ch\/wordpress\/wp-content\/uploads\/2025\/07\/Montee-Kaiseregg-225x300.jpg 225w, https:\/\/cas-jura.ch\/wordpress\/wp-content\/uploads\/2025\/07\/Montee-Kaiseregg-1152x1536.jpg 1152w, https:\/\/cas-jura.ch\/wordpress\/wp-content\/uploads\/2025\/07\/Montee-Kaiseregg-900x1200.jpg 900w, https:\/\/cas-jura.ch\/wordpress\/wp-content\/uploads\/2025\/07\/Montee-Kaiseregg.jpg 1200w\" sizes=\"auto, (max-width: 768px) 100vw, 768px\" \/><\/figure>\n\n\n\n<figure class=\"wp-block-image size-large\"><img loading=\"lazy\" decoding=\"async\" width=\"768\" height=\"1024\" data-id=\"4688\" src=\"https:\/\/cas-jura.ch\/wordpress\/wp-content\/uploads\/2025\/07\/Montee-Kaiseregg-direction-Jaun-768x1024.jpg\" alt=\"\" class=\"wp-image-4688\" srcset=\"https:\/\/cas-jura.ch\/wordpress\/wp-content\/uploads\/2025\/07\/Montee-Kaiseregg-direction-Jaun-768x1024.jpg 768w, https:\/\/cas-jura.ch\/wordpress\/wp-content\/uploads\/2025\/07\/Montee-Kaiseregg-direction-Jaun-225x300.jpg 225w, https:\/\/cas-jura.ch\/wordpress\/wp-content\/uploads\/2025\/07\/Montee-Kaiseregg-direction-Jaun-1152x1536.jpg 1152w, https:\/\/cas-jura.ch\/wordpress\/wp-content\/uploads\/2025\/07\/Montee-Kaiseregg-direction-Jaun-900x1200.jpg 900w, https:\/\/cas-jura.ch\/wordpress\/wp-content\/uploads\/2025\/07\/Montee-Kaiseregg-direction-Jaun.jpg 1200w\" sizes=\"auto, (max-width: 768px) 100vw, 768px\" \/><\/figure>\n\n\n\n<figure class=\"wp-block-image size-large\"><img loading=\"lazy\" decoding=\"async\" width=\"1024\" height=\"768\" data-id=\"4687\" src=\"https:\/\/cas-jura.ch\/wordpress\/wp-content\/uploads\/2025\/07\/Autour-du-Schwyberg-1024x768.jpg\" alt=\"\" class=\"wp-image-4687\" srcset=\"https:\/\/cas-jura.ch\/wordpress\/wp-content\/uploads\/2025\/07\/Autour-du-Schwyberg-1024x768.jpg 1024w, https:\/\/cas-jura.ch\/wordpress\/wp-content\/uploads\/2025\/07\/Autour-du-Schwyberg-300x225.jpg 300w, https:\/\/cas-jura.ch\/wordpress\/wp-content\/uploads\/2025\/07\/Autour-du-Schwyberg-768x576.jpg 768w, https:\/\/cas-jura.ch\/wordpress\/wp-content\/uploads\/2025\/07\/Autour-du-Schwyberg-1536x1152.jpg 1536w, https:\/\/cas-jura.ch\/wordpress\/wp-content\/uploads\/2025\/07\/Autour-du-Schwyberg.jpg 1600w\" sizes=\"auto, (max-width: 1024px) 100vw, 1024px\" \/><\/figure>\n\n\n\n<figure class=\"wp-block-image size-large\"><img loading=\"lazy\" decoding=\"async\" width=\"1024\" height=\"768\" data-id=\"4686\" src=\"https:\/\/cas-jura.ch\/wordpress\/wp-content\/uploads\/2025\/07\/Autour-du-Lac-Noir-1024x768.jpg\" alt=\"\" class=\"wp-image-4686\" srcset=\"https:\/\/cas-jura.ch\/wordpress\/wp-content\/uploads\/2025\/07\/Autour-du-Lac-Noir-1024x768.jpg 1024w, https:\/\/cas-jura.ch\/wordpress\/wp-content\/uploads\/2025\/07\/Autour-du-Lac-Noir-300x225.jpg 300w, https:\/\/cas-jura.ch\/wordpress\/wp-content\/uploads\/2025\/07\/Autour-du-Lac-Noir-768x576.jpg 768w, https:\/\/cas-jura.ch\/wordpress\/wp-content\/uploads\/2025\/07\/Autour-du-Lac-Noir-1536x1152.jpg 1536w, https:\/\/cas-jura.ch\/wordpress\/wp-content\/uploads\/2025\/07\/Autour-du-Lac-Noir.jpg 1600w\" sizes=\"auto, (max-width: 1024px) 100vw, 1024px\" \/><\/figure>\n\n\n\n<figure class=\"wp-block-image size-large\"><img loading=\"lazy\" decoding=\"async\" width=\"1024\" height=\"769\" data-id=\"4685\" src=\"https:\/\/cas-jura.ch\/wordpress\/wp-content\/uploads\/2025\/07\/Alpage-typique-du-Lac-Noir-1024x769.jpg\" alt=\"\" class=\"wp-image-4685\" srcset=\"https:\/\/cas-jura.ch\/wordpress\/wp-content\/uploads\/2025\/07\/Alpage-typique-du-Lac-Noir-1024x769.jpg 1024w, https:\/\/cas-jura.ch\/wordpress\/wp-content\/uploads\/2025\/07\/Alpage-typique-du-Lac-Noir-300x225.jpg 300w, https:\/\/cas-jura.ch\/wordpress\/wp-content\/uploads\/2025\/07\/Alpage-typique-du-Lac-Noir-768x577.jpg 768w, https:\/\/cas-jura.ch\/wordpress\/wp-content\/uploads\/2025\/07\/Alpage-typique-du-Lac-Noir-1536x1153.jpg 1536w, https:\/\/cas-jura.ch\/wordpress\/wp-content\/uploads\/2025\/07\/Alpage-typique-du-Lac-Noir-2048x1538.jpg 2048w, https:\/\/cas-jura.ch\/wordpress\/wp-content\/uploads\/2025\/07\/Alpage-typique-du-Lac-Noir-1800x1350.jpg 1800w\" sizes=\"auto, (max-width: 1024px) 100vw, 1024px\" \/><\/figure>\n<\/figure>\n","protected":false},"excerpt":{"rendered":"<p>Participantes : Fr\u00e9d\u00e9rique Le Caignard et Agn\u00e8s Brahier Jour 1 : Kaiseregg depuis le Lac Noir Jour 2 : tour du Schwyberg<\/p>\n","protected":false},"author":975923,"featured_media":4686,"comment_status":"closed","ping_status":"closed","sticky":false,"template":"","format":"standard","meta":{"_jetpack_memberships_contains_paid_content":false,"footnotes":""},"categories":[1],"tags":[],"class_list":["post-4684","post","type-post","status-publish","format-standard","has-post-thumbnail","hentry","category-uncategorized"],"jetpack_featured_media_url":"https:\/\/cas-jura.ch\/wordpress\/wp-content\/uploads\/2025\/07\/Autour-du-Lac-Noir.jpg","jetpack_sharing_enabled":true,"_links":{"self":[{"href":"https:\/\/cas-jura.ch\/index.php?rest_route=\/wp\/v2\/posts\/4684","targetHints":{"allow":["GET"]}}],"collection":[{"href":"https:\/\/cas-jura.ch\/index.php?rest_route=\/wp\/v2\/posts"}],"about":[{"href":"https:\/\/cas-jura.ch\/index.php?rest_route=\/wp\/v2\/types\/post"}],"author":[{"embeddable":true,"href":"https:\/\/cas-jura.ch\/index.php?rest_route=\/wp\/v2\/users\/975923"}],"replies":[{"embeddable":true,"href":"https:\/\/cas-jura.ch\/index.php?rest_route=%2Fwp%2Fv2%2Fcomments&post=4684"}],"version-history":[{"count":1,"href":"https:\/\/cas-jura.ch\/index.php?rest_route=\/wp\/v2\/posts\/4684\/revisions"}],"predecessor-version":[{"id":4690,"href":"https:\/\/cas-jura.ch\/index.php?rest_route=\/wp\/v2\/posts\/4684\/revisions\/4690"}],"wp:featuredmedia":[{"embeddable":true,"href":"https:\/\/cas-jura.ch\/index.php?rest_route=\/wp\/v2\/media\/4686"}],"wp:attachment":[{"href":"https:\/\/cas-jura.ch\/index.php?rest_route=%2Fwp%2Fv2%2Fmedia&parent=4684"}],"wp:term":[{"taxonomy":"category","embeddable":true,"href":"https:\/\/cas-jura.ch\/index.php?rest_route=%2Fwp%2Fv2%2Fcategories&post=4684"},{"taxonomy":"post_tag","embeddable":true,"href":"https:\/\/cas-jura.ch\/index.php?rest_route=%2Fwp%2Fv2%2Ftags&post=4684"}],"curies":[{"name":"wp","href":"https:\/\/api.w.org\/{rel}","templated":true}]}}