{"id":4795,"date":"2025-08-22T18:48:36","date_gmt":"2025-08-22T16:48:36","guid":{"rendered":"https:\/\/cas-jura.ch\/?p=4795"},"modified":"2025-08-22T18:48:38","modified_gmt":"2025-08-22T16:48:38","slug":"sortie-cas-jura-alpinisme-pigne-de-la-le","status":"publish","type":"post","link":"https:\/\/cas-jura.ch\/?p=4795","title":{"rendered":"Sortie CAS Jura Alpinisme \u2013 Pigne de la L\u00e9"},"content":{"rendered":"\n<p>Chef de course : Patrick Juillerat<br>Participants : Emilien Hertzeisen, C\u00e9dric Gigon, Isabelle, Delphine Riat, Luca Marchand<\/p>\n\n\n\n<h1 class=\"wp-block-heading\">Vendredi 11 juillet<\/h1>\n\n\n\n<p>Rendez-vous fix\u00e9 au parking du Glacier de Moiry vers 10h. La mont\u00e9e \u00e0 la cabane de Moiry se fait \u00e0 un tr\u00e8s bon rythme, sous un soleil radieux. Mandy et Jo\u00ebl nous accompagnent pour cette premi\u00e8re journ\u00e9e en altitude.<br><br>Apr\u00e8s avoir d\u00e9pos\u00e9 quelques affaires \u00e0 la cabane, nous poursuivons notre marche jusqu&rsquo;au pied des voies du jardin d\u2019escalade. Nous profitons de l\u2019apr\u00e8s-midi pour revoir les fondamentaux : encordement, descente en rappel, et autres techniques indispensables \u00e0 tout\u00b7e bon\u00b7ne alpiniste. Une belle remise en jambe avant de redescendre tranquillement pour l\u2019heure de l\u2019ap\u00e9ro.<br><br>Le b\u00e2timent offre un confort remarquable (il y a m\u00eame des douches, mais rassurez-vous : nous ne les avons pas utilis\u00e9es !) et une vue splendide sur les impressionnants s\u00e9racs du glacier de Moiry. Ce panorama saisissant nous donne un avant-go\u00fbt de notre objectif du lendemain.<br><br>Au menu du soir : la traditionnelle soupe, des Pizokel, et en dessert, une cr\u00e8me \u00e0 la cardamome \u2014 surprenant. Le tout accompagn\u00e9 d\u2019un tr\u00e8s bon vin valaisan.<br><br><\/p>\n\n\n\n<h1 class=\"wp-block-heading\">Samedi 12 juillet<\/h1>\n\n\n\n<p>R\u00e9veil \u00e0 5h15. Nous prenons le temps de d\u00e9jeuner et de nous \u00e9quiper en vue de l\u2019objectif du jour : le Pigne de la L\u00e9, plat principal de ce week-end alpin.<br><br>Les premi\u00e8res pentes sont rapidement aval\u00e9es jusqu\u2019au Col du Pigne (3137 m), o\u00f9 nous nous encordons, avant de quitter le sentier. S\u2019ensuit une superbe ar\u00eate jusqu\u2019au sommet du Pigne, \u00e0 3396 m.<br><br>\u00c0 8h30, nous atteignons le sommet. Quelques instants plus tard, nous sommes rejoints par une cord\u00e9e inattendue : deux jeunes alpinistes de 6 et 9 ans, encadr\u00e9s par leur papa. Chapeau \u00e0 eux !<br><br>Nous profitons une derni\u00e8re fois de l\u2019exceptionnelle vue, entour\u00e9s des c\u00e9l\u00e8bres Weisshorn, Zinalrothorn, Dent Blanche et Cervin. Puis, crampons aux pieds, nous entamons la descente par le glacier.<br><br><\/p>\n\n\n\n<div class=\"wp-block-columns is-layout-flex wp-container-core-columns-is-layout-9d6595d7 wp-block-columns-is-layout-flex\">\n<div class=\"wp-block-column is-layout-flow wp-block-column-is-layout-flow\" style=\"flex-basis:50%\">\n<figure class=\"wp-block-image size-full\"><img loading=\"lazy\" decoding=\"async\" width=\"480\" height=\"640\" src=\"https:\/\/cas-jura.ch\/wordpress\/wp-content\/uploads\/2025\/08\/image-4.jpeg\" alt=\"\" class=\"wp-image-4798\" srcset=\"https:\/\/cas-jura.ch\/wordpress\/wp-content\/uploads\/2025\/08\/image-4.jpeg 480w, https:\/\/cas-jura.ch\/wordpress\/wp-content\/uploads\/2025\/08\/image-4-225x300.jpeg 225w\" sizes=\"auto, (max-width: 480px) 100vw, 480px\" \/><\/figure>\n<\/div>\n\n\n\n<div class=\"wp-block-column is-layout-flow wp-block-column-is-layout-flow\" style=\"flex-basis:50%\">\n<figure class=\"wp-block-image size-full is-resized\"><img loading=\"lazy\" decoding=\"async\" width=\"480\" height=\"852\" src=\"https:\/\/cas-jura.ch\/wordpress\/wp-content\/uploads\/2025\/08\/image-2.jpeg\" alt=\"\" class=\"wp-image-4796\" style=\"width:326px;height:auto\" srcset=\"https:\/\/cas-jura.ch\/wordpress\/wp-content\/uploads\/2025\/08\/image-2.jpeg 480w, https:\/\/cas-jura.ch\/wordpress\/wp-content\/uploads\/2025\/08\/image-2-169x300.jpeg 169w\" sizes=\"auto, (max-width: 480px) 100vw, 480px\" \/><\/figure>\n<\/div>\n<\/div>\n\n\n\n<div class=\"wp-block-columns is-layout-flex wp-container-core-columns-is-layout-9d6595d7 wp-block-columns-is-layout-flex\">\n<div class=\"wp-block-column is-layout-flow wp-block-column-is-layout-flow\" style=\"flex-basis:50%\">\n<figure class=\"wp-block-image size-full\"><img loading=\"lazy\" decoding=\"async\" width=\"480\" height=\"852\" src=\"https:\/\/cas-jura.ch\/wordpress\/wp-content\/uploads\/2025\/08\/image-3.jpeg\" alt=\"\" class=\"wp-image-4797\" srcset=\"https:\/\/cas-jura.ch\/wordpress\/wp-content\/uploads\/2025\/08\/image-3.jpeg 480w, https:\/\/cas-jura.ch\/wordpress\/wp-content\/uploads\/2025\/08\/image-3-169x300.jpeg 169w\" sizes=\"auto, (max-width: 480px) 100vw, 480px\" \/><\/figure>\n<\/div>\n\n\n\n<div class=\"wp-block-column is-layout-flow wp-block-column-is-layout-flow\" style=\"flex-basis:50%\">\n<figure class=\"wp-block-image size-large is-resized\"><img loading=\"lazy\" decoding=\"async\" width=\"498\" height=\"1024\" src=\"https:\/\/cas-jura.ch\/wordpress\/wp-content\/uploads\/2025\/08\/4bb486e1-1e60-441f-8ff0-4f10fed5f191-498x1024.jpeg\" alt=\"\" class=\"wp-image-4799\" style=\"width:375px;height:auto\" srcset=\"https:\/\/cas-jura.ch\/wordpress\/wp-content\/uploads\/2025\/08\/4bb486e1-1e60-441f-8ff0-4f10fed5f191-498x1024.jpeg 498w, https:\/\/cas-jura.ch\/wordpress\/wp-content\/uploads\/2025\/08\/4bb486e1-1e60-441f-8ff0-4f10fed5f191-146x300.jpeg 146w, https:\/\/cas-jura.ch\/wordpress\/wp-content\/uploads\/2025\/08\/4bb486e1-1e60-441f-8ff0-4f10fed5f191-768x1581.jpeg 768w, https:\/\/cas-jura.ch\/wordpress\/wp-content\/uploads\/2025\/08\/4bb486e1-1e60-441f-8ff0-4f10fed5f191-746x1536.jpeg 746w, https:\/\/cas-jura.ch\/wordpress\/wp-content\/uploads\/2025\/08\/4bb486e1-1e60-441f-8ff0-4f10fed5f191.jpeg 995w\" sizes=\"auto, (max-width: 498px) 100vw, 498px\" \/><\/figure>\n<\/div>\n<\/div>\n\n\n\n<p>Nous retrouvons le sentier quitt\u00e9 quelques heures plus t\u00f4t, repassons par la cabane pour r\u00e9cup\u00e9rer nos affaires, puis redescendons jusqu\u2019au parking.<br><br>Nous terminons cette belle escapade par une ultime \u00e9tape gourmande : une raclette du Val d\u2019Anniviers. Le patron nous fait remarquer que nous avons oubli\u00e9 de faire\u2026 le Pigne du retour \u2014 un clin d\u2019\u0153il amusant \u00e0 notre sommet du jour. Une belle mani\u00e8re de clore cette parenth\u00e8se valaisanne.<br><br><\/p>\n\n\n\n<h1 class=\"wp-block-heading\">Remerciements<\/h1>\n\n\n\n<p>Un grand merci \u00e0 Patrick, notre super chef de course !<br><br>Luca<\/p>\n","protected":false},"excerpt":{"rendered":"<p>Chef de course : Patrick JuilleratParticipants : Emilien Hertzeisen, C\u00e9dric Gigon, Isabelle, Delphine Riat, Luca Marchand Vendredi 11 juillet Rendez-vous fix\u00e9 au parking du Glacier &#8230;<\/p>\n","protected":false},"author":975923,"featured_media":4800,"comment_status":"closed","ping_status":"closed","sticky":false,"template":"","format":"standard","meta":{"_jetpack_memberships_contains_paid_content":false,"footnotes":""},"categories":[1],"tags":[],"class_list":["post-4795","post","type-post","status-publish","format-standard","has-post-thumbnail","hentry","category-uncategorized"],"jetpack_featured_media_url":"https:\/\/cas-jura.ch\/wordpress\/wp-content\/uploads\/2025\/08\/8e76dae1-c731-4917-b7ab-c5594a5ce018.jpeg","jetpack_sharing_enabled":true,"_links":{"self":[{"href":"https:\/\/cas-jura.ch\/index.php?rest_route=\/wp\/v2\/posts\/4795","targetHints":{"allow":["GET"]}}],"collection":[{"href":"https:\/\/cas-jura.ch\/index.php?rest_route=\/wp\/v2\/posts"}],"about":[{"href":"https:\/\/cas-jura.ch\/index.php?rest_route=\/wp\/v2\/types\/post"}],"author":[{"embeddable":true,"href":"https:\/\/cas-jura.ch\/index.php?rest_route=\/wp\/v2\/users\/975923"}],"replies":[{"embeddable":true,"href":"https:\/\/cas-jura.ch\/index.php?rest_route=%2Fwp%2Fv2%2Fcomments&post=4795"}],"version-history":[{"count":1,"href":"https:\/\/cas-jura.ch\/index.php?rest_route=\/wp\/v2\/posts\/4795\/revisions"}],"predecessor-version":[{"id":4804,"href":"https:\/\/cas-jura.ch\/index.php?rest_route=\/wp\/v2\/posts\/4795\/revisions\/4804"}],"wp:featuredmedia":[{"embeddable":true,"href":"https:\/\/cas-jura.ch\/index.php?rest_route=\/wp\/v2\/media\/4800"}],"wp:attachment":[{"href":"https:\/\/cas-jura.ch\/index.php?rest_route=%2Fwp%2Fv2%2Fmedia&parent=4795"}],"wp:term":[{"taxonomy":"category","embeddable":true,"href":"https:\/\/cas-jura.ch\/index.php?rest_route=%2Fwp%2Fv2%2Fcategories&post=4795"},{"taxonomy":"post_tag","embeddable":true,"href":"https:\/\/cas-jura.ch\/index.php?rest_route=%2Fwp%2Fv2%2Ftags&post=4795"}],"curies":[{"name":"wp","href":"https:\/\/api.w.org\/{rel}","templated":true}]}}