{"id":4866,"date":"2025-09-26T11:32:31","date_gmt":"2025-09-26T09:32:31","guid":{"rendered":"https:\/\/cas-jura.ch\/?p=4866"},"modified":"2025-09-26T11:33:27","modified_gmt":"2025-09-26T09:33:27","slug":"initiation-ski-de-randonnee","status":"publish","type":"post","link":"https:\/\/cas-jura.ch\/?p=4866","title":{"rendered":"INITIATION SKI DE RANDONN\u00c9E"},"content":{"rendered":"\n<p>Dates&nbsp;: 19 janvier \/ 2 f\u00e9vrier \/ 28 \u2013 30 mars<\/p>\n\n\n\n<p>Participant.e.s&nbsp;: Fred, Gigi, Lo\u00efc, Maryline, M\u00e9line, Yannick, Emilien, Seb<\/p>\n\n\n\n<p>Chef.fe.s de course&nbsp;: Delphine, Patrick, Antoine, Rapha\u00ebl<\/p>\n\n\n\n<p>Sommets&nbsp;:<\/p>\n\n\n\n<ul class=\"wp-block-list\">\n<li>19 janvier\u00a0: Bodezehorn<\/li>\n\n\n\n<li>2 f\u00e9vrier\u00a0: Galmschibe<\/li>\n\n\n\n<li>28 mars\u00a0: Walliser Wispile<\/li>\n\n\n\n<li>29 mars\u00a0: mont\u00e9e du Lauenensee \u00e0 la Geltenh\u00fctte<\/li>\n\n\n\n<li>30 mars\u00a0: Arpelistock (depuis la Geltenh\u00fctte)<\/li>\n<\/ul>\n\n\n\n<p><strong>Initiation au ski de randonn\u00e9e, \u00e9pisode 1&nbsp;: bapt\u00eame dans le Diemtigtal<\/strong><\/p>\n\n\n\n<p>Dans le petit parking de Fildrich, tout au fond du Diemtigtal, une poign\u00e9e de skieurs matinaux s\u2019affairent autour de leurs coffres ouverts. \u00c0 l\u2019horizon, le soleil s\u2019\u00e9tire tout doucement au-dessus du M\u00e4nnliflue, per\u00e7ant ainsi le froid cristallin de ce matin de janvier. Sur les visages se lit un m\u00e9lange d\u2019excitation et de tension. Quelques instants plus tard, le cirque de montagne qui sert de fronti\u00e8re entre le Diemtigtal, Adelboden et Zweisimmen se met \u00e0 r\u00e9sonner de ce crissement qui s\u2019\u00e9chappent des skis lorsque les peaux de phoque glissent sur la neige. Pour beaucoup dans le groupe, cette sortie est une premi\u00e8re. Une sorte de bapt\u00eame dans la cath\u00e9drale naturelle et enneig\u00e9e que leur offre aujourd\u2019hui le Diemtigtal. Les conditions sont parfaites et, rapidement, le stress des premi\u00e8res fois s\u2019efface pour laisser la place \u00e0 des regards entendus&nbsp;: on est l\u00e0 o\u00f9 on doit \u00eatre, ni plus, ni moins.<\/p>\n\n\n\n<div class=\"wp-block-columns is-layout-flex wp-container-core-columns-is-layout-9d6595d7 wp-block-columns-is-layout-flex\">\n<div class=\"wp-block-column is-layout-constrained wp-block-column-is-layout-constrained\" style=\"flex-basis:50%\">\n<figure class=\"wp-block-image alignfull size-large\"><img loading=\"lazy\" decoding=\"async\" width=\"768\" height=\"1024\" src=\"https:\/\/cas-jura.ch\/wordpress\/wp-content\/uploads\/2025\/09\/Sortie1_montee2-1-768x1024.jpg\" alt=\"\" class=\"wp-image-4872\" srcset=\"https:\/\/cas-jura.ch\/wordpress\/wp-content\/uploads\/2025\/09\/Sortie1_montee2-1-768x1024.jpg 768w, https:\/\/cas-jura.ch\/wordpress\/wp-content\/uploads\/2025\/09\/Sortie1_montee2-1-225x300.jpg 225w, https:\/\/cas-jura.ch\/wordpress\/wp-content\/uploads\/2025\/09\/Sortie1_montee2-1-1152x1536.jpg 1152w, https:\/\/cas-jura.ch\/wordpress\/wp-content\/uploads\/2025\/09\/Sortie1_montee2-1-1536x2048.jpg 1536w, https:\/\/cas-jura.ch\/wordpress\/wp-content\/uploads\/2025\/09\/Sortie1_montee2-1-1800x2400.jpg 1800w, https:\/\/cas-jura.ch\/wordpress\/wp-content\/uploads\/2025\/09\/Sortie1_montee2-1-900x1200.jpg 900w, https:\/\/cas-jura.ch\/wordpress\/wp-content\/uploads\/2025\/09\/Sortie1_montee2-1-scaled.jpg 1920w\" sizes=\"auto, (max-width: 768px) 100vw, 768px\" \/><\/figure>\n<\/div>\n\n\n\n<div class=\"wp-block-column is-layout-flow wp-block-column-is-layout-flow\" style=\"flex-basis:50%\">\n<figure class=\"wp-block-image size-large\"><img loading=\"lazy\" decoding=\"async\" width=\"768\" height=\"1024\" src=\"https:\/\/cas-jura.ch\/wordpress\/wp-content\/uploads\/2025\/09\/Sortie1_montee-1-768x1024.jpg\" alt=\"\" class=\"wp-image-4871\" srcset=\"https:\/\/cas-jura.ch\/wordpress\/wp-content\/uploads\/2025\/09\/Sortie1_montee-1-768x1024.jpg 768w, https:\/\/cas-jura.ch\/wordpress\/wp-content\/uploads\/2025\/09\/Sortie1_montee-1-225x300.jpg 225w, https:\/\/cas-jura.ch\/wordpress\/wp-content\/uploads\/2025\/09\/Sortie1_montee-1-1152x1536.jpg 1152w, https:\/\/cas-jura.ch\/wordpress\/wp-content\/uploads\/2025\/09\/Sortie1_montee-1-1536x2048.jpg 1536w, https:\/\/cas-jura.ch\/wordpress\/wp-content\/uploads\/2025\/09\/Sortie1_montee-1-1800x2400.jpg 1800w, https:\/\/cas-jura.ch\/wordpress\/wp-content\/uploads\/2025\/09\/Sortie1_montee-1-900x1200.jpg 900w, https:\/\/cas-jura.ch\/wordpress\/wp-content\/uploads\/2025\/09\/Sortie1_montee-1-scaled.jpg 1920w\" sizes=\"auto, (max-width: 768px) 100vw, 768px\" \/><\/figure>\n<\/div>\n<\/div>\n\n\n\n<p>Silencieuse pour \u00e9viter de troubler le calme des alentours et apr\u00e8s une petite heure d\u2019effort, la colonne arrive en bas de la premi\u00e8re pente. Quelques centaines de m\u00e8tres \u00e0 la verticale au-dessus se dresse le Bodezehorn. Les premi\u00e8res conversions sont h\u00e9sitantes et impr\u00e9cises, le temps de trouver le rythme et le bon encha\u00eenement de mouvements. Toujours ensemble, le groupe progresse doucement mais s\u00fbrement. En d\u00e9but d\u2019apr\u00e8s-midi, apr\u00e8s un dernier virage, le panorama se d\u00e9gage soudainement. Le sommet est atteint. Vient alors le moment d\u2019enlever les peaux et de redescendre.<\/p>\n\n\n\n<div class=\"wp-block-columns is-layout-flex wp-container-core-columns-is-layout-9d6595d7 wp-block-columns-is-layout-flex\">\n<div class=\"wp-block-column is-layout-flow wp-block-column-is-layout-flow\" style=\"flex-basis:100%\">\n<figure class=\"wp-block-image size-large\"><img loading=\"lazy\" decoding=\"async\" width=\"1024\" height=\"576\" src=\"https:\/\/cas-jura.ch\/wordpress\/wp-content\/uploads\/2025\/09\/Sortie1_sommet2-1-1024x576.jpg\" alt=\"\" class=\"wp-image-4873\" srcset=\"https:\/\/cas-jura.ch\/wordpress\/wp-content\/uploads\/2025\/09\/Sortie1_sommet2-1-1024x576.jpg 1024w, https:\/\/cas-jura.ch\/wordpress\/wp-content\/uploads\/2025\/09\/Sortie1_sommet2-1-300x169.jpg 300w, https:\/\/cas-jura.ch\/wordpress\/wp-content\/uploads\/2025\/09\/Sortie1_sommet2-1-768x432.jpg 768w, https:\/\/cas-jura.ch\/wordpress\/wp-content\/uploads\/2025\/09\/Sortie1_sommet2-1-1536x864.jpg 1536w, https:\/\/cas-jura.ch\/wordpress\/wp-content\/uploads\/2025\/09\/Sortie1_sommet2-1-1800x1013.jpg 1800w, https:\/\/cas-jura.ch\/wordpress\/wp-content\/uploads\/2025\/09\/Sortie1_sommet2-1-1840x1035.jpg 1840w, https:\/\/cas-jura.ch\/wordpress\/wp-content\/uploads\/2025\/09\/Sortie1_sommet2-1.jpg 1920w\" sizes=\"auto, (max-width: 1024px) 100vw, 1024px\" \/><\/figure>\n\n\n\n<figure class=\"wp-block-image aligncenter size-large is-resized\"><img loading=\"lazy\" decoding=\"async\" width=\"768\" height=\"1024\" src=\"https:\/\/cas-jura.ch\/wordpress\/wp-content\/uploads\/2025\/09\/Sortie1_sommet-2-768x1024.jpg\" alt=\"\" class=\"wp-image-4880\" style=\"width:511px;height:auto\" srcset=\"https:\/\/cas-jura.ch\/wordpress\/wp-content\/uploads\/2025\/09\/Sortie1_sommet-2-768x1024.jpg 768w, https:\/\/cas-jura.ch\/wordpress\/wp-content\/uploads\/2025\/09\/Sortie1_sommet-2-225x300.jpg 225w, https:\/\/cas-jura.ch\/wordpress\/wp-content\/uploads\/2025\/09\/Sortie1_sommet-2-1152x1536.jpg 1152w, https:\/\/cas-jura.ch\/wordpress\/wp-content\/uploads\/2025\/09\/Sortie1_sommet-2-1536x2048.jpg 1536w, https:\/\/cas-jura.ch\/wordpress\/wp-content\/uploads\/2025\/09\/Sortie1_sommet-2-1800x2400.jpg 1800w, https:\/\/cas-jura.ch\/wordpress\/wp-content\/uploads\/2025\/09\/Sortie1_sommet-2-900x1200.jpg 900w, https:\/\/cas-jura.ch\/wordpress\/wp-content\/uploads\/2025\/09\/Sortie1_sommet-2-scaled.jpg 1920w\" sizes=\"auto, (max-width: 768px) 100vw, 768px\" \/><\/figure>\n<\/div>\n<\/div>\n\n\n\n<p>Sur le petit parking de Fildrich, tout au fond du Diemtigtal, la tension a d\u00e9finitivement quitt\u00e9 les visages. \u00c0 la place, des sourires et des yeux qui brillent. D\u00e9j\u00e0 on parle de la prochaine sortie, on imagine les sommets futurs et on se prend \u00e0 r\u00eaver de virages infinis dans la poudreuse.<\/p>\n\n\n\n<p><strong>Initiation au ski de randonn\u00e9e, \u00e9pisode 2&nbsp;: \u00ab&nbsp;on est pas bien l\u00e0&nbsp;?&nbsp;\u00bb<\/strong><\/p>\n\n\n\n<p>Ding. Une nouvelle notification. La 156<sup>e<\/sup> de la journ\u00e9e. Mais contrairement aux 150 premi\u00e8res, celle-ci fait sourire&nbsp;: <em>\u00ab&nbsp;J\u2019esp\u00e8re que vous avez bien r\u00e9cup\u00e9r\u00e9 de notre premi\u00e8re journ\u00e9e d\u2019initiation et que vos exercices de conversion dans le salon se passent \u00e0 merveille&nbsp;!&nbsp;\u00c0 dimanche sous un soleil radiaux&nbsp;!&nbsp;\u00bb <\/em>Quelques jours apr\u00e8s ce message, le groupe fra\u00eechement baptis\u00e9 aux conversions d\u00e9licates et aux virages poudreux se retrouve sur le m\u00eame parking que quinze jours auparavant. Mais cette fois-ci, cap \u00e0 l\u2019ouest&nbsp;sur le Galmschibe, qui culmine \u00e0 2125 m\u00e8tres. Le froid mordant que l\u2019on pourrait s\u2019attendre \u00e0 rencontrer en ces premiers jours de f\u00e9vrier a laiss\u00e9 la place \u00e0 des temp\u00e9ratures plus printani\u00e8res. Parce qu\u2019il faut ce qu\u2019il faut et une fois les consignes de s\u00e9curit\u00e9 donn\u00e9es, la sortie commence avec le traditionnel exercice de conversions, histoire de voir qui se rappelle de quoi et, surtout, qui a pratiqu\u00e9 dans son salon les jours pr\u00e9c\u00e9dents, au risque d\u2019ab\u00eemer parfois une partie du patrimoine familial\u2026<\/p>\n\n\n\n<figure class=\"wp-block-image aligncenter size-large is-resized\"><img loading=\"lazy\" decoding=\"async\" width=\"1024\" height=\"768\" src=\"https:\/\/cas-jura.ch\/wordpress\/wp-content\/uploads\/2025\/09\/Sortie2_montee2-1024x768.jpg\" alt=\"\" class=\"wp-image-4882\" style=\"width:751px;height:auto\" srcset=\"https:\/\/cas-jura.ch\/wordpress\/wp-content\/uploads\/2025\/09\/Sortie2_montee2-1024x768.jpg 1024w, https:\/\/cas-jura.ch\/wordpress\/wp-content\/uploads\/2025\/09\/Sortie2_montee2-300x225.jpg 300w, https:\/\/cas-jura.ch\/wordpress\/wp-content\/uploads\/2025\/09\/Sortie2_montee2-768x576.jpg 768w, https:\/\/cas-jura.ch\/wordpress\/wp-content\/uploads\/2025\/09\/Sortie2_montee2-1536x1152.jpg 1536w, https:\/\/cas-jura.ch\/wordpress\/wp-content\/uploads\/2025\/09\/Sortie2_montee2-2048x1536.jpg 2048w, https:\/\/cas-jura.ch\/wordpress\/wp-content\/uploads\/2025\/09\/Sortie2_montee2-1800x1350.jpg 1800w\" sizes=\"auto, (max-width: 1024px) 100vw, 1024px\" \/><\/figure>\n\n\n\n<p>Quelques heures (et plusieurs dizaines de conversions) plus tard, la colonne rejoint l\u2019une des bergeries d\u2019\u00e9t\u00e9 de Chilei. Vides et silencieux, pos\u00e9s sur un flanc de montagne qui offre une vue panoramique sur tout le Diemtigtal, les lieux invitent \u00e0 la contemplation. Face \u00e0 la beaut\u00e9 sobre et naturelle qui se d\u00e9roule devant eux, les plus courageux se r\u00eavent en bergers de montagne, troquant le stress du quotidien contre une vie simple et sereine. \u00ab&nbsp;<em>On est pas bien l\u00e0&nbsp;?<\/em>&nbsp;\u00bb Personne ne r\u00e9pond, tout le monde est d\u2019accord. Il est des endroits dans le monde o\u00f9 les mots sont superflus, celui-l\u00e0 en fait partie.<\/p>\n\n\n\n<figure class=\"wp-block-image aligncenter size-large is-resized\"><img loading=\"lazy\" decoding=\"async\" width=\"1024\" height=\"768\" src=\"https:\/\/cas-jura.ch\/wordpress\/wp-content\/uploads\/2025\/09\/Sortie2_bergerie-1024x768.jpg\" alt=\"\" class=\"wp-image-4883\" style=\"width:767px;height:auto\" srcset=\"https:\/\/cas-jura.ch\/wordpress\/wp-content\/uploads\/2025\/09\/Sortie2_bergerie-1024x768.jpg 1024w, https:\/\/cas-jura.ch\/wordpress\/wp-content\/uploads\/2025\/09\/Sortie2_bergerie-300x225.jpg 300w, https:\/\/cas-jura.ch\/wordpress\/wp-content\/uploads\/2025\/09\/Sortie2_bergerie-768x576.jpg 768w, https:\/\/cas-jura.ch\/wordpress\/wp-content\/uploads\/2025\/09\/Sortie2_bergerie-1536x1152.jpg 1536w, https:\/\/cas-jura.ch\/wordpress\/wp-content\/uploads\/2025\/09\/Sortie2_bergerie-2048x1536.jpg 2048w, https:\/\/cas-jura.ch\/wordpress\/wp-content\/uploads\/2025\/09\/Sortie2_bergerie-1800x1350.jpg 1800w\" sizes=\"auto, (max-width: 1024px) 100vw, 1024px\" \/><\/figure>\n\n\n\n<p>Parce qu\u2019il faut ce qu\u2019il faut, le temps de repartir est venu. Apr\u00e8s un nouvel exercice de s\u00e9curit\u00e9 o\u00f9 l\u2019utilisation de la sonde, de la pelle et du d\u00e9tecteur de victime d\u2019avalanches sont mis \u00e0 rude \u00e9preuve, une partie du groupe s\u2019\u00e9lancent vers le sommet. Le soleil tape, il fait chaud. Trop chaud pour la saison, il va falloir s\u2019y faire. La neige transforme vite, faisant fondre \u00e0 vue d\u2019\u0153il l\u2019espoir de virages poudreux et profonds que les premi\u00e8res heures de la journ\u00e9e laissaient entrevoir. Pas grave, il y en aura d\u2019autres. De retour au parking, les m\u00eames sourires et les m\u00eames yeux qui brillent s\u2019installent sur les visages. Nouvelle sortie, nouvelle r\u00e9ussite. Le groupe prend place dans les voitures et, en jetant un dernier coup d\u2019\u0153il aux montagnes (presque plus) enneig\u00e9es du Diemtigtal, l\u00e2che un dernier sourire&nbsp;: cette fois c\u2019est s\u00fbr, il faudra revenir.<\/p>\n\n\n\n<div class=\"wp-block-columns is-layout-flex wp-container-core-columns-is-layout-9d6595d7 wp-block-columns-is-layout-flex\">\n<div class=\"wp-block-column is-layout-flow wp-block-column-is-layout-flow\" style=\"flex-basis:100%\">\n<figure class=\"wp-block-image aligncenter size-large is-resized\"><img loading=\"lazy\" decoding=\"async\" width=\"1024\" height=\"768\" src=\"https:\/\/cas-jura.ch\/wordpress\/wp-content\/uploads\/2025\/09\/Sortie2_exercice-4-1024x768.jpg\" alt=\"\" class=\"wp-image-4887\" style=\"width:527px;height:auto\" srcset=\"https:\/\/cas-jura.ch\/wordpress\/wp-content\/uploads\/2025\/09\/Sortie2_exercice-4-1024x768.jpg 1024w, https:\/\/cas-jura.ch\/wordpress\/wp-content\/uploads\/2025\/09\/Sortie2_exercice-4-300x225.jpg 300w, https:\/\/cas-jura.ch\/wordpress\/wp-content\/uploads\/2025\/09\/Sortie2_exercice-4-768x576.jpg 768w, https:\/\/cas-jura.ch\/wordpress\/wp-content\/uploads\/2025\/09\/Sortie2_exercice-4-1536x1152.jpg 1536w, https:\/\/cas-jura.ch\/wordpress\/wp-content\/uploads\/2025\/09\/Sortie2_exercice-4-2048x1536.jpg 2048w, https:\/\/cas-jura.ch\/wordpress\/wp-content\/uploads\/2025\/09\/Sortie2_exercice-4-1800x1350.jpg 1800w\" sizes=\"auto, (max-width: 1024px) 100vw, 1024px\" \/><\/figure>\n<\/div>\n<\/div>\n\n\n\n<figure class=\"wp-block-image aligncenter size-large is-resized\"><img loading=\"lazy\" decoding=\"async\" width=\"768\" height=\"1024\" src=\"https:\/\/cas-jura.ch\/wordpress\/wp-content\/uploads\/2025\/09\/Sortie2_pause-1-768x1024.jpg\" alt=\"\" class=\"wp-image-4889\" style=\"width:520px;height:auto\" srcset=\"https:\/\/cas-jura.ch\/wordpress\/wp-content\/uploads\/2025\/09\/Sortie2_pause-1-768x1024.jpg 768w, https:\/\/cas-jura.ch\/wordpress\/wp-content\/uploads\/2025\/09\/Sortie2_pause-1-225x300.jpg 225w, https:\/\/cas-jura.ch\/wordpress\/wp-content\/uploads\/2025\/09\/Sortie2_pause-1-1152x1536.jpg 1152w, https:\/\/cas-jura.ch\/wordpress\/wp-content\/uploads\/2025\/09\/Sortie2_pause-1-1536x2048.jpg 1536w, https:\/\/cas-jura.ch\/wordpress\/wp-content\/uploads\/2025\/09\/Sortie2_pause-1-1800x2400.jpg 1800w, https:\/\/cas-jura.ch\/wordpress\/wp-content\/uploads\/2025\/09\/Sortie2_pause-1-900x1200.jpg 900w, https:\/\/cas-jura.ch\/wordpress\/wp-content\/uploads\/2025\/09\/Sortie2_pause-1-scaled.jpg 1920w\" sizes=\"auto, (max-width: 768px) 100vw, 768px\" \/><\/figure>\n\n\n\n<p><strong>\u00c9pisode 3&nbsp;: du ski de randonn\u00e9e\u2026 mais pas que&nbsp;!<\/strong><\/p>\n\n\n\n<p>\u00ab&nbsp;Trois jours de sortie, une nuit en cabane et un sommet \u00e0 3000 m\u00e8tres situ\u00e9 sur la fronti\u00e8re entre les cantons de Berne et du Valais. \u00bb Ce menu, gastronomique si ce n\u2019est \u00e9toil\u00e9, est celui qui \u00e9tait cens\u00e9 mettre un point d\u2019orgue sur l\u2019\u00e9dition 2025 de l\u2019initiation au ski de randonn\u00e9e du CAS Jura. \u00ab&nbsp;\u00c9tait cens\u00e9&nbsp;\u00bb car la r\u00e9alit\u00e9 fut bien plus savoureuse, pour ne pas dire piment\u00e9e, que ce simple intitul\u00e9\u2026 Pour \u00eatre absolument exact, il aurait fallu renommer les choses ainsi&nbsp;:&nbsp;\u00ab&nbsp;Trois jours de sortie, des rivi\u00e8res \u00e0 franchir, une solide indigestion, une mont\u00e9e en cabane au GPS, de la charcuterie frelat\u00e9e, des virages somptueux.&nbsp;\u00bb Mais \u00e9videmment, on ne pouvait pas le savoir avant de l\u2019avoir fait.<\/p>\n\n\n\n<p>Jour 1. Sortie de l\u2019autoroute direction Zweisimmen. \u00ab&nbsp;<em>Euh\u2026 c\u2019est normal qu\u2019il n\u2019y ait pas du tout de neige&nbsp;?&nbsp;\u00bb <\/em>Les chef.fe.s de course du jour \u00e9changent un regard.<em> \u00ab&nbsp;Ouais t\u2019inqui\u00e8te. La neige, on va la trouver.&nbsp;<\/em>\u00bb Ok.&nbsp;On fait confiance.<\/p>\n\n\n\n<figure class=\"wp-block-image aligncenter size-large is-resized\"><img loading=\"lazy\" decoding=\"async\" width=\"768\" height=\"1024\" src=\"https:\/\/cas-jura.ch\/wordpress\/wp-content\/uploads\/2025\/09\/Sortie3_jour1_3-768x1024.jpg\" alt=\"\" class=\"wp-image-4890\" style=\"width:408px;height:auto\" srcset=\"https:\/\/cas-jura.ch\/wordpress\/wp-content\/uploads\/2025\/09\/Sortie3_jour1_3-768x1024.jpg 768w, https:\/\/cas-jura.ch\/wordpress\/wp-content\/uploads\/2025\/09\/Sortie3_jour1_3-225x300.jpg 225w, https:\/\/cas-jura.ch\/wordpress\/wp-content\/uploads\/2025\/09\/Sortie3_jour1_3-1152x1536.jpg 1152w, https:\/\/cas-jura.ch\/wordpress\/wp-content\/uploads\/2025\/09\/Sortie3_jour1_3-1536x2048.jpg 1536w, https:\/\/cas-jura.ch\/wordpress\/wp-content\/uploads\/2025\/09\/Sortie3_jour1_3-1800x2400.jpg 1800w, https:\/\/cas-jura.ch\/wordpress\/wp-content\/uploads\/2025\/09\/Sortie3_jour1_3-900x1200.jpg 900w, https:\/\/cas-jura.ch\/wordpress\/wp-content\/uploads\/2025\/09\/Sortie3_jour1_3-scaled.jpg 1920w\" sizes=\"auto, (max-width: 768px) 100vw, 768px\" \/><\/figure>\n\n\n\n<p>Jour 1. Hameau de Hintersee. Les chef.fe.s de course avaient raison (comme d\u2019hab), on a trouv\u00e9 la neige. Enfin, il faut le dire vite. Les premi\u00e8res heures de mont\u00e9e ressemblent plus \u00e0 un duathlon ski-marche qu\u2019\u00e0 du v\u00e9ritable ski de randonn\u00e9e. Mais qu\u2019importe. Le groupe est ravi d\u2019\u00eatre l\u00e0 et ce n\u2019est pas un peu de boue et d\u2019herbe qui va g\u00e2cher la journ\u00e9e.<\/p>\n\n\n\n<p>Jour 1. Walliser Wispile. Le petit sommet du jour est atteint, tout en douceur. La neige est bonne et les dix premiers virages sont tout simplement somptueux. Avant d\u2019entamer le reste de la descente, il est temps de voir gr\u00e2ce \u00e0 un exercice \u00ab&nbsp;en conditions r\u00e9elles&nbsp;\u00bb si les consignes de s\u00e9curit\u00e9 et la manipulation des DVA sont dig\u00e9r\u00e9es.<\/p>\n\n\n\n<div class=\"wp-block-columns is-layout-flex wp-container-core-columns-is-layout-9d6595d7 wp-block-columns-is-layout-flex\">\n<div class=\"wp-block-column is-layout-flow wp-block-column-is-layout-flow\" style=\"flex-basis:50%\">\n<figure class=\"wp-block-image aligncenter size-large\"><img loading=\"lazy\" decoding=\"async\" width=\"768\" height=\"1024\" src=\"https:\/\/cas-jura.ch\/wordpress\/wp-content\/uploads\/2025\/09\/Sortie3_jour1_2-1-768x1024.jpg\" alt=\"\" class=\"wp-image-4892\" srcset=\"https:\/\/cas-jura.ch\/wordpress\/wp-content\/uploads\/2025\/09\/Sortie3_jour1_2-1-768x1024.jpg 768w, https:\/\/cas-jura.ch\/wordpress\/wp-content\/uploads\/2025\/09\/Sortie3_jour1_2-1-225x300.jpg 225w, https:\/\/cas-jura.ch\/wordpress\/wp-content\/uploads\/2025\/09\/Sortie3_jour1_2-1-1152x1536.jpg 1152w, https:\/\/cas-jura.ch\/wordpress\/wp-content\/uploads\/2025\/09\/Sortie3_jour1_2-1-1536x2048.jpg 1536w, https:\/\/cas-jura.ch\/wordpress\/wp-content\/uploads\/2025\/09\/Sortie3_jour1_2-1-1800x2400.jpg 1800w, https:\/\/cas-jura.ch\/wordpress\/wp-content\/uploads\/2025\/09\/Sortie3_jour1_2-1-900x1200.jpg 900w, https:\/\/cas-jura.ch\/wordpress\/wp-content\/uploads\/2025\/09\/Sortie3_jour1_2-1-scaled.jpg 1920w\" sizes=\"auto, (max-width: 768px) 100vw, 768px\" \/><\/figure>\n<\/div>\n\n\n\n<div class=\"wp-block-column is-layout-flow wp-block-column-is-layout-flow\" style=\"flex-basis:50%\">\n<figure class=\"wp-block-image aligncenter size-large\"><img loading=\"lazy\" decoding=\"async\" width=\"768\" height=\"1024\" src=\"https:\/\/cas-jura.ch\/wordpress\/wp-content\/uploads\/2025\/09\/Sortie3_jour1-1-768x1024.jpg\" alt=\"\" class=\"wp-image-4895\" srcset=\"https:\/\/cas-jura.ch\/wordpress\/wp-content\/uploads\/2025\/09\/Sortie3_jour1-1-768x1024.jpg 768w, https:\/\/cas-jura.ch\/wordpress\/wp-content\/uploads\/2025\/09\/Sortie3_jour1-1-225x300.jpg 225w, https:\/\/cas-jura.ch\/wordpress\/wp-content\/uploads\/2025\/09\/Sortie3_jour1-1-1152x1536.jpg 1152w, https:\/\/cas-jura.ch\/wordpress\/wp-content\/uploads\/2025\/09\/Sortie3_jour1-1-1536x2048.jpg 1536w, https:\/\/cas-jura.ch\/wordpress\/wp-content\/uploads\/2025\/09\/Sortie3_jour1-1-1800x2400.jpg 1800w, https:\/\/cas-jura.ch\/wordpress\/wp-content\/uploads\/2025\/09\/Sortie3_jour1-1-900x1200.jpg 900w, https:\/\/cas-jura.ch\/wordpress\/wp-content\/uploads\/2025\/09\/Sortie3_jour1-1-scaled.jpg 1920w\" sizes=\"auto, (max-width: 768px) 100vw, 768px\" \/><\/figure>\n<\/div>\n<\/div>\n\n\n\n<p>Jour 1. Sur le chemin du retour. Parce que ce serait trop facile de \u00ab&nbsp;juste&nbsp;\u00bb monter au sommet et de \u00ab&nbsp;juste&nbsp;\u00bb redescendre du sommet et fonte des neiges oblige, le groupe se frotte \u00e0 quelques franchissements de rivi\u00e8res ski sur le dos afin de pouvoir rejoindre la voiture.<\/p>\n\n\n\n<p>Jour 2. Auberge de Lauenen. Brouillard. Pluie. Brouillard. Pluie. La journ\u00e9e d\u00e9marre plus doucement que pr\u00e9vu&nbsp;: il faudra attendre avant d\u2019entamer la mont\u00e9e jusqu\u2019\u00e0 la Geltenh\u00fctte. Dans l\u2019intervalle, les r\u00f6stis de la veille ont eu raison d\u2019un estomac qui marque la fin de l\u2019aventure pour son propri\u00e9taire.<\/p>\n\n\n\n<figure class=\"wp-block-image aligncenter size-large is-resized\"><img loading=\"lazy\" decoding=\"async\" width=\"768\" height=\"1024\" src=\"https:\/\/cas-jura.ch\/wordpress\/wp-content\/uploads\/2025\/09\/Sortie3_jour2-768x1024.jpg\" alt=\"\" class=\"wp-image-4898\" style=\"width:402px;height:auto\" srcset=\"https:\/\/cas-jura.ch\/wordpress\/wp-content\/uploads\/2025\/09\/Sortie3_jour2-768x1024.jpg 768w, https:\/\/cas-jura.ch\/wordpress\/wp-content\/uploads\/2025\/09\/Sortie3_jour2-225x300.jpg 225w, https:\/\/cas-jura.ch\/wordpress\/wp-content\/uploads\/2025\/09\/Sortie3_jour2-1152x1536.jpg 1152w, https:\/\/cas-jura.ch\/wordpress\/wp-content\/uploads\/2025\/09\/Sortie3_jour2-1536x2048.jpg 1536w, https:\/\/cas-jura.ch\/wordpress\/wp-content\/uploads\/2025\/09\/Sortie3_jour2-1800x2400.jpg 1800w, https:\/\/cas-jura.ch\/wordpress\/wp-content\/uploads\/2025\/09\/Sortie3_jour2-900x1200.jpg 900w, https:\/\/cas-jura.ch\/wordpress\/wp-content\/uploads\/2025\/09\/Sortie3_jour2-scaled.jpg 1920w\" sizes=\"auto, (max-width: 768px) 100vw, 768px\" \/><\/figure>\n\n\n\n<p>Jour 2. Mont\u00e9e \u00e0 la Geltenh\u00fctte. Sous la pluie et la neige, dans un brouillard \u00e0 couper au couteau, le groupe se dirige vers la Geltenh\u00fctte. La neige fra\u00eeche qui tombe depuis la nuit derni\u00e8re a recouvert toutes les traces. On dit merci au GPS.<\/p>\n\n\n\n<div class=\"wp-block-columns is-layout-flex wp-container-core-columns-is-layout-9d6595d7 wp-block-columns-is-layout-flex\">\n<div class=\"wp-block-column is-layout-flow wp-block-column-is-layout-flow\" style=\"flex-basis:50%\">\n<figure class=\"wp-block-image aligncenter size-large\"><img loading=\"lazy\" decoding=\"async\" width=\"768\" height=\"1024\" src=\"https:\/\/cas-jura.ch\/wordpress\/wp-content\/uploads\/2025\/09\/Sortie3_jour2_montee-768x1024.jpg\" alt=\"\" class=\"wp-image-4896\" srcset=\"https:\/\/cas-jura.ch\/wordpress\/wp-content\/uploads\/2025\/09\/Sortie3_jour2_montee-768x1024.jpg 768w, https:\/\/cas-jura.ch\/wordpress\/wp-content\/uploads\/2025\/09\/Sortie3_jour2_montee-225x300.jpg 225w, https:\/\/cas-jura.ch\/wordpress\/wp-content\/uploads\/2025\/09\/Sortie3_jour2_montee-1152x1536.jpg 1152w, https:\/\/cas-jura.ch\/wordpress\/wp-content\/uploads\/2025\/09\/Sortie3_jour2_montee-1536x2048.jpg 1536w, https:\/\/cas-jura.ch\/wordpress\/wp-content\/uploads\/2025\/09\/Sortie3_jour2_montee-1800x2400.jpg 1800w, https:\/\/cas-jura.ch\/wordpress\/wp-content\/uploads\/2025\/09\/Sortie3_jour2_montee-900x1200.jpg 900w, https:\/\/cas-jura.ch\/wordpress\/wp-content\/uploads\/2025\/09\/Sortie3_jour2_montee-scaled.jpg 1920w\" sizes=\"auto, (max-width: 768px) 100vw, 768px\" \/><\/figure>\n<\/div>\n\n\n\n<div class=\"wp-block-column is-layout-flow wp-block-column-is-layout-flow\" style=\"flex-basis:50%\">\n<figure class=\"wp-block-image size-large\"><img loading=\"lazy\" decoding=\"async\" width=\"768\" height=\"1024\" src=\"https:\/\/cas-jura.ch\/wordpress\/wp-content\/uploads\/2025\/09\/Sortie3_jour2_descente3-1-768x1024.jpg\" alt=\"\" class=\"wp-image-4900\" srcset=\"https:\/\/cas-jura.ch\/wordpress\/wp-content\/uploads\/2025\/09\/Sortie3_jour2_descente3-1-768x1024.jpg 768w, https:\/\/cas-jura.ch\/wordpress\/wp-content\/uploads\/2025\/09\/Sortie3_jour2_descente3-1-225x300.jpg 225w, https:\/\/cas-jura.ch\/wordpress\/wp-content\/uploads\/2025\/09\/Sortie3_jour2_descente3-1-1152x1536.jpg 1152w, https:\/\/cas-jura.ch\/wordpress\/wp-content\/uploads\/2025\/09\/Sortie3_jour2_descente3-1-1536x2048.jpg 1536w, https:\/\/cas-jura.ch\/wordpress\/wp-content\/uploads\/2025\/09\/Sortie3_jour2_descente3-1-1800x2400.jpg 1800w, https:\/\/cas-jura.ch\/wordpress\/wp-content\/uploads\/2025\/09\/Sortie3_jour2_descente3-1-900x1200.jpg 900w, https:\/\/cas-jura.ch\/wordpress\/wp-content\/uploads\/2025\/09\/Sortie3_jour2_descente3-1-scaled.jpg 1920w\" sizes=\"auto, (max-width: 768px) 100vw, 768px\" \/><\/figure>\n<\/div>\n<\/div>\n\n\n\n<p>Jour 2. Geltenh\u00fctte. Pendant qu\u2019une moiti\u00e9 tentait malgr\u00e9 tout de chasser les virages, l\u2019autre est arriv\u00e9e \u00e0 la cabane. Les \u00e9tendoirs \u00e0 linge et les bords de po\u00eale \u00e0 bois sont pris d\u2019assaut, histoire de faire s\u00e9cher un maximum de choses en pr\u00e9vision de l\u2019ascension de l\u2019Arpelistock du lendemain. On sort le jeu de cartes, la vie est belle.<\/p>\n\n\n\n<div class=\"wp-block-columns is-layout-flex wp-container-core-columns-is-layout-9d6595d7 wp-block-columns-is-layout-flex\">\n<div class=\"wp-block-column is-layout-flow wp-block-column-is-layout-flow\" style=\"flex-basis:100%\">\n<figure class=\"wp-block-image aligncenter size-large\"><img loading=\"lazy\" decoding=\"async\" width=\"768\" height=\"1024\" src=\"https:\/\/cas-jura.ch\/wordpress\/wp-content\/uploads\/2025\/09\/Sortie3_jour2_cabane-768x1024.jpg\" alt=\"\" class=\"wp-image-4897\" srcset=\"https:\/\/cas-jura.ch\/wordpress\/wp-content\/uploads\/2025\/09\/Sortie3_jour2_cabane-768x1024.jpg 768w, https:\/\/cas-jura.ch\/wordpress\/wp-content\/uploads\/2025\/09\/Sortie3_jour2_cabane-225x300.jpg 225w, https:\/\/cas-jura.ch\/wordpress\/wp-content\/uploads\/2025\/09\/Sortie3_jour2_cabane-1152x1536.jpg 1152w, https:\/\/cas-jura.ch\/wordpress\/wp-content\/uploads\/2025\/09\/Sortie3_jour2_cabane-1536x2048.jpg 1536w, https:\/\/cas-jura.ch\/wordpress\/wp-content\/uploads\/2025\/09\/Sortie3_jour2_cabane-1800x2400.jpg 1800w, https:\/\/cas-jura.ch\/wordpress\/wp-content\/uploads\/2025\/09\/Sortie3_jour2_cabane-900x1200.jpg 900w, https:\/\/cas-jura.ch\/wordpress\/wp-content\/uploads\/2025\/09\/Sortie3_jour2_cabane-scaled.jpg 1920w\" sizes=\"auto, (max-width: 768px) 100vw, 768px\" \/><\/figure>\n<\/div>\n<\/div>\n\n\n\n<p>Jour 3. Geltenh\u00fctte. Peu apr\u00e8s, 7h30, le groupe s\u2019\u00e9lance. Les premi\u00e8res conversions permettent d\u2019atteindre un plateau bord\u00e9 de sommets enneig\u00e9s. Quelques efforts plus tard, le soleil perce \u00e0 travers les nuages et vient \u00e9clairer 30 cm de neige fraiche, tomb\u00e9e ces derniers jours. Les choses s\u2019annoncent plut\u00f4t bien. Confiant, l\u2019un des membres du groupe estime que c\u2019est le bon moment pour manger deux gendarmes.<\/p>\n\n\n\n<div class=\"wp-block-columns is-layout-flex wp-container-core-columns-is-layout-9d6595d7 wp-block-columns-is-layout-flex\">\n<div class=\"wp-block-column is-layout-flow wp-block-column-is-layout-flow\" style=\"flex-basis:50%\">\n<figure class=\"wp-block-image aligncenter size-large\"><img loading=\"lazy\" decoding=\"async\" width=\"768\" height=\"1024\" src=\"https:\/\/cas-jura.ch\/wordpress\/wp-content\/uploads\/2025\/09\/Sortie3_jour3_montee2-768x1024.jpg\" alt=\"\" class=\"wp-image-4902\" srcset=\"https:\/\/cas-jura.ch\/wordpress\/wp-content\/uploads\/2025\/09\/Sortie3_jour3_montee2-768x1024.jpg 768w, https:\/\/cas-jura.ch\/wordpress\/wp-content\/uploads\/2025\/09\/Sortie3_jour3_montee2-225x300.jpg 225w, https:\/\/cas-jura.ch\/wordpress\/wp-content\/uploads\/2025\/09\/Sortie3_jour3_montee2-1152x1536.jpg 1152w, https:\/\/cas-jura.ch\/wordpress\/wp-content\/uploads\/2025\/09\/Sortie3_jour3_montee2-1536x2048.jpg 1536w, https:\/\/cas-jura.ch\/wordpress\/wp-content\/uploads\/2025\/09\/Sortie3_jour3_montee2-1800x2400.jpg 1800w, https:\/\/cas-jura.ch\/wordpress\/wp-content\/uploads\/2025\/09\/Sortie3_jour3_montee2-900x1200.jpg 900w, https:\/\/cas-jura.ch\/wordpress\/wp-content\/uploads\/2025\/09\/Sortie3_jour3_montee2-scaled.jpg 1920w\" sizes=\"auto, (max-width: 768px) 100vw, 768px\" \/><\/figure>\n<\/div>\n\n\n\n<div class=\"wp-block-column is-layout-flow wp-block-column-is-layout-flow\" style=\"flex-basis:50%\">\n<figure class=\"wp-block-image size-large\"><img loading=\"lazy\" decoding=\"async\" width=\"768\" height=\"1024\" src=\"https:\/\/cas-jura.ch\/wordpress\/wp-content\/uploads\/2025\/09\/Sortie3_jour3_montee-768x1024.jpg\" alt=\"\" class=\"wp-image-4903\" srcset=\"https:\/\/cas-jura.ch\/wordpress\/wp-content\/uploads\/2025\/09\/Sortie3_jour3_montee-768x1024.jpg 768w, https:\/\/cas-jura.ch\/wordpress\/wp-content\/uploads\/2025\/09\/Sortie3_jour3_montee-225x300.jpg 225w, https:\/\/cas-jura.ch\/wordpress\/wp-content\/uploads\/2025\/09\/Sortie3_jour3_montee-1152x1536.jpg 1152w, https:\/\/cas-jura.ch\/wordpress\/wp-content\/uploads\/2025\/09\/Sortie3_jour3_montee-1536x2048.jpg 1536w, https:\/\/cas-jura.ch\/wordpress\/wp-content\/uploads\/2025\/09\/Sortie3_jour3_montee-1800x2400.jpg 1800w, https:\/\/cas-jura.ch\/wordpress\/wp-content\/uploads\/2025\/09\/Sortie3_jour3_montee-900x1200.jpg 900w, https:\/\/cas-jura.ch\/wordpress\/wp-content\/uploads\/2025\/09\/Sortie3_jour3_montee-scaled.jpg 1920w\" sizes=\"auto, (max-width: 768px) 100vw, 768px\" \/><\/figure>\n<\/div>\n<\/div>\n\n\n\n<figure class=\"wp-block-image aligncenter size-large is-resized\"><img loading=\"lazy\" decoding=\"async\" width=\"768\" height=\"1024\" src=\"https:\/\/cas-jura.ch\/wordpress\/wp-content\/uploads\/2025\/09\/Sortie3_jour3_montee3-1-768x1024.jpg\" alt=\"\" class=\"wp-image-4906\" style=\"width:398px;height:auto\" srcset=\"https:\/\/cas-jura.ch\/wordpress\/wp-content\/uploads\/2025\/09\/Sortie3_jour3_montee3-1-768x1024.jpg 768w, https:\/\/cas-jura.ch\/wordpress\/wp-content\/uploads\/2025\/09\/Sortie3_jour3_montee3-1-225x300.jpg 225w, https:\/\/cas-jura.ch\/wordpress\/wp-content\/uploads\/2025\/09\/Sortie3_jour3_montee3-1-1152x1536.jpg 1152w, https:\/\/cas-jura.ch\/wordpress\/wp-content\/uploads\/2025\/09\/Sortie3_jour3_montee3-1-1536x2048.jpg 1536w, https:\/\/cas-jura.ch\/wordpress\/wp-content\/uploads\/2025\/09\/Sortie3_jour3_montee3-1-1800x2400.jpg 1800w, https:\/\/cas-jura.ch\/wordpress\/wp-content\/uploads\/2025\/09\/Sortie3_jour3_montee3-1-900x1200.jpg 900w, https:\/\/cas-jura.ch\/wordpress\/wp-content\/uploads\/2025\/09\/Sortie3_jour3_montee3-1-scaled.jpg 1920w\" sizes=\"auto, (max-width: 768px) 100vw, 768px\" \/><\/figure>\n\n\n\n<p>Jour 3. Arpelistock. Le groupe arrive au sommet. La vue sur le Valais et le glacier de la plaine morte est imprenable et la descente s\u2019annonce tout autant m\u00e9morable.<\/p>\n\n\n\n<figure class=\"wp-block-image aligncenter size-large is-resized\"><img loading=\"lazy\" decoding=\"async\" width=\"768\" height=\"1024\" src=\"https:\/\/cas-jura.ch\/wordpress\/wp-content\/uploads\/2025\/09\/Sortie3_jour3_sommet2-768x1024.jpg\" alt=\"\" class=\"wp-image-4908\" style=\"width:556px;height:auto\" srcset=\"https:\/\/cas-jura.ch\/wordpress\/wp-content\/uploads\/2025\/09\/Sortie3_jour3_sommet2-768x1024.jpg 768w, https:\/\/cas-jura.ch\/wordpress\/wp-content\/uploads\/2025\/09\/Sortie3_jour3_sommet2-225x300.jpg 225w, https:\/\/cas-jura.ch\/wordpress\/wp-content\/uploads\/2025\/09\/Sortie3_jour3_sommet2-1152x1536.jpg 1152w, https:\/\/cas-jura.ch\/wordpress\/wp-content\/uploads\/2025\/09\/Sortie3_jour3_sommet2-1536x2048.jpg 1536w, https:\/\/cas-jura.ch\/wordpress\/wp-content\/uploads\/2025\/09\/Sortie3_jour3_sommet2-1800x2400.jpg 1800w, https:\/\/cas-jura.ch\/wordpress\/wp-content\/uploads\/2025\/09\/Sortie3_jour3_sommet2-900x1200.jpg 900w, https:\/\/cas-jura.ch\/wordpress\/wp-content\/uploads\/2025\/09\/Sortie3_jour3_sommet2-scaled.jpg 1920w\" sizes=\"auto, (max-width: 768px) 100vw, 768px\" \/><\/figure>\n\n\n\n<p>Jour 3. Descente sur le Lauenensee. Soleil, poudreuse, neige vierge. Le combo parfait pour la derni\u00e8re descente de cette cuv\u00e9e 2025 de l\u2019initiation au ski de randonn\u00e9e. Le moment est hors du temps.<\/p>\n\n\n\n<div class=\"wp-block-columns is-layout-flex wp-container-core-columns-is-layout-9d6595d7 wp-block-columns-is-layout-flex\">\n<div class=\"wp-block-column is-layout-flow wp-block-column-is-layout-flow\" style=\"flex-basis:50%\">\n<figure class=\"wp-block-gallery has-nested-images columns-default is-cropped wp-block-gallery-1 is-layout-flex wp-block-gallery-is-layout-flex\">\n<figure class=\"wp-block-image size-large\"><img loading=\"lazy\" decoding=\"async\" width=\"768\" height=\"1024\" data-id=\"4914\" src=\"https:\/\/cas-jura.ch\/wordpress\/wp-content\/uploads\/2025\/09\/Sortie3_jour3_descente2-1-768x1024.jpg\" alt=\"\" class=\"wp-image-4914\" srcset=\"https:\/\/cas-jura.ch\/wordpress\/wp-content\/uploads\/2025\/09\/Sortie3_jour3_descente2-1-768x1024.jpg 768w, https:\/\/cas-jura.ch\/wordpress\/wp-content\/uploads\/2025\/09\/Sortie3_jour3_descente2-1-225x300.jpg 225w, https:\/\/cas-jura.ch\/wordpress\/wp-content\/uploads\/2025\/09\/Sortie3_jour3_descente2-1-1152x1536.jpg 1152w, https:\/\/cas-jura.ch\/wordpress\/wp-content\/uploads\/2025\/09\/Sortie3_jour3_descente2-1-1536x2048.jpg 1536w, https:\/\/cas-jura.ch\/wordpress\/wp-content\/uploads\/2025\/09\/Sortie3_jour3_descente2-1-1800x2400.jpg 1800w, https:\/\/cas-jura.ch\/wordpress\/wp-content\/uploads\/2025\/09\/Sortie3_jour3_descente2-1-900x1200.jpg 900w, https:\/\/cas-jura.ch\/wordpress\/wp-content\/uploads\/2025\/09\/Sortie3_jour3_descente2-1-scaled.jpg 1920w\" sizes=\"auto, (max-width: 768px) 100vw, 768px\" \/><\/figure>\n<\/figure>\n<\/div>\n\n\n\n<div class=\"wp-block-column is-layout-flow wp-block-column-is-layout-flow\" style=\"flex-basis:50%\">\n<figure class=\"wp-block-image size-large\"><img loading=\"lazy\" decoding=\"async\" width=\"768\" height=\"1024\" src=\"https:\/\/cas-jura.ch\/wordpress\/wp-content\/uploads\/2025\/09\/Sortie3_jour3_descente-4-768x1024.jpg\" alt=\"\" class=\"wp-image-4916\" srcset=\"https:\/\/cas-jura.ch\/wordpress\/wp-content\/uploads\/2025\/09\/Sortie3_jour3_descente-4-768x1024.jpg 768w, https:\/\/cas-jura.ch\/wordpress\/wp-content\/uploads\/2025\/09\/Sortie3_jour3_descente-4-225x300.jpg 225w, https:\/\/cas-jura.ch\/wordpress\/wp-content\/uploads\/2025\/09\/Sortie3_jour3_descente-4-1152x1536.jpg 1152w, https:\/\/cas-jura.ch\/wordpress\/wp-content\/uploads\/2025\/09\/Sortie3_jour3_descente-4-1536x2048.jpg 1536w, https:\/\/cas-jura.ch\/wordpress\/wp-content\/uploads\/2025\/09\/Sortie3_jour3_descente-4-1800x2400.jpg 1800w, https:\/\/cas-jura.ch\/wordpress\/wp-content\/uploads\/2025\/09\/Sortie3_jour3_descente-4-900x1200.jpg 900w, https:\/\/cas-jura.ch\/wordpress\/wp-content\/uploads\/2025\/09\/Sortie3_jour3_descente-4-scaled.jpg 1920w\" sizes=\"auto, (max-width: 768px) 100vw, 768px\" \/><\/figure>\n<\/div>\n<\/div>\n\n\n\n<p>Jour 3. Lauenensee. Apr\u00e8s une pause \u00e0 la Geltenhutte pour l\u2019un des membres, histoire d\u2019\u00e9vacuer les gendarmes qui lui tordent le ventre depuis quelques heures, le groupe se rassemble sur le parking du Lauenensee. C\u2019est le moment de se dire au revoir, ou \u00e0 bient\u00f4t. En fait non, il faut marquer le coup. Direction l\u2019auberge de Lauenen pour une derni\u00e8re bi\u00e8re\u2026 et pour commencer \u00e0 pr\u00e9parer les sorties de l\u2019hiver prochain&nbsp;!<\/p>\n\n\n\n<figure class=\"wp-block-image aligncenter size-large\"><img decoding=\"async\" src=\"https:\/\/cas-jura.ch\/wordpress\/wp-content\/uploads\/2025\/09\/Sortie3_jour3_sommet-1-1024x768.jpg\" alt=\"\" class=\"wp-image-4915\"\/><\/figure>\n","protected":false},"excerpt":{"rendered":"<p>Dates&nbsp;: 19 janvier \/ 2 f\u00e9vrier \/ 28 \u2013 30 mars Participant.e.s&nbsp;: Fred, Gigi, Lo\u00efc, Maryline, M\u00e9line, Yannick, Emilien, Seb Chef.fe.s de course&nbsp;: Delphine, Patrick, &#8230;<\/p>\n","protected":false},"author":975923,"featured_media":4915,"comment_status":"closed","ping_status":"closed","sticky":false,"template":"","format":"standard","meta":{"_jetpack_memberships_contains_paid_content":false,"footnotes":""},"categories":[1],"tags":[],"class_list":["post-4866","post","type-post","status-publish","format-standard","has-post-thumbnail","hentry","category-uncategorized"],"jetpack_featured_media_url":"https:\/\/cas-jura.ch\/wordpress\/wp-content\/uploads\/2025\/09\/Sortie3_jour3_sommet-1-e1758879196930.jpg","jetpack_sharing_enabled":true,"_links":{"self":[{"href":"https:\/\/cas-jura.ch\/index.php?rest_route=\/wp\/v2\/posts\/4866","targetHints":{"allow":["GET"]}}],"collection":[{"href":"https:\/\/cas-jura.ch\/index.php?rest_route=\/wp\/v2\/posts"}],"about":[{"href":"https:\/\/cas-jura.ch\/index.php?rest_route=\/wp\/v2\/types\/post"}],"author":[{"embeddable":true,"href":"https:\/\/cas-jura.ch\/index.php?rest_route=\/wp\/v2\/users\/975923"}],"replies":[{"embeddable":true,"href":"https:\/\/cas-jura.ch\/index.php?rest_route=%2Fwp%2Fv2%2Fcomments&post=4866"}],"version-history":[{"count":3,"href":"https:\/\/cas-jura.ch\/index.php?rest_route=\/wp\/v2\/posts\/4866\/revisions"}],"predecessor-version":[{"id":4918,"href":"https:\/\/cas-jura.ch\/index.php?rest_route=\/wp\/v2\/posts\/4866\/revisions\/4918"}],"wp:featuredmedia":[{"embeddable":true,"href":"https:\/\/cas-jura.ch\/index.php?rest_route=\/wp\/v2\/media\/4915"}],"wp:attachment":[{"href":"https:\/\/cas-jura.ch\/index.php?rest_route=%2Fwp%2Fv2%2Fmedia&parent=4866"}],"wp:term":[{"taxonomy":"category","embeddable":true,"href":"https:\/\/cas-jura.ch\/index.php?rest_route=%2Fwp%2Fv2%2Fcategories&post=4866"},{"taxonomy":"post_tag","embeddable":true,"href":"https:\/\/cas-jura.ch\/index.php?rest_route=%2Fwp%2Fv2%2Ftags&post=4866"}],"curies":[{"name":"wp","href":"https:\/\/api.w.org\/{rel}","templated":true}]}}