{"id":5144,"date":"2025-12-12T21:28:22","date_gmt":"2025-12-12T20:28:22","guid":{"rendered":"https:\/\/cas-jura.ch\/?p=5144"},"modified":"2025-12-12T21:34:19","modified_gmt":"2025-12-12T20:34:19","slug":"sortie-du-comite-a-la-fouly-13-14-septembre-2025","status":"publish","type":"post","link":"https:\/\/cas-jura.ch\/?p=5144","title":{"rendered":"Sortie du comit\u00e9 \u00e0 la Fouly 13-14 septembre 2025"},"content":{"rendered":"\n<p>Participants : Sandrine, Doriane, Corinne, Emilien, Jean-Michel et Lo\u00efc<\/p>\n\n\n\n<p>Comme nous nous voyons si peu durant l\u2019ann\u00e9e, il fallait bien qu\u2019on se retrouve encore tout un week-end !!!<\/p>\n\n\n\n<p>Ce fut chose faite \u00e0 La Fouly. Au programme beaucoup de randonn\u00e9e (pas forc\u00e9ment pour tous au final), un peu d\u2019ap\u00e9ros, de plus ou moins bons repas mais surtout \u00e9norm\u00e9ment de moments de franches rigolades.<\/p>\n\n\n\n<p>Bref nous repartons avec des liens encore renforc\u00e9s et plus motiv\u00e9s que jamais \u00e0 continuer \u00e0 \u0153uvrer pour la section Jura du CAS !<\/p>\n\n\n\n<figure class=\"wp-block-image size-large\"><img loading=\"lazy\" decoding=\"async\" width=\"1024\" height=\"462\" src=\"https:\/\/cas-jura.ch\/wordpress\/wp-content\/uploads\/2025\/12\/259ab5d6-963d-46d9-a7d5-35fed55638f1-1024x462.jpg\" alt=\"\" class=\"wp-image-5154\" srcset=\"https:\/\/cas-jura.ch\/wordpress\/wp-content\/uploads\/2025\/12\/259ab5d6-963d-46d9-a7d5-35fed55638f1-1024x462.jpg 1024w, https:\/\/cas-jura.ch\/wordpress\/wp-content\/uploads\/2025\/12\/259ab5d6-963d-46d9-a7d5-35fed55638f1-300x135.jpg 300w, https:\/\/cas-jura.ch\/wordpress\/wp-content\/uploads\/2025\/12\/259ab5d6-963d-46d9-a7d5-35fed55638f1-768x346.jpg 768w, https:\/\/cas-jura.ch\/wordpress\/wp-content\/uploads\/2025\/12\/259ab5d6-963d-46d9-a7d5-35fed55638f1-1536x692.jpg 1536w, https:\/\/cas-jura.ch\/wordpress\/wp-content\/uploads\/2025\/12\/259ab5d6-963d-46d9-a7d5-35fed55638f1-1800x811.jpg 1800w, https:\/\/cas-jura.ch\/wordpress\/wp-content\/uploads\/2025\/12\/259ab5d6-963d-46d9-a7d5-35fed55638f1.jpg 2048w\" sizes=\"auto, (max-width: 1024px) 100vw, 1024px\" \/><\/figure>\n\n\n\n<figure class=\"wp-block-image size-large\"><img loading=\"lazy\" decoding=\"async\" width=\"1024\" height=\"768\" src=\"https:\/\/cas-jura.ch\/wordpress\/wp-content\/uploads\/2025\/12\/fdc3edf5-412a-4bf5-89a2-5fefb94ec0b0-1024x768.jpeg\" alt=\"\" class=\"wp-image-5149\" srcset=\"https:\/\/cas-jura.ch\/wordpress\/wp-content\/uploads\/2025\/12\/fdc3edf5-412a-4bf5-89a2-5fefb94ec0b0-1024x768.jpeg 1024w, https:\/\/cas-jura.ch\/wordpress\/wp-content\/uploads\/2025\/12\/fdc3edf5-412a-4bf5-89a2-5fefb94ec0b0-300x225.jpeg 300w, https:\/\/cas-jura.ch\/wordpress\/wp-content\/uploads\/2025\/12\/fdc3edf5-412a-4bf5-89a2-5fefb94ec0b0-768x576.jpeg 768w, https:\/\/cas-jura.ch\/wordpress\/wp-content\/uploads\/2025\/12\/fdc3edf5-412a-4bf5-89a2-5fefb94ec0b0-1536x1152.jpeg 1536w, https:\/\/cas-jura.ch\/wordpress\/wp-content\/uploads\/2025\/12\/fdc3edf5-412a-4bf5-89a2-5fefb94ec0b0-1800x1350.jpeg 1800w, https:\/\/cas-jura.ch\/wordpress\/wp-content\/uploads\/2025\/12\/fdc3edf5-412a-4bf5-89a2-5fefb94ec0b0.jpeg 2040w\" sizes=\"auto, (max-width: 1024px) 100vw, 1024px\" \/><\/figure>\n\n\n\n<figure class=\"wp-block-gallery has-nested-images columns-default is-cropped wp-block-gallery-1 is-layout-flex wp-block-gallery-is-layout-flex\">\n<figure class=\"wp-block-image size-large\"><img loading=\"lazy\" decoding=\"async\" width=\"461\" height=\"1024\" data-id=\"5147\" src=\"https:\/\/cas-jura.ch\/wordpress\/wp-content\/uploads\/2025\/12\/dfee7e40-75a0-4918-a077-72f079de931f-461x1024.jpeg\" alt=\"\" class=\"wp-image-5147\" srcset=\"https:\/\/cas-jura.ch\/wordpress\/wp-content\/uploads\/2025\/12\/dfee7e40-75a0-4918-a077-72f079de931f-461x1024.jpeg 461w, https:\/\/cas-jura.ch\/wordpress\/wp-content\/uploads\/2025\/12\/dfee7e40-75a0-4918-a077-72f079de931f-135x300.jpeg 135w, https:\/\/cas-jura.ch\/wordpress\/wp-content\/uploads\/2025\/12\/dfee7e40-75a0-4918-a077-72f079de931f-768x1707.jpeg 768w, https:\/\/cas-jura.ch\/wordpress\/wp-content\/uploads\/2025\/12\/dfee7e40-75a0-4918-a077-72f079de931f-691x1536.jpeg 691w, https:\/\/cas-jura.ch\/wordpress\/wp-content\/uploads\/2025\/12\/dfee7e40-75a0-4918-a077-72f079de931f.jpeg 900w\" sizes=\"auto, (max-width: 461px) 100vw, 461px\" \/><\/figure>\n\n\n\n<figure class=\"wp-block-image size-large\"><img loading=\"lazy\" decoding=\"async\" width=\"768\" height=\"1024\" data-id=\"5145\" src=\"https:\/\/cas-jura.ch\/wordpress\/wp-content\/uploads\/2025\/12\/453ef93b-6012-43a6-b78d-2a25eb6cdbd9-768x1024.jpeg\" alt=\"\" class=\"wp-image-5145\" srcset=\"https:\/\/cas-jura.ch\/wordpress\/wp-content\/uploads\/2025\/12\/453ef93b-6012-43a6-b78d-2a25eb6cdbd9-768x1024.jpeg 768w, https:\/\/cas-jura.ch\/wordpress\/wp-content\/uploads\/2025\/12\/453ef93b-6012-43a6-b78d-2a25eb6cdbd9-225x300.jpeg 225w, https:\/\/cas-jura.ch\/wordpress\/wp-content\/uploads\/2025\/12\/453ef93b-6012-43a6-b78d-2a25eb6cdbd9-1152x1536.jpeg 1152w, https:\/\/cas-jura.ch\/wordpress\/wp-content\/uploads\/2025\/12\/453ef93b-6012-43a6-b78d-2a25eb6cdbd9-900x1200.jpeg 900w, https:\/\/cas-jura.ch\/wordpress\/wp-content\/uploads\/2025\/12\/453ef93b-6012-43a6-b78d-2a25eb6cdbd9.jpeg 1530w\" sizes=\"auto, (max-width: 768px) 100vw, 768px\" \/><\/figure>\n\n\n\n<figure class=\"wp-block-image size-large\"><img loading=\"lazy\" decoding=\"async\" width=\"461\" height=\"1024\" data-id=\"5153\" src=\"https:\/\/cas-jura.ch\/wordpress\/wp-content\/uploads\/2025\/12\/31a98d67-b9b0-4fa5-a97e-ccb625c95d90-461x1024.jpg\" alt=\"\" class=\"wp-image-5153\" srcset=\"https:\/\/cas-jura.ch\/wordpress\/wp-content\/uploads\/2025\/12\/31a98d67-b9b0-4fa5-a97e-ccb625c95d90-461x1024.jpg 461w, https:\/\/cas-jura.ch\/wordpress\/wp-content\/uploads\/2025\/12\/31a98d67-b9b0-4fa5-a97e-ccb625c95d90-135x300.jpg 135w, https:\/\/cas-jura.ch\/wordpress\/wp-content\/uploads\/2025\/12\/31a98d67-b9b0-4fa5-a97e-ccb625c95d90-768x1707.jpg 768w, https:\/\/cas-jura.ch\/wordpress\/wp-content\/uploads\/2025\/12\/31a98d67-b9b0-4fa5-a97e-ccb625c95d90-691x1536.jpg 691w, https:\/\/cas-jura.ch\/wordpress\/wp-content\/uploads\/2025\/12\/31a98d67-b9b0-4fa5-a97e-ccb625c95d90.jpg 900w\" sizes=\"auto, (max-width: 461px) 100vw, 461px\" \/><\/figure>\n<\/figure>\n\n\n\n<figure class=\"wp-block-image size-large\"><img loading=\"lazy\" decoding=\"async\" width=\"1024\" height=\"462\" src=\"https:\/\/cas-jura.ch\/wordpress\/wp-content\/uploads\/2025\/12\/1b97f302-b6b5-4883-9bca-ecd53201fe7c-1-1024x462.jpg\" alt=\"\" class=\"wp-image-5156\" srcset=\"https:\/\/cas-jura.ch\/wordpress\/wp-content\/uploads\/2025\/12\/1b97f302-b6b5-4883-9bca-ecd53201fe7c-1-1024x462.jpg 1024w, https:\/\/cas-jura.ch\/wordpress\/wp-content\/uploads\/2025\/12\/1b97f302-b6b5-4883-9bca-ecd53201fe7c-1-300x135.jpg 300w, https:\/\/cas-jura.ch\/wordpress\/wp-content\/uploads\/2025\/12\/1b97f302-b6b5-4883-9bca-ecd53201fe7c-1-768x346.jpg 768w, https:\/\/cas-jura.ch\/wordpress\/wp-content\/uploads\/2025\/12\/1b97f302-b6b5-4883-9bca-ecd53201fe7c-1-1536x692.jpg 1536w, https:\/\/cas-jura.ch\/wordpress\/wp-content\/uploads\/2025\/12\/1b97f302-b6b5-4883-9bca-ecd53201fe7c-1-1800x811.jpg 1800w, https:\/\/cas-jura.ch\/wordpress\/wp-content\/uploads\/2025\/12\/1b97f302-b6b5-4883-9bca-ecd53201fe7c-1.jpg 2048w\" sizes=\"auto, (max-width: 1024px) 100vw, 1024px\" \/><\/figure>\n","protected":false},"excerpt":{"rendered":"<p>Participants : Sandrine, Doriane, Corinne, Emilien, Jean-Michel et Lo\u00efc Comme nous nous voyons si peu durant l\u2019ann\u00e9e, il fallait bien qu\u2019on se retrouve encore tout &#8230;<\/p>\n","protected":false},"author":975923,"featured_media":5155,"comment_status":"closed","ping_status":"closed","sticky":false,"template":"","format":"standard","meta":{"_jetpack_memberships_contains_paid_content":false,"footnotes":""},"categories":[1],"tags":[],"class_list":["post-5144","post","type-post","status-publish","format-standard","has-post-thumbnail","hentry","category-uncategorized"],"jetpack_featured_media_url":"https:\/\/cas-jura.ch\/wordpress\/wp-content\/uploads\/2025\/12\/a3c49077-b136-4bc2-ab38-ae740a1a54cb.jpg","jetpack_sharing_enabled":true,"_links":{"self":[{"href":"https:\/\/cas-jura.ch\/index.php?rest_route=\/wp\/v2\/posts\/5144","targetHints":{"allow":["GET"]}}],"collection":[{"href":"https:\/\/cas-jura.ch\/index.php?rest_route=\/wp\/v2\/posts"}],"about":[{"href":"https:\/\/cas-jura.ch\/index.php?rest_route=\/wp\/v2\/types\/post"}],"author":[{"embeddable":true,"href":"https:\/\/cas-jura.ch\/index.php?rest_route=\/wp\/v2\/users\/975923"}],"replies":[{"embeddable":true,"href":"https:\/\/cas-jura.ch\/index.php?rest_route=%2Fwp%2Fv2%2Fcomments&post=5144"}],"version-history":[{"count":2,"href":"https:\/\/cas-jura.ch\/index.php?rest_route=\/wp\/v2\/posts\/5144\/revisions"}],"predecessor-version":[{"id":5157,"href":"https:\/\/cas-jura.ch\/index.php?rest_route=\/wp\/v2\/posts\/5144\/revisions\/5157"}],"wp:featuredmedia":[{"embeddable":true,"href":"https:\/\/cas-jura.ch\/index.php?rest_route=\/wp\/v2\/media\/5155"}],"wp:attachment":[{"href":"https:\/\/cas-jura.ch\/index.php?rest_route=%2Fwp%2Fv2%2Fmedia&parent=5144"}],"wp:term":[{"taxonomy":"category","embeddable":true,"href":"https:\/\/cas-jura.ch\/index.php?rest_route=%2Fwp%2Fv2%2Fcategories&post=5144"},{"taxonomy":"post_tag","embeddable":true,"href":"https:\/\/cas-jura.ch\/index.php?rest_route=%2Fwp%2Fv2%2Ftags&post=5144"}],"curies":[{"name":"wp","href":"https:\/\/api.w.org\/{rel}","templated":true}]}}