{"id":5169,"date":"2026-01-06T08:38:16","date_gmt":"2026-01-06T07:38:16","guid":{"rendered":"https:\/\/cas-jura.ch\/?p=5169"},"modified":"2026-01-06T08:38:18","modified_gmt":"2026-01-06T07:38:18","slug":"les-rangiers-la-claude-chappuis-2-03-2025","status":"publish","type":"post","link":"https:\/\/cas-jura.ch\/?p=5169","title":{"rendered":"Les Rangiers &#8211; La Claude Chappuis 2.03.2025"},"content":{"rendered":"\n<p><strong>CAS JURA &#8211; RAPPORT DE COURSE<\/strong><\/p>\n\n\n\n<p><strong>Date&nbsp;:&nbsp;&nbsp;&nbsp;&nbsp;&nbsp;&nbsp;&nbsp;&nbsp;&nbsp;&nbsp;&nbsp;&nbsp;&nbsp;&nbsp;&nbsp;&nbsp;&nbsp;&nbsp;&nbsp;&nbsp;&nbsp;&nbsp;&nbsp;&nbsp;&nbsp;&nbsp;&nbsp;&nbsp;&nbsp;&nbsp;&nbsp;&nbsp;&nbsp;&nbsp;&nbsp;&nbsp;&nbsp;&nbsp;&nbsp;&nbsp;&nbsp;&nbsp;&nbsp;&nbsp;&nbsp;&nbsp;&nbsp;&nbsp;&nbsp; 2.03.2025 &#8211; carnaval&nbsp;&nbsp;&nbsp;&nbsp;&nbsp;&nbsp;&nbsp;&nbsp;&nbsp;&nbsp;&nbsp;&nbsp;&nbsp;&nbsp;&nbsp;&nbsp;&nbsp;&nbsp;&nbsp;&nbsp;&nbsp;&nbsp;&nbsp;&nbsp;&nbsp;&nbsp;&nbsp;&nbsp;&nbsp;&nbsp;&nbsp;&nbsp;&nbsp; Cdc&nbsp;: Jos\u00e9 Theubet<\/strong><\/p>\n\n\n\n<p><strong>Itin\u00e9raire\u00a0:\u00a0\u00a0\u00a0\u00a0\u00a0\u00a0\u00a0\u00a0\u00a0\u00a0\u00a0\u00a0\u00a0\u00a0\u00a0\u00a0\u00a0\u00a0\u00a0\u00a0\u00a0\u00a0\u00a0\u00a0\u00a0\u00a0\u00a0\u00a0\u00a0\u00a0\u00a0\u00a0\u00a0\u00a0\u00a0\u00a0\u00a0\u00a0\u00a0 Les Rangiers \u2013 Claude-Chappuis \u2013 Les C\u00f4tes \u2013 cabane CAS<\/strong> <strong>&amp; repas<\/strong><\/p>\n\n\n\n<p>Nombre de participants&nbsp;:&nbsp;&nbsp;&nbsp;&nbsp;&nbsp;&nbsp;&nbsp;&nbsp;&nbsp; 18 participants \u00e0 la balade et 25 \u00e0 table<\/p>\n\n\n\n<p>Rdv 9h15 au parking des Rangiers pour la balade de St-Nicolas avant les vol-au-vent \u00ab&nbsp;maison&nbsp;\u00bb de Cricri, d\u00e8s notre retour \u00e0 la cabane CAS.<\/p>\n\n\n\n<p>9h30, nous longeons la route cantonale en direction de Develier et empruntons le chemin \u00e0 gauche en l\u00e9g\u00e8re mont\u00e9e \u00e0 travers la for\u00eat. Arriv\u00e9 au terminus du chemin, passage hors piste pour rejoindre un sentier qui surplombe la tranch\u00e9e du Fer \u00e0 Cheval et rejoindre un p\u00e2turage qui nous am\u00e8ne, au terme d\u2019une mont\u00e9e humide, en vue du restaurant \u00ab&nbsp;La Chaude-Chappuis&nbsp;\u00bb. Nous bifurquons sur le chemin \u00e0 la pente douce afin de rejoindre Le Sommet et revenir par la ferme Les C\u00f4tes, l\u2019antenne des Ordons et partager l\u2019ap\u00e9ro avec g\u00e2teaux \u00e0 la cr\u00e8me \u00ab&nbsp;maison&nbsp;\u00bb de Cricri.<\/p>\n\n\n\n<div class=\"wp-block-columns is-layout-flex wp-container-core-columns-is-layout-9d6595d7 wp-block-columns-is-layout-flex\">\n<div class=\"wp-block-column is-layout-flow wp-block-column-is-layout-flow\">\n<figure class=\"wp-block-image size-large\"><img loading=\"lazy\" decoding=\"async\" width=\"1024\" height=\"768\" src=\"https:\/\/cas-jura.ch\/wordpress\/wp-content\/uploads\/2026\/01\/WhatsApp-Image-2025-09-17-at-17.05.24-1024x768.jpeg\" alt=\"\" class=\"wp-image-5171\" srcset=\"https:\/\/cas-jura.ch\/wordpress\/wp-content\/uploads\/2026\/01\/WhatsApp-Image-2025-09-17-at-17.05.24-1024x768.jpeg 1024w, https:\/\/cas-jura.ch\/wordpress\/wp-content\/uploads\/2026\/01\/WhatsApp-Image-2025-09-17-at-17.05.24-300x225.jpeg 300w, https:\/\/cas-jura.ch\/wordpress\/wp-content\/uploads\/2026\/01\/WhatsApp-Image-2025-09-17-at-17.05.24-768x576.jpeg 768w, https:\/\/cas-jura.ch\/wordpress\/wp-content\/uploads\/2026\/01\/WhatsApp-Image-2025-09-17-at-17.05.24-1536x1152.jpeg 1536w, https:\/\/cas-jura.ch\/wordpress\/wp-content\/uploads\/2026\/01\/WhatsApp-Image-2025-09-17-at-17.05.24.jpeg 1600w\" sizes=\"auto, (max-width: 1024px) 100vw, 1024px\" \/><\/figure>\n<\/div>\n\n\n\n<div class=\"wp-block-column is-layout-flow wp-block-column-is-layout-flow\">\n<figure class=\"wp-block-image size-large\"><img loading=\"lazy\" decoding=\"async\" width=\"1024\" height=\"768\" src=\"https:\/\/cas-jura.ch\/wordpress\/wp-content\/uploads\/2026\/01\/WhatsApp-Image-2025-09-17-at-17.05.24-1-1024x768.jpeg\" alt=\"\" class=\"wp-image-5170\" srcset=\"https:\/\/cas-jura.ch\/wordpress\/wp-content\/uploads\/2026\/01\/WhatsApp-Image-2025-09-17-at-17.05.24-1-1024x768.jpeg 1024w, https:\/\/cas-jura.ch\/wordpress\/wp-content\/uploads\/2026\/01\/WhatsApp-Image-2025-09-17-at-17.05.24-1-300x225.jpeg 300w, https:\/\/cas-jura.ch\/wordpress\/wp-content\/uploads\/2026\/01\/WhatsApp-Image-2025-09-17-at-17.05.24-1-768x576.jpeg 768w, https:\/\/cas-jura.ch\/wordpress\/wp-content\/uploads\/2026\/01\/WhatsApp-Image-2025-09-17-at-17.05.24-1-1536x1152.jpeg 1536w, https:\/\/cas-jura.ch\/wordpress\/wp-content\/uploads\/2026\/01\/WhatsApp-Image-2025-09-17-at-17.05.24-1.jpeg 1600w\" sizes=\"auto, (max-width: 1024px) 100vw, 1024px\" \/><\/figure>\n<\/div>\n<\/div>\n\n\n\n<p>D\u2019autres clubistes nous rejoignent uniquement pour le repas. Un grand MERCI \u00e0 Cricri, de la paret des 25 participants, pour les vol-au-vent, le buffet de salade ainsi que le dessert.<\/p>\n\n\n\n<p>Belle ambiance de cabane entre clubistes de toute g\u00e9n\u00e9ration. A l\u2019ann\u00e9e prochaine \u2026<\/p>\n\n\n\n<div class=\"wp-block-columns is-layout-flex wp-container-core-columns-is-layout-9d6595d7 wp-block-columns-is-layout-flex\">\n<div class=\"wp-block-column is-layout-flow wp-block-column-is-layout-flow\">\n<figure class=\"wp-block-image size-large\"><img loading=\"lazy\" decoding=\"async\" width=\"768\" height=\"1024\" src=\"https:\/\/cas-jura.ch\/wordpress\/wp-content\/uploads\/2026\/01\/WhatsApp-Image-2025-09-17-at-17.05.24-3-768x1024.jpeg\" alt=\"\" class=\"wp-image-5172\" srcset=\"https:\/\/cas-jura.ch\/wordpress\/wp-content\/uploads\/2026\/01\/WhatsApp-Image-2025-09-17-at-17.05.24-3-768x1024.jpeg 768w, https:\/\/cas-jura.ch\/wordpress\/wp-content\/uploads\/2026\/01\/WhatsApp-Image-2025-09-17-at-17.05.24-3-225x300.jpeg 225w, https:\/\/cas-jura.ch\/wordpress\/wp-content\/uploads\/2026\/01\/WhatsApp-Image-2025-09-17-at-17.05.24-3-1152x1536.jpeg 1152w, https:\/\/cas-jura.ch\/wordpress\/wp-content\/uploads\/2026\/01\/WhatsApp-Image-2025-09-17-at-17.05.24-3-900x1200.jpeg 900w, https:\/\/cas-jura.ch\/wordpress\/wp-content\/uploads\/2026\/01\/WhatsApp-Image-2025-09-17-at-17.05.24-3.jpeg 1200w\" sizes=\"auto, (max-width: 768px) 100vw, 768px\" \/><\/figure>\n<\/div>\n\n\n\n<div class=\"wp-block-column is-layout-flow wp-block-column-is-layout-flow\">\n<figure class=\"wp-block-image size-large\"><img loading=\"lazy\" decoding=\"async\" width=\"768\" height=\"1024\" src=\"https:\/\/cas-jura.ch\/wordpress\/wp-content\/uploads\/2026\/01\/WhatsApp-Image-2025-09-17-at-17.05.24-2-768x1024.jpeg\" alt=\"\" class=\"wp-image-5173\" srcset=\"https:\/\/cas-jura.ch\/wordpress\/wp-content\/uploads\/2026\/01\/WhatsApp-Image-2025-09-17-at-17.05.24-2-768x1024.jpeg 768w, https:\/\/cas-jura.ch\/wordpress\/wp-content\/uploads\/2026\/01\/WhatsApp-Image-2025-09-17-at-17.05.24-2-225x300.jpeg 225w, https:\/\/cas-jura.ch\/wordpress\/wp-content\/uploads\/2026\/01\/WhatsApp-Image-2025-09-17-at-17.05.24-2-1152x1536.jpeg 1152w, https:\/\/cas-jura.ch\/wordpress\/wp-content\/uploads\/2026\/01\/WhatsApp-Image-2025-09-17-at-17.05.24-2-900x1200.jpeg 900w, https:\/\/cas-jura.ch\/wordpress\/wp-content\/uploads\/2026\/01\/WhatsApp-Image-2025-09-17-at-17.05.24-2.jpeg 1200w\" sizes=\"auto, (max-width: 768px) 100vw, 768px\" \/><\/figure>\n<\/div>\n<\/div>\n\n\n\n<figure class=\"wp-block-image size-large\"><img loading=\"lazy\" decoding=\"async\" width=\"1024\" height=\"768\" src=\"https:\/\/cas-jura.ch\/wordpress\/wp-content\/uploads\/2026\/01\/WhatsApp-Image-2025-09-17-at-17.04.22-1-1024x768.jpeg\" alt=\"\" class=\"wp-image-5174\" srcset=\"https:\/\/cas-jura.ch\/wordpress\/wp-content\/uploads\/2026\/01\/WhatsApp-Image-2025-09-17-at-17.04.22-1-1024x768.jpeg 1024w, https:\/\/cas-jura.ch\/wordpress\/wp-content\/uploads\/2026\/01\/WhatsApp-Image-2025-09-17-at-17.04.22-1-300x225.jpeg 300w, https:\/\/cas-jura.ch\/wordpress\/wp-content\/uploads\/2026\/01\/WhatsApp-Image-2025-09-17-at-17.04.22-1-768x576.jpeg 768w, https:\/\/cas-jura.ch\/wordpress\/wp-content\/uploads\/2026\/01\/WhatsApp-Image-2025-09-17-at-17.04.22-1-1536x1152.jpeg 1536w, https:\/\/cas-jura.ch\/wordpress\/wp-content\/uploads\/2026\/01\/WhatsApp-Image-2025-09-17-at-17.04.22-1.jpeg 1600w\" sizes=\"auto, (max-width: 1024px) 100vw, 1024px\" \/><\/figure>\n","protected":false},"excerpt":{"rendered":"<p>CAS JURA &#8211; RAPPORT DE COURSE Date&nbsp;:&nbsp;&nbsp;&nbsp;&nbsp;&nbsp;&nbsp;&nbsp;&nbsp;&nbsp;&nbsp;&nbsp;&nbsp;&nbsp;&nbsp;&nbsp;&nbsp;&nbsp;&nbsp;&nbsp;&nbsp;&nbsp;&nbsp;&nbsp;&nbsp;&nbsp;&nbsp;&nbsp;&nbsp;&nbsp;&nbsp;&nbsp;&nbsp;&nbsp;&nbsp;&nbsp;&nbsp;&nbsp;&nbsp;&nbsp;&nbsp;&nbsp;&nbsp;&nbsp;&nbsp;&nbsp;&nbsp;&nbsp;&nbsp;&nbsp; 2.03.2025 &#8211; carnaval&nbsp;&nbsp;&nbsp;&nbsp;&nbsp;&nbsp;&nbsp;&nbsp;&nbsp;&nbsp;&nbsp;&nbsp;&nbsp;&nbsp;&nbsp;&nbsp;&nbsp;&nbsp;&nbsp;&nbsp;&nbsp;&nbsp;&nbsp;&nbsp;&nbsp;&nbsp;&nbsp;&nbsp;&nbsp;&nbsp;&nbsp;&nbsp;&nbsp; Cdc&nbsp;: Jos\u00e9 Theubet Itin\u00e9raire\u00a0:\u00a0\u00a0\u00a0\u00a0\u00a0\u00a0\u00a0\u00a0\u00a0\u00a0\u00a0\u00a0\u00a0\u00a0\u00a0\u00a0\u00a0\u00a0\u00a0\u00a0\u00a0\u00a0\u00a0\u00a0\u00a0\u00a0\u00a0\u00a0\u00a0\u00a0\u00a0\u00a0\u00a0\u00a0\u00a0\u00a0\u00a0\u00a0\u00a0 Les Rangiers \u2013 Claude-Chappuis \u2013 Les C\u00f4tes \u2013 cabane CAS &amp; &#8230;<\/p>\n","protected":false},"author":975923,"featured_media":5174,"comment_status":"closed","ping_status":"closed","sticky":false,"template":"","format":"standard","meta":{"_jetpack_memberships_contains_paid_content":false,"footnotes":""},"categories":[1],"tags":[],"class_list":["post-5169","post","type-post","status-publish","format-standard","has-post-thumbnail","hentry","category-uncategorized"],"jetpack_featured_media_url":"https:\/\/cas-jura.ch\/wordpress\/wp-content\/uploads\/2026\/01\/WhatsApp-Image-2025-09-17-at-17.04.22-1.jpeg","jetpack_sharing_enabled":true,"_links":{"self":[{"href":"https:\/\/cas-jura.ch\/index.php?rest_route=\/wp\/v2\/posts\/5169","targetHints":{"allow":["GET"]}}],"collection":[{"href":"https:\/\/cas-jura.ch\/index.php?rest_route=\/wp\/v2\/posts"}],"about":[{"href":"https:\/\/cas-jura.ch\/index.php?rest_route=\/wp\/v2\/types\/post"}],"author":[{"embeddable":true,"href":"https:\/\/cas-jura.ch\/index.php?rest_route=\/wp\/v2\/users\/975923"}],"replies":[{"embeddable":true,"href":"https:\/\/cas-jura.ch\/index.php?rest_route=%2Fwp%2Fv2%2Fcomments&post=5169"}],"version-history":[{"count":1,"href":"https:\/\/cas-jura.ch\/index.php?rest_route=\/wp\/v2\/posts\/5169\/revisions"}],"predecessor-version":[{"id":5175,"href":"https:\/\/cas-jura.ch\/index.php?rest_route=\/wp\/v2\/posts\/5169\/revisions\/5175"}],"wp:featuredmedia":[{"embeddable":true,"href":"https:\/\/cas-jura.ch\/index.php?rest_route=\/wp\/v2\/media\/5174"}],"wp:attachment":[{"href":"https:\/\/cas-jura.ch\/index.php?rest_route=%2Fwp%2Fv2%2Fmedia&parent=5169"}],"wp:term":[{"taxonomy":"category","embeddable":true,"href":"https:\/\/cas-jura.ch\/index.php?rest_route=%2Fwp%2Fv2%2Fcategories&post=5169"},{"taxonomy":"post_tag","embeddable":true,"href":"https:\/\/cas-jura.ch\/index.php?rest_route=%2Fwp%2Fv2%2Ftags&post=5169"}],"curies":[{"name":"wp","href":"https:\/\/api.w.org\/{rel}","templated":true}]}}