{"id":5176,"date":"2026-01-06T08:42:59","date_gmt":"2026-01-06T07:42:59","guid":{"rendered":"https:\/\/cas-jura.ch\/?p=5176"},"modified":"2026-01-06T08:43:04","modified_gmt":"2026-01-06T07:43:04","slug":"27-04-2025-chatillon-le-blanc-rochet","status":"publish","type":"post","link":"https:\/\/cas-jura.ch\/?p=5176","title":{"rendered":"27.04.2025 Ch\u00e2tillon &#8211; Le Blanc Rochet"},"content":{"rendered":"\n<p><strong>CAS JURA &#8211; RAPPORT DE COURSE<\/strong><\/p>\n\n\n\n<p><strong>Date&nbsp;:&nbsp;&nbsp;&nbsp;&nbsp;&nbsp;&nbsp;&nbsp;&nbsp;&nbsp;&nbsp;&nbsp;&nbsp;&nbsp;&nbsp;&nbsp;&nbsp;&nbsp;&nbsp;&nbsp;&nbsp;&nbsp;&nbsp;&nbsp;&nbsp;&nbsp;&nbsp;&nbsp;&nbsp;&nbsp;&nbsp;&nbsp;&nbsp;&nbsp;&nbsp;&nbsp;&nbsp;&nbsp;&nbsp;&nbsp;&nbsp;&nbsp;&nbsp;&nbsp;&nbsp;&nbsp;&nbsp;&nbsp;&nbsp;&nbsp; 27.04.2025&nbsp;&nbsp;&nbsp;&nbsp;&nbsp;&nbsp;&nbsp;&nbsp;&nbsp;&nbsp;&nbsp;&nbsp;&nbsp;&nbsp;&nbsp;&nbsp;&nbsp;&nbsp;&nbsp;&nbsp;&nbsp;&nbsp;&nbsp;&nbsp;&nbsp;&nbsp;&nbsp;&nbsp;&nbsp;&nbsp;&nbsp;&nbsp;&nbsp;&nbsp;&nbsp;&nbsp;&nbsp; Cdc&nbsp;: Jos\u00e9 Theubet<\/strong><\/p>\n\n\n\n<p><strong>Itin\u00e9raire&nbsp;:&nbsp;&nbsp;&nbsp;&nbsp;&nbsp;&nbsp;&nbsp;&nbsp;&nbsp;&nbsp;&nbsp;&nbsp;&nbsp;&nbsp;&nbsp;&nbsp;&nbsp;&nbsp;&nbsp;&nbsp;&nbsp;&nbsp;&nbsp;&nbsp;&nbsp;&nbsp;&nbsp;&nbsp;&nbsp;&nbsp;&nbsp;&nbsp;&nbsp;&nbsp;&nbsp;&nbsp;&nbsp;&nbsp;&nbsp; Ch\u00e2tillon \u2013 Peute Roche ou La Montagne \u2013 Blanc Rochet<\/strong><\/p>\n\n\n\n<p>Nombre de participants&nbsp;:&nbsp;&nbsp;&nbsp;&nbsp;&nbsp;&nbsp;&nbsp;&nbsp;&nbsp; Myriam, Nicole, Fabienne, Aline, Michel, Sandrine Alain, Danielle, Agn\u00e9s, Corinne, Jos\u00e9<\/p>\n\n\n\n<p>Deux parcours sont propos\u00e9s. Le premier avec un d\u00e9part de \u00ab&nbsp;La Montagne&nbsp;\u00bb 720m et le second au d\u00e9part de la cabane foresti\u00e8re 611m , via la raide mont\u00e9e sur la cornique calcaire de la Peute Roche 1029m. Ensuite rejoindre le 1<sup>er<\/sup> groupe aux abords des chalet des hauts de Vellerat. Depuis le chemin en cul-de-sac, emprunter le sentier qui m\u00eame au Blanc-Rochet 1070m, point de vue exceptionnel sur Del\u00e9mont, Court\u00e9telle, Develier, Ch\u00e2tillon et la Haute-Borne. Retour jusqu\u2019au chemin pour emprunter le sentier qui am\u00e8ne \u00e0 La Combe dans les Hauts de Roches. Afin d\u2019\u00e9viter de descendre, passage dans une p\u00e2turage qui suit la cr\u00eate pour arriver en for\u00eat. Arr\u00eat pic-nic \u00e0 l\u2019extr\u00e9mit\u00e9 du p\u00e2turage.<\/p>\n\n\n\n<figure class=\"wp-block-image size-large\"><img loading=\"lazy\" decoding=\"async\" width=\"1024\" height=\"768\" src=\"https:\/\/cas-jura.ch\/wordpress\/wp-content\/uploads\/2026\/01\/WhatsApp-Image-2025-09-17-at-17.03.27-2-1024x768.jpeg\" alt=\"\" class=\"wp-image-5177\" srcset=\"https:\/\/cas-jura.ch\/wordpress\/wp-content\/uploads\/2026\/01\/WhatsApp-Image-2025-09-17-at-17.03.27-2-1024x768.jpeg 1024w, https:\/\/cas-jura.ch\/wordpress\/wp-content\/uploads\/2026\/01\/WhatsApp-Image-2025-09-17-at-17.03.27-2-300x225.jpeg 300w, https:\/\/cas-jura.ch\/wordpress\/wp-content\/uploads\/2026\/01\/WhatsApp-Image-2025-09-17-at-17.03.27-2-768x576.jpeg 768w, https:\/\/cas-jura.ch\/wordpress\/wp-content\/uploads\/2026\/01\/WhatsApp-Image-2025-09-17-at-17.03.27-2-1536x1152.jpeg 1536w, https:\/\/cas-jura.ch\/wordpress\/wp-content\/uploads\/2026\/01\/WhatsApp-Image-2025-09-17-at-17.03.27-2.jpeg 1600w\" sizes=\"auto, (max-width: 1024px) 100vw, 1024px\" \/><\/figure>\n\n\n\n<p>Options pour la suite, sentier de cr\u00eate avec bosses de chameau ou tenter de suivre une trace en limitant les efforts sur le flan de la for\u00eat. Aucun sentier et f\u00f4ret&nbsp;\u00ab&nbsp;primaire&nbsp;\u00bb car l\u2019exploitation n\u2019y est pas possible, faute d\u2019acc\u00e8s. Apr\u00e8s 2,5 km et de nombreux efforts, nous retrouvons un chemin blanc \u00e0 15mn au-dessus des Fouchies. Nous continuons dans le sens oppos\u00e9 afin de prendre un passage longeant le ruisseau du Sacy et, apr\u00e8s un pont de fortune, contourner la for\u00eat de Montenol pour rejoindre la Montagne par un sentier non balis\u00e9.<\/p>\n\n\n\n<div class=\"wp-block-columns is-layout-flex wp-container-core-columns-is-layout-9d6595d7 wp-block-columns-is-layout-flex\">\n<div class=\"wp-block-column is-layout-flow wp-block-column-is-layout-flow\">\n<figure class=\"wp-block-image size-large\"><img loading=\"lazy\" decoding=\"async\" width=\"768\" height=\"1024\" src=\"https:\/\/cas-jura.ch\/wordpress\/wp-content\/uploads\/2026\/01\/WhatsApp-Image-2025-09-17-at-17.03.27-768x1024.jpeg\" alt=\"\" class=\"wp-image-5178\" srcset=\"https:\/\/cas-jura.ch\/wordpress\/wp-content\/uploads\/2026\/01\/WhatsApp-Image-2025-09-17-at-17.03.27-768x1024.jpeg 768w, https:\/\/cas-jura.ch\/wordpress\/wp-content\/uploads\/2026\/01\/WhatsApp-Image-2025-09-17-at-17.03.27-225x300.jpeg 225w, https:\/\/cas-jura.ch\/wordpress\/wp-content\/uploads\/2026\/01\/WhatsApp-Image-2025-09-17-at-17.03.27-1152x1536.jpeg 1152w, https:\/\/cas-jura.ch\/wordpress\/wp-content\/uploads\/2026\/01\/WhatsApp-Image-2025-09-17-at-17.03.27-900x1200.jpeg 900w, https:\/\/cas-jura.ch\/wordpress\/wp-content\/uploads\/2026\/01\/WhatsApp-Image-2025-09-17-at-17.03.27.jpeg 1200w\" sizes=\"auto, (max-width: 768px) 100vw, 768px\" \/><\/figure>\n<\/div>\n\n\n\n<div class=\"wp-block-column is-layout-flow wp-block-column-is-layout-flow\">\n<figure class=\"wp-block-image size-large\"><img loading=\"lazy\" decoding=\"async\" width=\"768\" height=\"1024\" src=\"https:\/\/cas-jura.ch\/wordpress\/wp-content\/uploads\/2026\/01\/WhatsApp-Image-2025-09-17-at-17.03.27-3-768x1024.jpeg\" alt=\"\" class=\"wp-image-5179\" srcset=\"https:\/\/cas-jura.ch\/wordpress\/wp-content\/uploads\/2026\/01\/WhatsApp-Image-2025-09-17-at-17.03.27-3-768x1024.jpeg 768w, https:\/\/cas-jura.ch\/wordpress\/wp-content\/uploads\/2026\/01\/WhatsApp-Image-2025-09-17-at-17.03.27-3-225x300.jpeg 225w, https:\/\/cas-jura.ch\/wordpress\/wp-content\/uploads\/2026\/01\/WhatsApp-Image-2025-09-17-at-17.03.27-3-1152x1536.jpeg 1152w, https:\/\/cas-jura.ch\/wordpress\/wp-content\/uploads\/2026\/01\/WhatsApp-Image-2025-09-17-at-17.03.27-3-900x1200.jpeg 900w, https:\/\/cas-jura.ch\/wordpress\/wp-content\/uploads\/2026\/01\/WhatsApp-Image-2025-09-17-at-17.03.27-3.jpeg 1200w\" sizes=\"auto, (max-width: 768px) 100vw, 768px\" \/><\/figure>\n<\/div>\n<\/div>\n\n\n\n<p>Pause boissons \u00e0 la cabane du ski-club de Ch\u00e2tillon. Apr\u00e8s une belle journ\u00e9e, des passages dans des endroits o\u00f9 seul le gibier y s\u00e9journe, nous rejoignons les voitures apr\u00e8s les au revoir d\u2019usage.<\/p>\n\n\n\n<p>Merci \u00e0 tous.<\/p>\n\n\n\n<figure class=\"wp-block-image size-large\"><img loading=\"lazy\" decoding=\"async\" width=\"1024\" height=\"768\" src=\"https:\/\/cas-jura.ch\/wordpress\/wp-content\/uploads\/2026\/01\/WhatsApp-Image-2025-09-17-at-17.03.27-1-1024x768.jpeg\" alt=\"\" class=\"wp-image-5181\" srcset=\"https:\/\/cas-jura.ch\/wordpress\/wp-content\/uploads\/2026\/01\/WhatsApp-Image-2025-09-17-at-17.03.27-1-1024x768.jpeg 1024w, https:\/\/cas-jura.ch\/wordpress\/wp-content\/uploads\/2026\/01\/WhatsApp-Image-2025-09-17-at-17.03.27-1-300x225.jpeg 300w, https:\/\/cas-jura.ch\/wordpress\/wp-content\/uploads\/2026\/01\/WhatsApp-Image-2025-09-17-at-17.03.27-1-768x576.jpeg 768w, https:\/\/cas-jura.ch\/wordpress\/wp-content\/uploads\/2026\/01\/WhatsApp-Image-2025-09-17-at-17.03.27-1-1536x1152.jpeg 1536w, https:\/\/cas-jura.ch\/wordpress\/wp-content\/uploads\/2026\/01\/WhatsApp-Image-2025-09-17-at-17.03.27-1.jpeg 1600w\" sizes=\"auto, (max-width: 1024px) 100vw, 1024px\" \/><\/figure>\n\n\n\n<figure class=\"wp-block-image size-large\"><img loading=\"lazy\" decoding=\"async\" width=\"1024\" height=\"768\" src=\"https:\/\/cas-jura.ch\/wordpress\/wp-content\/uploads\/2026\/01\/WhatsApp-Image-2025-09-17-at-17.03.26-1024x768.jpeg\" alt=\"\" class=\"wp-image-5180\" srcset=\"https:\/\/cas-jura.ch\/wordpress\/wp-content\/uploads\/2026\/01\/WhatsApp-Image-2025-09-17-at-17.03.26-1024x768.jpeg 1024w, https:\/\/cas-jura.ch\/wordpress\/wp-content\/uploads\/2026\/01\/WhatsApp-Image-2025-09-17-at-17.03.26-300x225.jpeg 300w, https:\/\/cas-jura.ch\/wordpress\/wp-content\/uploads\/2026\/01\/WhatsApp-Image-2025-09-17-at-17.03.26-768x576.jpeg 768w, https:\/\/cas-jura.ch\/wordpress\/wp-content\/uploads\/2026\/01\/WhatsApp-Image-2025-09-17-at-17.03.26-1536x1152.jpeg 1536w, https:\/\/cas-jura.ch\/wordpress\/wp-content\/uploads\/2026\/01\/WhatsApp-Image-2025-09-17-at-17.03.26.jpeg 1600w\" sizes=\"auto, (max-width: 1024px) 100vw, 1024px\" \/><\/figure>\n\n\n\n<p><\/p>\n","protected":false},"excerpt":{"rendered":"<p>CAS JURA &#8211; RAPPORT DE COURSE Date&nbsp;:&nbsp;&nbsp;&nbsp;&nbsp;&nbsp;&nbsp;&nbsp;&nbsp;&nbsp;&nbsp;&nbsp;&nbsp;&nbsp;&nbsp;&nbsp;&nbsp;&nbsp;&nbsp;&nbsp;&nbsp;&nbsp;&nbsp;&nbsp;&nbsp;&nbsp;&nbsp;&nbsp;&nbsp;&nbsp;&nbsp;&nbsp;&nbsp;&nbsp;&nbsp;&nbsp;&nbsp;&nbsp;&nbsp;&nbsp;&nbsp;&nbsp;&nbsp;&nbsp;&nbsp;&nbsp;&nbsp;&nbsp;&nbsp;&nbsp; 27.04.2025&nbsp;&nbsp;&nbsp;&nbsp;&nbsp;&nbsp;&nbsp;&nbsp;&nbsp;&nbsp;&nbsp;&nbsp;&nbsp;&nbsp;&nbsp;&nbsp;&nbsp;&nbsp;&nbsp;&nbsp;&nbsp;&nbsp;&nbsp;&nbsp;&nbsp;&nbsp;&nbsp;&nbsp;&nbsp;&nbsp;&nbsp;&nbsp;&nbsp;&nbsp;&nbsp;&nbsp;&nbsp; Cdc&nbsp;: Jos\u00e9 Theubet Itin\u00e9raire&nbsp;:&nbsp;&nbsp;&nbsp;&nbsp;&nbsp;&nbsp;&nbsp;&nbsp;&nbsp;&nbsp;&nbsp;&nbsp;&nbsp;&nbsp;&nbsp;&nbsp;&nbsp;&nbsp;&nbsp;&nbsp;&nbsp;&nbsp;&nbsp;&nbsp;&nbsp;&nbsp;&nbsp;&nbsp;&nbsp;&nbsp;&nbsp;&nbsp;&nbsp;&nbsp;&nbsp;&nbsp;&nbsp;&nbsp;&nbsp; Ch\u00e2tillon \u2013 Peute Roche ou La Montagne \u2013 Blanc Rochet Nombre de participants&nbsp;:&nbsp;&nbsp;&nbsp;&nbsp;&nbsp;&nbsp;&nbsp;&nbsp;&nbsp; &#8230;<\/p>\n","protected":false},"author":975923,"featured_media":5180,"comment_status":"closed","ping_status":"closed","sticky":false,"template":"","format":"standard","meta":{"_jetpack_memberships_contains_paid_content":false,"footnotes":""},"categories":[1],"tags":[],"class_list":["post-5176","post","type-post","status-publish","format-standard","has-post-thumbnail","hentry","category-uncategorized"],"jetpack_featured_media_url":"https:\/\/cas-jura.ch\/wordpress\/wp-content\/uploads\/2026\/01\/WhatsApp-Image-2025-09-17-at-17.03.26.jpeg","jetpack_sharing_enabled":true,"_links":{"self":[{"href":"https:\/\/cas-jura.ch\/index.php?rest_route=\/wp\/v2\/posts\/5176","targetHints":{"allow":["GET"]}}],"collection":[{"href":"https:\/\/cas-jura.ch\/index.php?rest_route=\/wp\/v2\/posts"}],"about":[{"href":"https:\/\/cas-jura.ch\/index.php?rest_route=\/wp\/v2\/types\/post"}],"author":[{"embeddable":true,"href":"https:\/\/cas-jura.ch\/index.php?rest_route=\/wp\/v2\/users\/975923"}],"replies":[{"embeddable":true,"href":"https:\/\/cas-jura.ch\/index.php?rest_route=%2Fwp%2Fv2%2Fcomments&post=5176"}],"version-history":[{"count":1,"href":"https:\/\/cas-jura.ch\/index.php?rest_route=\/wp\/v2\/posts\/5176\/revisions"}],"predecessor-version":[{"id":5182,"href":"https:\/\/cas-jura.ch\/index.php?rest_route=\/wp\/v2\/posts\/5176\/revisions\/5182"}],"wp:featuredmedia":[{"embeddable":true,"href":"https:\/\/cas-jura.ch\/index.php?rest_route=\/wp\/v2\/media\/5180"}],"wp:attachment":[{"href":"https:\/\/cas-jura.ch\/index.php?rest_route=%2Fwp%2Fv2%2Fmedia&parent=5176"}],"wp:term":[{"taxonomy":"category","embeddable":true,"href":"https:\/\/cas-jura.ch\/index.php?rest_route=%2Fwp%2Fv2%2Fcategories&post=5176"},{"taxonomy":"post_tag","embeddable":true,"href":"https:\/\/cas-jura.ch\/index.php?rest_route=%2Fwp%2Fv2%2Ftags&post=5176"}],"curies":[{"name":"wp","href":"https:\/\/api.w.org\/{rel}","templated":true}]}}