{"id":5214,"date":"2026-01-22T14:03:32","date_gmt":"2026-01-22T13:03:32","guid":{"rendered":"https:\/\/cas-jura.ch\/?p=5214"},"modified":"2026-01-22T14:03:33","modified_gmt":"2026-01-22T13:03:33","slug":"sortie-29-31-08-2025-region-evolene","status":"publish","type":"post","link":"https:\/\/cas-jura.ch\/?p=5214","title":{"rendered":"Sortie 29-31.08.2025 R\u00e9gion Evol\u00e8ne"},"content":{"rendered":"\n<p><strong>CAS JURA &#8211; RAPPORT DE COURSE<\/strong><\/p>\n\n\n\n<p><strong>Date&nbsp;:&nbsp;&nbsp;&nbsp;&nbsp;&nbsp;&nbsp;&nbsp;&nbsp;&nbsp;&nbsp;&nbsp;&nbsp;&nbsp;&nbsp;&nbsp;&nbsp;&nbsp;&nbsp;&nbsp;&nbsp;&nbsp;&nbsp;&nbsp;&nbsp;&nbsp;&nbsp;&nbsp;&nbsp;&nbsp;&nbsp;&nbsp;&nbsp;&nbsp;&nbsp;&nbsp;&nbsp;&nbsp;&nbsp;&nbsp;&nbsp;&nbsp;&nbsp;&nbsp;&nbsp;&nbsp;&nbsp;&nbsp;&nbsp;&nbsp; 29-31.08.2025&nbsp;&nbsp;&nbsp;&nbsp;&nbsp;&nbsp;&nbsp;&nbsp;&nbsp;&nbsp;&nbsp;&nbsp;&nbsp;&nbsp;&nbsp;&nbsp;&nbsp;&nbsp;&nbsp;&nbsp;&nbsp;&nbsp;&nbsp;&nbsp;&nbsp;&nbsp;&nbsp;&nbsp;&nbsp;&nbsp;&nbsp; Cdc&nbsp;: Jos\u00e9 Theubet<\/strong><\/p>\n\n\n\n<p><strong>Itin\u00e9raire&nbsp;:&nbsp;&nbsp;&nbsp;&nbsp;&nbsp;&nbsp;&nbsp;&nbsp;&nbsp;&nbsp;&nbsp;&nbsp;&nbsp;&nbsp;&nbsp;&nbsp;&nbsp;&nbsp;&nbsp;&nbsp;&nbsp;&nbsp;&nbsp;&nbsp;&nbsp;&nbsp;&nbsp;&nbsp;&nbsp;&nbsp;&nbsp;&nbsp;&nbsp;&nbsp;&nbsp;&nbsp;&nbsp;&nbsp;&nbsp; J1&nbsp;: Pierre-Avoi&nbsp;&nbsp;&nbsp;&nbsp; J2&nbsp;: Pic d\u2019Artsinol&nbsp;&nbsp;&nbsp;&nbsp; J3&nbsp;: cabane Bricola<\/strong><\/p>\n\n\n\n<p>14 Participants&nbsp;:&nbsp;&nbsp;&nbsp;&nbsp;&nbsp;&nbsp;&nbsp;&nbsp;&nbsp;&nbsp;&nbsp;&nbsp; Fabrice et Nathalie, Agn\u00e8s, Sandrine, Isabelle, Nicole, B\u00e9atrice, Christiane, Corinne, Jacqueline, Fran\u00e7ois, Christophe, Ars\u00e8ne et Jos\u00e9<\/p>\n\n\n\n<p><strong>Vendredi 29.08.2025 \u2013 col de la Croix-de-C\u0153ur \u2013 Pierre Avoi&nbsp;&nbsp;&nbsp;&nbsp;&nbsp;&nbsp;&nbsp;&nbsp;&nbsp;&nbsp;<\/strong><\/p>\n\n\n\n<p>En cette belle journ\u00e9e de vendredi, nous quittons le Jura pour un WE dans la r\u00e9gion d\u2019Evol\u00e8ne. Petit arr\u00eat au relais Grand-St-Bernard \u00e0 9h30, pause caf\u00e9s. Annonce d\u2019un probl\u00e8me technique de la capote de la Jaguar d\u2019Ars\u00e8ne, il nous rejoindra en fin de journ\u00e9e. D\u00e9placement pour la Tzoumaz et jusqu\u2019au col de la Croix-de-C\u0153ur 2174m, par un chemin sinueux pour le d\u00e9part de la course. Tous pr\u00eats, d\u00e9part pour Savoleyres 2354m, jonction de la t\u00e9l\u00e9cabine de la Tzoumaz et de Verbier. Direction la Pierre Avoi par un joli sentier sur la cr\u00eate avec les derni\u00e8res brumes matinales. Au pied du massif de la Pierre Avoi, sentier alpin bleu-blanc. Nous gravissons un sentier \u00e0 travers les paravalanches, \u00e9chelles en bois, en alu, marches taill\u00e9es dans le rocher et des chaines jusqu\u2019au sommet \u00e0 2474m o\u00f9 Jos\u00e9 nous a guid\u00e9 et soutenu durant cette ascension. Vue d\u00e9gag\u00e9e et panoramique sur les Combins, Mont-V\u00e9lan, Dents du Midi, la vall\u00e9e du Rh\u00f4ne et la chaine des Diablerets, Wildhorn jusqu\u2019au Bietschhorn. Pic-nic au soleil, photos avant la descente dans la gaiet\u00e9 et la bonne humeur sur le versant de Verbier, jusqu\u2019\u00e0 un chemin blanc qui nous ram\u00e8ne au col de la Croix-de-C\u0153ur. Reprise des voitures, direction Evol\u00e8ne, petit h\u00f4tel atypique avec un chaleureux accueil. Ap\u00e9ro, repas et bonne cuisine pour terminer cette belle journ\u00e9e.<\/p>\n\n\n\n<p>Isabelle<\/p>\n\n\n\n<figure class=\"wp-block-gallery has-nested-images columns-2 is-cropped wp-block-gallery-1 is-layout-flex wp-block-gallery-is-layout-flex\">\n<figure class=\"wp-block-image size-large\"><img loading=\"lazy\" decoding=\"async\" width=\"768\" height=\"1024\" data-id=\"5228\" src=\"https:\/\/cas-jura.ch\/wordpress\/wp-content\/uploads\/2026\/01\/tt-1-768x1024.jpg\" alt=\"\" class=\"wp-image-5228\" srcset=\"https:\/\/cas-jura.ch\/wordpress\/wp-content\/uploads\/2026\/01\/tt-1-768x1024.jpg 768w, https:\/\/cas-jura.ch\/wordpress\/wp-content\/uploads\/2026\/01\/tt-1-225x300.jpg 225w, https:\/\/cas-jura.ch\/wordpress\/wp-content\/uploads\/2026\/01\/tt-1-1152x1536.jpg 1152w, https:\/\/cas-jura.ch\/wordpress\/wp-content\/uploads\/2026\/01\/tt-1-900x1200.jpg 900w, https:\/\/cas-jura.ch\/wordpress\/wp-content\/uploads\/2026\/01\/tt-1.jpg 1512w\" sizes=\"auto, (max-width: 768px) 100vw, 768px\" \/><\/figure>\n\n\n\n<figure class=\"wp-block-image size-large\"><img loading=\"lazy\" decoding=\"async\" width=\"1024\" height=\"768\" data-id=\"5227\" src=\"https:\/\/cas-jura.ch\/wordpress\/wp-content\/uploads\/2026\/01\/rr-1-1024x768.jpg\" alt=\"\" class=\"wp-image-5227\" srcset=\"https:\/\/cas-jura.ch\/wordpress\/wp-content\/uploads\/2026\/01\/rr-1-1024x768.jpg 1024w, https:\/\/cas-jura.ch\/wordpress\/wp-content\/uploads\/2026\/01\/rr-1-300x225.jpg 300w, https:\/\/cas-jura.ch\/wordpress\/wp-content\/uploads\/2026\/01\/rr-1-768x576.jpg 768w, https:\/\/cas-jura.ch\/wordpress\/wp-content\/uploads\/2026\/01\/rr-1-1536x1152.jpg 1536w, https:\/\/cas-jura.ch\/wordpress\/wp-content\/uploads\/2026\/01\/rr-1-1800x1350.jpg 1800w, https:\/\/cas-jura.ch\/wordpress\/wp-content\/uploads\/2026\/01\/rr-1.jpg 2016w\" sizes=\"auto, (max-width: 1024px) 100vw, 1024px\" \/><\/figure>\n\n\n\n<figure class=\"wp-block-image size-large\"><img loading=\"lazy\" decoding=\"async\" width=\"1024\" height=\"768\" data-id=\"5226\" src=\"https:\/\/cas-jura.ch\/wordpress\/wp-content\/uploads\/2026\/01\/ee-1-1024x768.jpg\" alt=\"\" class=\"wp-image-5226\" srcset=\"https:\/\/cas-jura.ch\/wordpress\/wp-content\/uploads\/2026\/01\/ee-1-1024x768.jpg 1024w, https:\/\/cas-jura.ch\/wordpress\/wp-content\/uploads\/2026\/01\/ee-1-300x225.jpg 300w, https:\/\/cas-jura.ch\/wordpress\/wp-content\/uploads\/2026\/01\/ee-1-768x576.jpg 768w, https:\/\/cas-jura.ch\/wordpress\/wp-content\/uploads\/2026\/01\/ee-1-1536x1152.jpg 1536w, https:\/\/cas-jura.ch\/wordpress\/wp-content\/uploads\/2026\/01\/ee-1-1800x1350.jpg 1800w, https:\/\/cas-jura.ch\/wordpress\/wp-content\/uploads\/2026\/01\/ee-1.jpg 2016w\" sizes=\"auto, (max-width: 1024px) 100vw, 1024px\" \/><\/figure>\n<\/figure>\n\n\n\n<p><strong>Samedi 30.08.2025 \u2013 Chemeuille \u2013 Pic d\u2019Artsinol&nbsp;&nbsp;<\/strong><\/p>\n\n\n\n<p>Apr\u00e8s une bonne nuit \u00e0 l\u2019h\u00f4tel Eden, un petit d\u00e9je\u00fbner copieux contribuera aux 1000m du jour. D\u00e9part pour Lannaz, hameau o\u00f9 se trouve le d\u00e9part du t\u00e9l\u00e9si\u00e8ge pour Chemeuille \u00e0 2122m avec ciel couvert. Temp\u00e9rature id\u00e9ale pour l\u2019ascension par un chemin d\u2019alpage en direction des Arpilles, seconde partie du domaine skiable par bonnes conditions uniquement. Pause boisson \u00e0 2600m avant de se rapprocher de l\u2019ar\u00eate. Le sommet n\u2019est pas visible car les brumes sont accroch\u00e9es au sommet. A l\u2019approche de la cr\u00eate, une averse de neige o\u00f9 les vestes sont de mise. Passage \u00e0 travers rochers, blocs et le sentier nous am\u00e8ne au Pic d\u2019Artsinol \u00e0 2998m. Objectif atteint avec \u00e9motion pour Nicole et Isabelle qui n\u2019avaient jamais atteint cette altitude en randonn\u00e9e. F\u00e9licitations. Pause pic-nic et photos. Lors de la descente, entre deux passages de brume, nous apercevons le barrage de la Grande-Dixence quelques instants. Arriv\u00e9e \u00e0 Chemeuille, arr\u00eat sur la terrasse pour d\u00e9guster la tarte aux myrtilles. Retour \u00e0 Evol\u00e8ne par le t\u00e9l\u00e9si\u00e8ge sauf Agn\u00e8s qui emprunte le sentier de descente en passant par l\u2019alpage d\u2019Arbey et son lac magnifique. Pas le reflet de la Dent-Blanche avec la m\u00e9t\u00e9o du jour.<\/p>\n\n\n\n<figure class=\"wp-block-gallery has-nested-images columns-2 is-cropped wp-block-gallery-2 is-layout-flex wp-block-gallery-is-layout-flex\">\n<figure class=\"wp-block-image size-full\"><img loading=\"lazy\" decoding=\"async\" width=\"2016\" height=\"1512\" data-id=\"5225\" src=\"https:\/\/cas-jura.ch\/wordpress\/wp-content\/uploads\/2026\/01\/ww.jpg\" alt=\"\" class=\"wp-image-5225\" srcset=\"https:\/\/cas-jura.ch\/wordpress\/wp-content\/uploads\/2026\/01\/ww.jpg 2016w, https:\/\/cas-jura.ch\/wordpress\/wp-content\/uploads\/2026\/01\/ww-300x225.jpg 300w, https:\/\/cas-jura.ch\/wordpress\/wp-content\/uploads\/2026\/01\/ww-1024x768.jpg 1024w, https:\/\/cas-jura.ch\/wordpress\/wp-content\/uploads\/2026\/01\/ww-768x576.jpg 768w, https:\/\/cas-jura.ch\/wordpress\/wp-content\/uploads\/2026\/01\/ww-1536x1152.jpg 1536w, https:\/\/cas-jura.ch\/wordpress\/wp-content\/uploads\/2026\/01\/ww-1800x1350.jpg 1800w\" sizes=\"auto, (max-width: 2016px) 100vw, 2016px\" \/><\/figure>\n\n\n\n<figure class=\"wp-block-image size-full\"><img loading=\"lazy\" decoding=\"async\" width=\"1512\" height=\"2016\" data-id=\"5224\" src=\"https:\/\/cas-jura.ch\/wordpress\/wp-content\/uploads\/2026\/01\/tt.jpg\" alt=\"\" class=\"wp-image-5224\" srcset=\"https:\/\/cas-jura.ch\/wordpress\/wp-content\/uploads\/2026\/01\/tt.jpg 1512w, https:\/\/cas-jura.ch\/wordpress\/wp-content\/uploads\/2026\/01\/tt-225x300.jpg 225w, https:\/\/cas-jura.ch\/wordpress\/wp-content\/uploads\/2026\/01\/tt-768x1024.jpg 768w, https:\/\/cas-jura.ch\/wordpress\/wp-content\/uploads\/2026\/01\/tt-1152x1536.jpg 1152w, https:\/\/cas-jura.ch\/wordpress\/wp-content\/uploads\/2026\/01\/tt-900x1200.jpg 900w\" sizes=\"auto, (max-width: 1512px) 100vw, 1512px\" \/><\/figure>\n\n\n\n<figure class=\"wp-block-image size-full\"><img loading=\"lazy\" decoding=\"async\" width=\"2016\" height=\"1512\" data-id=\"5223\" src=\"https:\/\/cas-jura.ch\/wordpress\/wp-content\/uploads\/2026\/01\/rr.jpg\" alt=\"\" class=\"wp-image-5223\" srcset=\"https:\/\/cas-jura.ch\/wordpress\/wp-content\/uploads\/2026\/01\/rr.jpg 2016w, https:\/\/cas-jura.ch\/wordpress\/wp-content\/uploads\/2026\/01\/rr-300x225.jpg 300w, https:\/\/cas-jura.ch\/wordpress\/wp-content\/uploads\/2026\/01\/rr-1024x768.jpg 1024w, https:\/\/cas-jura.ch\/wordpress\/wp-content\/uploads\/2026\/01\/rr-768x576.jpg 768w, https:\/\/cas-jura.ch\/wordpress\/wp-content\/uploads\/2026\/01\/rr-1536x1152.jpg 1536w, https:\/\/cas-jura.ch\/wordpress\/wp-content\/uploads\/2026\/01\/rr-1800x1350.jpg 1800w\" sizes=\"auto, (max-width: 2016px) 100vw, 2016px\" \/><\/figure>\n\n\n\n<figure class=\"wp-block-image size-full\"><img loading=\"lazy\" decoding=\"async\" width=\"2016\" height=\"1512\" data-id=\"5222\" src=\"https:\/\/cas-jura.ch\/wordpress\/wp-content\/uploads\/2026\/01\/qq.jpg\" alt=\"\" class=\"wp-image-5222\" srcset=\"https:\/\/cas-jura.ch\/wordpress\/wp-content\/uploads\/2026\/01\/qq.jpg 2016w, https:\/\/cas-jura.ch\/wordpress\/wp-content\/uploads\/2026\/01\/qq-300x225.jpg 300w, https:\/\/cas-jura.ch\/wordpress\/wp-content\/uploads\/2026\/01\/qq-1024x768.jpg 1024w, https:\/\/cas-jura.ch\/wordpress\/wp-content\/uploads\/2026\/01\/qq-768x576.jpg 768w, https:\/\/cas-jura.ch\/wordpress\/wp-content\/uploads\/2026\/01\/qq-1536x1152.jpg 1536w, https:\/\/cas-jura.ch\/wordpress\/wp-content\/uploads\/2026\/01\/qq-1800x1350.jpg 1800w\" sizes=\"auto, (max-width: 2016px) 100vw, 2016px\" \/><\/figure>\n\n\n\n<figure class=\"wp-block-image size-full\"><img loading=\"lazy\" decoding=\"async\" width=\"1512\" height=\"2016\" data-id=\"5221\" src=\"https:\/\/cas-jura.ch\/wordpress\/wp-content\/uploads\/2026\/01\/ee.jpg\" alt=\"\" class=\"wp-image-5221\" srcset=\"https:\/\/cas-jura.ch\/wordpress\/wp-content\/uploads\/2026\/01\/ee.jpg 1512w, https:\/\/cas-jura.ch\/wordpress\/wp-content\/uploads\/2026\/01\/ee-225x300.jpg 225w, https:\/\/cas-jura.ch\/wordpress\/wp-content\/uploads\/2026\/01\/ee-768x1024.jpg 768w, https:\/\/cas-jura.ch\/wordpress\/wp-content\/uploads\/2026\/01\/ee-1152x1536.jpg 1152w, https:\/\/cas-jura.ch\/wordpress\/wp-content\/uploads\/2026\/01\/ee-900x1200.jpg 900w\" sizes=\"auto, (max-width: 1512px) 100vw, 1512px\" \/><\/figure>\n<\/figure>\n\n\n\n<p><strong>Dimanche 31.08.2025 \u2013 Val Ferp\u00e8cle \u2013 cabane Bricola ou Val Ferp\u00e8cle, glacier du Mont Min\u00e9<\/strong><\/p>\n\n\n\n<p>Petit-d\u00e9jeuner termin\u00e9, remerciements \u00e0 la patronne, d\u00e9part pour le val de Ferp\u00e8cle avec un ciel bleu et un soleil radieux. Parking en aval du barrage. Deux groupes ce dimanche. Les light se dirigent en direction du glacier du Mont-Min\u00e9 et le second groupe jusqu\u2019\u00e0 la cabane Bricola afin d\u2019admirer le glacier de Ferp\u00e8cle et la Dent-Blanche. Le sentier est sur le versant OUEST encore dans l\u2019ombre de la Dent-Blanche, fraicheur bienvenue car la temp\u00e9rature s\u2019\u00e9l\u00e8vera ce dimanche. Joli sentier de RMM qui serpente et s\u2019enfonce en direction du glacier. Belle vue sur le glacier du Mont-Min\u00e9 avec l\u2019altitude. La cabane Bricola 2416m est en vue mais ferm\u00e9e. Il s\u2019agit d\u2019un logis pour les ouvriers de Dixence durant la construction des galeries d\u2019alimentation et encore utilis\u00e9 pour l\u2019entretien annuel durant quelques semaines en \u00e9t\u00e9. La vue du glacier de Ferp\u00e8cle est magnifique. Les moraines, s\u00e9racs et au loin \u00e0 3500m, le toit de la cabane de la Dent-Blanche qui brille. Quatre heures seraient encore n\u00e9cessaires pour l\u2019atteindre avec la travers\u00e9e du glacier. Le panorama est fabuleux durant le pic-nic. La descente s\u2019effectue en 1h30 avec un arr\u00eat \u00e0 la buvette \u00ab&nbsp;Le Petit Paradis&nbsp;\u00bb pour les derniers moments d\u2019\u00e9change avant le retour au Jura.<\/p>\n\n\n\n<p>Merci \u00e0 toutes et tous pour ce beau WE en bonne compagnie.&nbsp;&nbsp;&nbsp;&nbsp;&nbsp;&nbsp;&nbsp;&nbsp;&nbsp;&nbsp;&nbsp;&nbsp;&nbsp;&nbsp;&nbsp;&nbsp;&nbsp;&nbsp;&nbsp;&nbsp;&nbsp;&nbsp;&nbsp;&nbsp;&nbsp;&nbsp;&nbsp; Corinne et Jos\u00e9<\/p>\n\n\n\n<figure class=\"wp-block-gallery has-nested-images columns-default is-cropped wp-block-gallery-3 is-layout-flex wp-block-gallery-is-layout-flex\">\n<figure class=\"wp-block-image size-large\"><img loading=\"lazy\" decoding=\"async\" width=\"1024\" height=\"768\" data-id=\"5220\" src=\"https:\/\/cas-jura.ch\/wordpress\/wp-content\/uploads\/2026\/01\/WhatsApp-Image-2025-09-17-at-17.00.02-1024x768.jpeg\" alt=\"\" class=\"wp-image-5220\" srcset=\"https:\/\/cas-jura.ch\/wordpress\/wp-content\/uploads\/2026\/01\/WhatsApp-Image-2025-09-17-at-17.00.02-1024x768.jpeg 1024w, https:\/\/cas-jura.ch\/wordpress\/wp-content\/uploads\/2026\/01\/WhatsApp-Image-2025-09-17-at-17.00.02-300x225.jpeg 300w, https:\/\/cas-jura.ch\/wordpress\/wp-content\/uploads\/2026\/01\/WhatsApp-Image-2025-09-17-at-17.00.02-768x576.jpeg 768w, https:\/\/cas-jura.ch\/wordpress\/wp-content\/uploads\/2026\/01\/WhatsApp-Image-2025-09-17-at-17.00.02-1536x1152.jpeg 1536w, https:\/\/cas-jura.ch\/wordpress\/wp-content\/uploads\/2026\/01\/WhatsApp-Image-2025-09-17-at-17.00.02.jpeg 1600w\" sizes=\"auto, (max-width: 1024px) 100vw, 1024px\" \/><\/figure>\n<\/figure>\n\n\n\n<figure class=\"wp-block-gallery has-nested-images columns-2 is-cropped wp-block-gallery-4 is-layout-flex wp-block-gallery-is-layout-flex\">\n<figure class=\"wp-block-image size-full\"><img loading=\"lazy\" decoding=\"async\" width=\"1200\" height=\"1600\" data-id=\"5216\" src=\"https:\/\/cas-jura.ch\/wordpress\/wp-content\/uploads\/2026\/01\/WhatsApp-Image-2025-09-17-at-16.59.59.jpeg\" alt=\"\" class=\"wp-image-5216\" srcset=\"https:\/\/cas-jura.ch\/wordpress\/wp-content\/uploads\/2026\/01\/WhatsApp-Image-2025-09-17-at-16.59.59.jpeg 1200w, https:\/\/cas-jura.ch\/wordpress\/wp-content\/uploads\/2026\/01\/WhatsApp-Image-2025-09-17-at-16.59.59-225x300.jpeg 225w, https:\/\/cas-jura.ch\/wordpress\/wp-content\/uploads\/2026\/01\/WhatsApp-Image-2025-09-17-at-16.59.59-768x1024.jpeg 768w, https:\/\/cas-jura.ch\/wordpress\/wp-content\/uploads\/2026\/01\/WhatsApp-Image-2025-09-17-at-16.59.59-1152x1536.jpeg 1152w, https:\/\/cas-jura.ch\/wordpress\/wp-content\/uploads\/2026\/01\/WhatsApp-Image-2025-09-17-at-16.59.59-900x1200.jpeg 900w\" sizes=\"auto, (max-width: 1200px) 100vw, 1200px\" \/><\/figure>\n\n\n\n<figure class=\"wp-block-image size-full\"><img loading=\"lazy\" decoding=\"async\" width=\"1600\" height=\"1200\" data-id=\"5219\" src=\"https:\/\/cas-jura.ch\/wordpress\/wp-content\/uploads\/2026\/01\/WhatsApp-Image-2025-09-17-at-17.00.02-3.jpeg\" alt=\"\" class=\"wp-image-5219\" srcset=\"https:\/\/cas-jura.ch\/wordpress\/wp-content\/uploads\/2026\/01\/WhatsApp-Image-2025-09-17-at-17.00.02-3.jpeg 1600w, https:\/\/cas-jura.ch\/wordpress\/wp-content\/uploads\/2026\/01\/WhatsApp-Image-2025-09-17-at-17.00.02-3-300x225.jpeg 300w, https:\/\/cas-jura.ch\/wordpress\/wp-content\/uploads\/2026\/01\/WhatsApp-Image-2025-09-17-at-17.00.02-3-1024x768.jpeg 1024w, https:\/\/cas-jura.ch\/wordpress\/wp-content\/uploads\/2026\/01\/WhatsApp-Image-2025-09-17-at-17.00.02-3-768x576.jpeg 768w, https:\/\/cas-jura.ch\/wordpress\/wp-content\/uploads\/2026\/01\/WhatsApp-Image-2025-09-17-at-17.00.02-3-1536x1152.jpeg 1536w\" sizes=\"auto, (max-width: 1600px) 100vw, 1600px\" \/><\/figure>\n\n\n\n<figure class=\"wp-block-image size-full\"><img loading=\"lazy\" decoding=\"async\" width=\"1200\" height=\"1600\" data-id=\"5218\" src=\"https:\/\/cas-jura.ch\/wordpress\/wp-content\/uploads\/2026\/01\/WhatsApp-Image-2025-09-17-at-17.00.02-2.jpeg\" alt=\"\" class=\"wp-image-5218\" srcset=\"https:\/\/cas-jura.ch\/wordpress\/wp-content\/uploads\/2026\/01\/WhatsApp-Image-2025-09-17-at-17.00.02-2.jpeg 1200w, https:\/\/cas-jura.ch\/wordpress\/wp-content\/uploads\/2026\/01\/WhatsApp-Image-2025-09-17-at-17.00.02-2-225x300.jpeg 225w, https:\/\/cas-jura.ch\/wordpress\/wp-content\/uploads\/2026\/01\/WhatsApp-Image-2025-09-17-at-17.00.02-2-768x1024.jpeg 768w, https:\/\/cas-jura.ch\/wordpress\/wp-content\/uploads\/2026\/01\/WhatsApp-Image-2025-09-17-at-17.00.02-2-1152x1536.jpeg 1152w, https:\/\/cas-jura.ch\/wordpress\/wp-content\/uploads\/2026\/01\/WhatsApp-Image-2025-09-17-at-17.00.02-2-900x1200.jpeg 900w\" sizes=\"auto, (max-width: 1200px) 100vw, 1200px\" \/><\/figure>\n<\/figure>\n\n\n\n<p><\/p>\n","protected":false},"excerpt":{"rendered":"<p>CAS JURA &#8211; RAPPORT DE COURSE Date&nbsp;:&nbsp;&nbsp;&nbsp;&nbsp;&nbsp;&nbsp;&nbsp;&nbsp;&nbsp;&nbsp;&nbsp;&nbsp;&nbsp;&nbsp;&nbsp;&nbsp;&nbsp;&nbsp;&nbsp;&nbsp;&nbsp;&nbsp;&nbsp;&nbsp;&nbsp;&nbsp;&nbsp;&nbsp;&nbsp;&nbsp;&nbsp;&nbsp;&nbsp;&nbsp;&nbsp;&nbsp;&nbsp;&nbsp;&nbsp;&nbsp;&nbsp;&nbsp;&nbsp;&nbsp;&nbsp;&nbsp;&nbsp;&nbsp;&nbsp; 29-31.08.2025&nbsp;&nbsp;&nbsp;&nbsp;&nbsp;&nbsp;&nbsp;&nbsp;&nbsp;&nbsp;&nbsp;&nbsp;&nbsp;&nbsp;&nbsp;&nbsp;&nbsp;&nbsp;&nbsp;&nbsp;&nbsp;&nbsp;&nbsp;&nbsp;&nbsp;&nbsp;&nbsp;&nbsp;&nbsp;&nbsp;&nbsp; Cdc&nbsp;: Jos\u00e9 Theubet Itin\u00e9raire&nbsp;:&nbsp;&nbsp;&nbsp;&nbsp;&nbsp;&nbsp;&nbsp;&nbsp;&nbsp;&nbsp;&nbsp;&nbsp;&nbsp;&nbsp;&nbsp;&nbsp;&nbsp;&nbsp;&nbsp;&nbsp;&nbsp;&nbsp;&nbsp;&nbsp;&nbsp;&nbsp;&nbsp;&nbsp;&nbsp;&nbsp;&nbsp;&nbsp;&nbsp;&nbsp;&nbsp;&nbsp;&nbsp;&nbsp;&nbsp; J1&nbsp;: Pierre-Avoi&nbsp;&nbsp;&nbsp;&nbsp; J2&nbsp;: Pic d\u2019Artsinol&nbsp;&nbsp;&nbsp;&nbsp; J3&nbsp;: cabane Bricola 14 Participants&nbsp;:&nbsp;&nbsp;&nbsp;&nbsp;&nbsp;&nbsp;&nbsp;&nbsp;&nbsp;&nbsp;&nbsp;&nbsp; Fabrice et Nathalie, &#8230;<\/p>\n","protected":false},"author":975923,"featured_media":5227,"comment_status":"closed","ping_status":"closed","sticky":false,"template":"","format":"standard","meta":{"_jetpack_memberships_contains_paid_content":false,"footnotes":""},"categories":[1],"tags":[],"class_list":["post-5214","post","type-post","status-publish","format-standard","has-post-thumbnail","hentry","category-uncategorized"],"jetpack_featured_media_url":"https:\/\/cas-jura.ch\/wordpress\/wp-content\/uploads\/2026\/01\/rr-1.jpg","jetpack_sharing_enabled":true,"_links":{"self":[{"href":"https:\/\/cas-jura.ch\/index.php?rest_route=\/wp\/v2\/posts\/5214","targetHints":{"allow":["GET"]}}],"collection":[{"href":"https:\/\/cas-jura.ch\/index.php?rest_route=\/wp\/v2\/posts"}],"about":[{"href":"https:\/\/cas-jura.ch\/index.php?rest_route=\/wp\/v2\/types\/post"}],"author":[{"embeddable":true,"href":"https:\/\/cas-jura.ch\/index.php?rest_route=\/wp\/v2\/users\/975923"}],"replies":[{"embeddable":true,"href":"https:\/\/cas-jura.ch\/index.php?rest_route=%2Fwp%2Fv2%2Fcomments&post=5214"}],"version-history":[{"count":2,"href":"https:\/\/cas-jura.ch\/index.php?rest_route=\/wp\/v2\/posts\/5214\/revisions"}],"predecessor-version":[{"id":5229,"href":"https:\/\/cas-jura.ch\/index.php?rest_route=\/wp\/v2\/posts\/5214\/revisions\/5229"}],"wp:featuredmedia":[{"embeddable":true,"href":"https:\/\/cas-jura.ch\/index.php?rest_route=\/wp\/v2\/media\/5227"}],"wp:attachment":[{"href":"https:\/\/cas-jura.ch\/index.php?rest_route=%2Fwp%2Fv2%2Fmedia&parent=5214"}],"wp:term":[{"taxonomy":"category","embeddable":true,"href":"https:\/\/cas-jura.ch\/index.php?rest_route=%2Fwp%2Fv2%2Fcategories&post=5214"},{"taxonomy":"post_tag","embeddable":true,"href":"https:\/\/cas-jura.ch\/index.php?rest_route=%2Fwp%2Fv2%2Ftags&post=5214"}],"curies":[{"name":"wp","href":"https:\/\/api.w.org\/{rel}","templated":true}]}}