{"id":5242,"date":"2026-02-03T13:18:27","date_gmt":"2026-02-03T12:18:27","guid":{"rendered":"https:\/\/cas-jura.ch\/?p=5242"},"modified":"2026-02-03T13:18:28","modified_gmt":"2026-02-03T12:18:28","slug":"diemtigtal-rothorn-01-02-2026","status":"publish","type":"post","link":"https:\/\/cas-jura.ch\/?p=5242","title":{"rendered":"Diemtigtal &#8211; Rothorn 01.02.2026"},"content":{"rendered":"\n<p>Cdc : Antoine Schnetz<\/p>\n\n\n\n<p>Participants: H\u00e9l\u00e8ne Gobat, Lo\u00efc Steullet, Fabio Hintzy, Michel Hintzy<\/p>\n\n\n\n<p><br>\u00ab\u00a0Sortie en peaux de phoque dans le Diemtigtal par une journ\u00e9e splendide, grand ciel bleu et poudreuse au rendez-vous. Mont\u00e9e en direction du Rothorn jusqu\u2019au col, avant de profiter d\u2019une belle descente. Ensuite, repeautage et deuxi\u00e8me mont\u00e9e vers le Spillgerte. Au-del\u00e0 des excellentes conditions, c\u2019est surtout la super dynamique du groupe qui a marqu\u00e9 la journ\u00e9e. Une sortie aussi r\u00e9ussie sur les skis que sur le plan humain.\u00a0\u00bb<\/p>\n\n\n\n<p><\/p>\n\n\n\n<figure class=\"wp-block-gallery has-nested-images columns-default is-cropped wp-block-gallery-1 is-layout-flex wp-block-gallery-is-layout-flex\">\n<figure class=\"wp-block-image size-large\"><img loading=\"lazy\" decoding=\"async\" width=\"768\" height=\"1024\" data-id=\"5244\" src=\"https:\/\/cas-jura.ch\/wordpress\/wp-content\/uploads\/2026\/02\/6bc6d6c4-98d6-4fe2-a437-eae9d706f3c5-1-768x1024.jpeg\" alt=\"\" class=\"wp-image-5244\" srcset=\"https:\/\/cas-jura.ch\/wordpress\/wp-content\/uploads\/2026\/02\/6bc6d6c4-98d6-4fe2-a437-eae9d706f3c5-1-768x1024.jpeg 768w, https:\/\/cas-jura.ch\/wordpress\/wp-content\/uploads\/2026\/02\/6bc6d6c4-98d6-4fe2-a437-eae9d706f3c5-1-225x300.jpeg 225w, https:\/\/cas-jura.ch\/wordpress\/wp-content\/uploads\/2026\/02\/6bc6d6c4-98d6-4fe2-a437-eae9d706f3c5-1-1152x1536.jpeg 1152w, https:\/\/cas-jura.ch\/wordpress\/wp-content\/uploads\/2026\/02\/6bc6d6c4-98d6-4fe2-a437-eae9d706f3c5-1-900x1200.jpeg 900w, https:\/\/cas-jura.ch\/wordpress\/wp-content\/uploads\/2026\/02\/6bc6d6c4-98d6-4fe2-a437-eae9d706f3c5-1.jpeg 1200w\" sizes=\"auto, (max-width: 768px) 100vw, 768px\" \/><\/figure>\n\n\n\n<figure class=\"wp-block-image size-large\"><img loading=\"lazy\" decoding=\"async\" width=\"768\" height=\"1024\" data-id=\"5245\" src=\"https:\/\/cas-jura.ch\/wordpress\/wp-content\/uploads\/2026\/02\/7c4defef-8be4-42c6-9156-498f83d6d1a1-768x1024.jpeg\" alt=\"\" class=\"wp-image-5245\" srcset=\"https:\/\/cas-jura.ch\/wordpress\/wp-content\/uploads\/2026\/02\/7c4defef-8be4-42c6-9156-498f83d6d1a1-768x1024.jpeg 768w, https:\/\/cas-jura.ch\/wordpress\/wp-content\/uploads\/2026\/02\/7c4defef-8be4-42c6-9156-498f83d6d1a1-225x300.jpeg 225w, https:\/\/cas-jura.ch\/wordpress\/wp-content\/uploads\/2026\/02\/7c4defef-8be4-42c6-9156-498f83d6d1a1-1152x1536.jpeg 1152w, https:\/\/cas-jura.ch\/wordpress\/wp-content\/uploads\/2026\/02\/7c4defef-8be4-42c6-9156-498f83d6d1a1-900x1200.jpeg 900w, https:\/\/cas-jura.ch\/wordpress\/wp-content\/uploads\/2026\/02\/7c4defef-8be4-42c6-9156-498f83d6d1a1.jpeg 1200w\" sizes=\"auto, (max-width: 768px) 100vw, 768px\" \/><\/figure>\n\n\n\n<figure class=\"wp-block-image size-large\"><img loading=\"lazy\" decoding=\"async\" width=\"768\" height=\"1024\" data-id=\"5247\" src=\"https:\/\/cas-jura.ch\/wordpress\/wp-content\/uploads\/2026\/02\/e63d79d4-8997-4b9e-9e2f-8a7948eec629-768x1024.jpeg\" alt=\"\" class=\"wp-image-5247\" srcset=\"https:\/\/cas-jura.ch\/wordpress\/wp-content\/uploads\/2026\/02\/e63d79d4-8997-4b9e-9e2f-8a7948eec629-768x1024.jpeg 768w, https:\/\/cas-jura.ch\/wordpress\/wp-content\/uploads\/2026\/02\/e63d79d4-8997-4b9e-9e2f-8a7948eec629-225x300.jpeg 225w, https:\/\/cas-jura.ch\/wordpress\/wp-content\/uploads\/2026\/02\/e63d79d4-8997-4b9e-9e2f-8a7948eec629-1152x1536.jpeg 1152w, https:\/\/cas-jura.ch\/wordpress\/wp-content\/uploads\/2026\/02\/e63d79d4-8997-4b9e-9e2f-8a7948eec629-900x1200.jpeg 900w, https:\/\/cas-jura.ch\/wordpress\/wp-content\/uploads\/2026\/02\/e63d79d4-8997-4b9e-9e2f-8a7948eec629.jpeg 1200w\" sizes=\"auto, (max-width: 768px) 100vw, 768px\" \/><\/figure>\n\n\n\n<figure class=\"wp-block-image size-large\"><img loading=\"lazy\" decoding=\"async\" width=\"1024\" height=\"768\" data-id=\"5246\" src=\"https:\/\/cas-jura.ch\/wordpress\/wp-content\/uploads\/2026\/02\/8fe80dab-2e39-4412-b7d9-f68d33b3e2c6-1024x768.jpeg\" alt=\"\" class=\"wp-image-5246\" srcset=\"https:\/\/cas-jura.ch\/wordpress\/wp-content\/uploads\/2026\/02\/8fe80dab-2e39-4412-b7d9-f68d33b3e2c6-1024x768.jpeg 1024w, https:\/\/cas-jura.ch\/wordpress\/wp-content\/uploads\/2026\/02\/8fe80dab-2e39-4412-b7d9-f68d33b3e2c6-300x225.jpeg 300w, https:\/\/cas-jura.ch\/wordpress\/wp-content\/uploads\/2026\/02\/8fe80dab-2e39-4412-b7d9-f68d33b3e2c6-768x576.jpeg 768w, https:\/\/cas-jura.ch\/wordpress\/wp-content\/uploads\/2026\/02\/8fe80dab-2e39-4412-b7d9-f68d33b3e2c6-1536x1152.jpeg 1536w, https:\/\/cas-jura.ch\/wordpress\/wp-content\/uploads\/2026\/02\/8fe80dab-2e39-4412-b7d9-f68d33b3e2c6.jpeg 1600w\" sizes=\"auto, (max-width: 1024px) 100vw, 1024px\" \/><\/figure>\n\n\n\n<figure class=\"wp-block-image size-large\"><img loading=\"lazy\" decoding=\"async\" width=\"1024\" height=\"768\" data-id=\"5248\" src=\"https:\/\/cas-jura.ch\/wordpress\/wp-content\/uploads\/2026\/02\/f64a2fcb-7bc7-4fbc-b3a8-f18067d3aea3-1024x768.jpeg\" alt=\"\" class=\"wp-image-5248\" srcset=\"https:\/\/cas-jura.ch\/wordpress\/wp-content\/uploads\/2026\/02\/f64a2fcb-7bc7-4fbc-b3a8-f18067d3aea3-1024x768.jpeg 1024w, https:\/\/cas-jura.ch\/wordpress\/wp-content\/uploads\/2026\/02\/f64a2fcb-7bc7-4fbc-b3a8-f18067d3aea3-300x225.jpeg 300w, https:\/\/cas-jura.ch\/wordpress\/wp-content\/uploads\/2026\/02\/f64a2fcb-7bc7-4fbc-b3a8-f18067d3aea3-768x576.jpeg 768w, https:\/\/cas-jura.ch\/wordpress\/wp-content\/uploads\/2026\/02\/f64a2fcb-7bc7-4fbc-b3a8-f18067d3aea3-1536x1152.jpeg 1536w, https:\/\/cas-jura.ch\/wordpress\/wp-content\/uploads\/2026\/02\/f64a2fcb-7bc7-4fbc-b3a8-f18067d3aea3.jpeg 1600w\" sizes=\"auto, (max-width: 1024px) 100vw, 1024px\" \/><\/figure>\n<\/figure>\n","protected":false},"excerpt":{"rendered":"<p>Cdc : Antoine Schnetz Participants: H\u00e9l\u00e8ne Gobat, Lo\u00efc Steullet, Fabio Hintzy, Michel Hintzy \u00ab\u00a0Sortie en peaux de phoque dans le Diemtigtal par une journ\u00e9e splendide, &#8230;<\/p>\n","protected":false},"author":975923,"featured_media":5243,"comment_status":"closed","ping_status":"closed","sticky":false,"template":"","format":"standard","meta":{"_jetpack_memberships_contains_paid_content":false,"footnotes":""},"categories":[1],"tags":[],"class_list":["post-5242","post","type-post","status-publish","format-standard","has-post-thumbnail","hentry","category-uncategorized"],"jetpack_featured_media_url":"https:\/\/cas-jura.ch\/wordpress\/wp-content\/uploads\/2026\/02\/6bc6d6c4-98d6-4fe2-a437-eae9d706f3c5.jpeg","jetpack_sharing_enabled":true,"_links":{"self":[{"href":"https:\/\/cas-jura.ch\/index.php?rest_route=\/wp\/v2\/posts\/5242","targetHints":{"allow":["GET"]}}],"collection":[{"href":"https:\/\/cas-jura.ch\/index.php?rest_route=\/wp\/v2\/posts"}],"about":[{"href":"https:\/\/cas-jura.ch\/index.php?rest_route=\/wp\/v2\/types\/post"}],"author":[{"embeddable":true,"href":"https:\/\/cas-jura.ch\/index.php?rest_route=\/wp\/v2\/users\/975923"}],"replies":[{"embeddable":true,"href":"https:\/\/cas-jura.ch\/index.php?rest_route=%2Fwp%2Fv2%2Fcomments&post=5242"}],"version-history":[{"count":1,"href":"https:\/\/cas-jura.ch\/index.php?rest_route=\/wp\/v2\/posts\/5242\/revisions"}],"predecessor-version":[{"id":5249,"href":"https:\/\/cas-jura.ch\/index.php?rest_route=\/wp\/v2\/posts\/5242\/revisions\/5249"}],"wp:featuredmedia":[{"embeddable":true,"href":"https:\/\/cas-jura.ch\/index.php?rest_route=\/wp\/v2\/media\/5243"}],"wp:attachment":[{"href":"https:\/\/cas-jura.ch\/index.php?rest_route=%2Fwp%2Fv2%2Fmedia&parent=5242"}],"wp:term":[{"taxonomy":"category","embeddable":true,"href":"https:\/\/cas-jura.ch\/index.php?rest_route=%2Fwp%2Fv2%2Fcategories&post=5242"},{"taxonomy":"post_tag","embeddable":true,"href":"https:\/\/cas-jura.ch\/index.php?rest_route=%2Fwp%2Fv2%2Ftags&post=5242"}],"curies":[{"name":"wp","href":"https:\/\/api.w.org\/{rel}","templated":true}]}}