{"id":5270,"date":"2026-02-23T16:21:15","date_gmt":"2026-02-23T15:21:15","guid":{"rendered":"https:\/\/cas-jura.ch\/?p=5270"},"modified":"2026-02-23T16:21:17","modified_gmt":"2026-02-23T15:21:17","slug":"sur-les-traces-dun-grand-champion-a-lalbristhorn","status":"publish","type":"post","link":"https:\/\/cas-jura.ch\/?p=5270","title":{"rendered":"Sur les traces d\u2019un grand champion\u2026 \u00e0 l\u2019Albristhorn"},"content":{"rendered":"\n<p>Cdc : Antoine Schnetz<\/p>\n\n\n\n<p>Participants : Delphine Riat, Patrick Juillerat et Olivier Montavon<\/p>\n\n\n\n<p><strong>Sur les traces d\u2019un grand champion\u2026 \u00e0 l\u2019Albristhorn<\/strong><\/p>\n\n\n\n<p>Alors que Franjo von Allmen venait tout juste de d\u00e9crocher sa premi\u00e8re m\u00e9daille d\u2019or dans la discipline reine, bient\u00f4t suivie de deux autres, je me suis laiss\u00e9 porter par l\u2019\u00e9lan de notre nouveau triple champion olympique pour me lancer, moi aussi, dans une premi\u00e8re sortie avec le CAS Jura, direction la vall\u00e9e qui a vu grandir ce formidable athl\u00e8te.<\/p>\n\n\n\n<p>Cap sur Boltigen, dans le district de l\u2019Obersimmental, avec en ligne de mire l\u2019Albristhorn.<\/p>\n\n\n\n<p>Premi\u00e8re surprise de la journ\u00e9e; Antoine et moi habitons tous les deux la capitale\u2026 et sommes presque voisins Mais l\u2019Ajoie, et surtout Chevenez, \u00e9taient \u00e9galement bien repr\u00e9sent\u00e9s avec Delphine et Patrick. L\u2019ambiance \u00e9tait donn\u00e9e.<\/p>\n\n\n\n<p>Tr\u00e8s vite, j\u2019ai compris qu\u2019avec trois participant.es \u00e0 la Patrouille des Glaciers dans le groupe, la sortie ne serait pas une simple promenade.<\/p>\n\n\n\n<p>Effectivement, le rythme a \u00e9t\u00e9 soutenu mais r\u00e9gulier, parfaitement ma\u00eetris\u00e9.<\/p>\n\n\n\n<p>Sous un ciel d\u2019un bleu \u00e9clatant et sur une neige de cin\u00e9ma, nous avons progress\u00e9 vers le sommet dans des conditions id\u00e9ales.<\/p>\n\n\n\n<p>Peu avant les 2 762 m\u00e8tres de l\u2019Albristhorn, un court passage a n\u00e9cessit\u00e9 un portage des skis.<\/p>\n\n\n\n<p>\u00c0 la descente, \u00e0 cet endroit pr\u00e9cis, j\u2019ai pr\u00e9f\u00e9r\u00e9 , prudemment , d\u00e9chausser, contrairement aux patrouilleurs.<\/p>\n\n\n\n<p>Impressionnant de les voir \u00e9voluer avec autant d\u2019aisance dans les pentes raides !<\/p>\n\n\n\n<p>Leur trace, dessin\u00e9e avec pr\u00e9cision dans une poudreuse magnifique, a offert une descente splendide jusqu\u2019au bus de Patrick.<\/p>\n\n\n\n<p>Au-del\u00e0 de l\u2019effort sportif, je retiens surtout l\u2019accueil chaleureux et la bienveillance de mes coll\u00e8gues du CAS Jura.<\/p>\n\n\n\n<p>Je me r\u00e9jouis d\u00e9j\u00e0 de profiter de leur organisation et de leur savoir-faire lors des prochaines sorties dans ce qui est d\u00e9sormais mon deuxi\u00e8me club.<\/p>\n\n\n\n<p>Olivier Montavon<\/p>\n\n\n\n<figure class=\"wp-block-gallery has-nested-images columns-2 is-cropped wp-block-gallery-1 is-layout-flex wp-block-gallery-is-layout-flex\">\n<figure class=\"wp-block-image size-large\"><img loading=\"lazy\" decoding=\"async\" width=\"1024\" height=\"473\" data-id=\"5286\" src=\"https:\/\/cas-jura.ch\/wordpress\/wp-content\/uploads\/2026\/02\/4ecc68a3-58f6-4c85-8fc1-6e3c7673cf0a-1024x473.jpeg\" alt=\"\" class=\"wp-image-5286\" srcset=\"https:\/\/cas-jura.ch\/wordpress\/wp-content\/uploads\/2026\/02\/4ecc68a3-58f6-4c85-8fc1-6e3c7673cf0a-1024x473.jpeg 1024w, https:\/\/cas-jura.ch\/wordpress\/wp-content\/uploads\/2026\/02\/4ecc68a3-58f6-4c85-8fc1-6e3c7673cf0a-300x139.jpeg 300w, https:\/\/cas-jura.ch\/wordpress\/wp-content\/uploads\/2026\/02\/4ecc68a3-58f6-4c85-8fc1-6e3c7673cf0a-768x355.jpeg 768w, https:\/\/cas-jura.ch\/wordpress\/wp-content\/uploads\/2026\/02\/4ecc68a3-58f6-4c85-8fc1-6e3c7673cf0a-1536x710.jpeg 1536w, https:\/\/cas-jura.ch\/wordpress\/wp-content\/uploads\/2026\/02\/4ecc68a3-58f6-4c85-8fc1-6e3c7673cf0a-1800x832.jpeg 1800w, https:\/\/cas-jura.ch\/wordpress\/wp-content\/uploads\/2026\/02\/4ecc68a3-58f6-4c85-8fc1-6e3c7673cf0a.jpeg 2000w\" sizes=\"auto, (max-width: 1024px) 100vw, 1024px\" \/><\/figure>\n\n\n\n<figure class=\"wp-block-image size-large\"><img loading=\"lazy\" decoding=\"async\" width=\"1024\" height=\"768\" data-id=\"5282\" src=\"https:\/\/cas-jura.ch\/wordpress\/wp-content\/uploads\/2026\/02\/5de7a7fc-9c68-4fdf-9412-957a79e7e214-1-1024x768.jpeg\" alt=\"\" class=\"wp-image-5282\" srcset=\"https:\/\/cas-jura.ch\/wordpress\/wp-content\/uploads\/2026\/02\/5de7a7fc-9c68-4fdf-9412-957a79e7e214-1-1024x768.jpeg 1024w, https:\/\/cas-jura.ch\/wordpress\/wp-content\/uploads\/2026\/02\/5de7a7fc-9c68-4fdf-9412-957a79e7e214-1-300x225.jpeg 300w, https:\/\/cas-jura.ch\/wordpress\/wp-content\/uploads\/2026\/02\/5de7a7fc-9c68-4fdf-9412-957a79e7e214-1-768x576.jpeg 768w, https:\/\/cas-jura.ch\/wordpress\/wp-content\/uploads\/2026\/02\/5de7a7fc-9c68-4fdf-9412-957a79e7e214-1-1536x1152.jpeg 1536w, https:\/\/cas-jura.ch\/wordpress\/wp-content\/uploads\/2026\/02\/5de7a7fc-9c68-4fdf-9412-957a79e7e214-1.jpeg 1600w\" sizes=\"auto, (max-width: 1024px) 100vw, 1024px\" \/><\/figure>\n\n\n\n<figure class=\"wp-block-image size-large\"><img loading=\"lazy\" decoding=\"async\" width=\"768\" height=\"1024\" data-id=\"5283\" src=\"https:\/\/cas-jura.ch\/wordpress\/wp-content\/uploads\/2026\/02\/54d71c70-78e5-448b-a68b-f8b5fbf45b19-1-768x1024.jpeg\" alt=\"\" class=\"wp-image-5283\" srcset=\"https:\/\/cas-jura.ch\/wordpress\/wp-content\/uploads\/2026\/02\/54d71c70-78e5-448b-a68b-f8b5fbf45b19-1-768x1024.jpeg 768w, https:\/\/cas-jura.ch\/wordpress\/wp-content\/uploads\/2026\/02\/54d71c70-78e5-448b-a68b-f8b5fbf45b19-1-225x300.jpeg 225w, https:\/\/cas-jura.ch\/wordpress\/wp-content\/uploads\/2026\/02\/54d71c70-78e5-448b-a68b-f8b5fbf45b19-1-1152x1536.jpeg 1152w, https:\/\/cas-jura.ch\/wordpress\/wp-content\/uploads\/2026\/02\/54d71c70-78e5-448b-a68b-f8b5fbf45b19-1-900x1200.jpeg 900w, https:\/\/cas-jura.ch\/wordpress\/wp-content\/uploads\/2026\/02\/54d71c70-78e5-448b-a68b-f8b5fbf45b19-1.jpeg 1200w\" sizes=\"auto, (max-width: 768px) 100vw, 768px\" \/><\/figure>\n\n\n\n<figure class=\"wp-block-image size-large\"><img loading=\"lazy\" decoding=\"async\" width=\"768\" height=\"1024\" data-id=\"5287\" src=\"https:\/\/cas-jura.ch\/wordpress\/wp-content\/uploads\/2026\/02\/15091319-02b5-45ed-9d46-a5ef3428624c-1-768x1024.jpeg\" alt=\"\" class=\"wp-image-5287\" srcset=\"https:\/\/cas-jura.ch\/wordpress\/wp-content\/uploads\/2026\/02\/15091319-02b5-45ed-9d46-a5ef3428624c-1-768x1024.jpeg 768w, https:\/\/cas-jura.ch\/wordpress\/wp-content\/uploads\/2026\/02\/15091319-02b5-45ed-9d46-a5ef3428624c-1-225x300.jpeg 225w, https:\/\/cas-jura.ch\/wordpress\/wp-content\/uploads\/2026\/02\/15091319-02b5-45ed-9d46-a5ef3428624c-1-1152x1536.jpeg 1152w, https:\/\/cas-jura.ch\/wordpress\/wp-content\/uploads\/2026\/02\/15091319-02b5-45ed-9d46-a5ef3428624c-1-900x1200.jpeg 900w, https:\/\/cas-jura.ch\/wordpress\/wp-content\/uploads\/2026\/02\/15091319-02b5-45ed-9d46-a5ef3428624c-1.jpeg 1200w\" sizes=\"auto, (max-width: 768px) 100vw, 768px\" \/><\/figure>\n\n\n\n<figure class=\"wp-block-image size-large\"><img loading=\"lazy\" decoding=\"async\" width=\"768\" height=\"1024\" data-id=\"5284\" src=\"https:\/\/cas-jura.ch\/wordpress\/wp-content\/uploads\/2026\/02\/d1fad7b3-fdfe-47d9-a032-a4a7fc907a87-1-768x1024.jpeg\" alt=\"\" class=\"wp-image-5284\" srcset=\"https:\/\/cas-jura.ch\/wordpress\/wp-content\/uploads\/2026\/02\/d1fad7b3-fdfe-47d9-a032-a4a7fc907a87-1-768x1024.jpeg 768w, https:\/\/cas-jura.ch\/wordpress\/wp-content\/uploads\/2026\/02\/d1fad7b3-fdfe-47d9-a032-a4a7fc907a87-1-225x300.jpeg 225w, https:\/\/cas-jura.ch\/wordpress\/wp-content\/uploads\/2026\/02\/d1fad7b3-fdfe-47d9-a032-a4a7fc907a87-1-1152x1536.jpeg 1152w, https:\/\/cas-jura.ch\/wordpress\/wp-content\/uploads\/2026\/02\/d1fad7b3-fdfe-47d9-a032-a4a7fc907a87-1-900x1200.jpeg 900w, https:\/\/cas-jura.ch\/wordpress\/wp-content\/uploads\/2026\/02\/d1fad7b3-fdfe-47d9-a032-a4a7fc907a87-1.jpeg 1200w\" sizes=\"auto, (max-width: 768px) 100vw, 768px\" \/><\/figure>\n\n\n\n<figure class=\"wp-block-image size-large\"><img loading=\"lazy\" decoding=\"async\" width=\"768\" height=\"1024\" data-id=\"5285\" src=\"https:\/\/cas-jura.ch\/wordpress\/wp-content\/uploads\/2026\/02\/effb2266-34cb-4f6b-a175-a93dbeb2d0ae-1-768x1024.jpeg\" alt=\"\" class=\"wp-image-5285\" srcset=\"https:\/\/cas-jura.ch\/wordpress\/wp-content\/uploads\/2026\/02\/effb2266-34cb-4f6b-a175-a93dbeb2d0ae-1-768x1024.jpeg 768w, https:\/\/cas-jura.ch\/wordpress\/wp-content\/uploads\/2026\/02\/effb2266-34cb-4f6b-a175-a93dbeb2d0ae-1-225x300.jpeg 225w, https:\/\/cas-jura.ch\/wordpress\/wp-content\/uploads\/2026\/02\/effb2266-34cb-4f6b-a175-a93dbeb2d0ae-1-1152x1536.jpeg 1152w, https:\/\/cas-jura.ch\/wordpress\/wp-content\/uploads\/2026\/02\/effb2266-34cb-4f6b-a175-a93dbeb2d0ae-1-1536x2048.jpeg 1536w, https:\/\/cas-jura.ch\/wordpress\/wp-content\/uploads\/2026\/02\/effb2266-34cb-4f6b-a175-a93dbeb2d0ae-1-1800x2400.jpeg 1800w, https:\/\/cas-jura.ch\/wordpress\/wp-content\/uploads\/2026\/02\/effb2266-34cb-4f6b-a175-a93dbeb2d0ae-1-900x1200.jpeg 900w, https:\/\/cas-jura.ch\/wordpress\/wp-content\/uploads\/2026\/02\/effb2266-34cb-4f6b-a175-a93dbeb2d0ae-1-scaled.jpeg 1920w\" sizes=\"auto, (max-width: 768px) 100vw, 768px\" \/><\/figure>\n<\/figure>\n","protected":false},"excerpt":{"rendered":"<p>Cdc : Antoine Schnetz Participants : Delphine Riat, Patrick Juillerat et Olivier Montavon Sur les traces d\u2019un grand champion\u2026 \u00e0 l\u2019Albristhorn Alors que Franjo von &#8230;<\/p>\n","protected":false},"author":975923,"featured_media":5282,"comment_status":"closed","ping_status":"closed","sticky":false,"template":"","format":"standard","meta":{"_jetpack_memberships_contains_paid_content":false,"footnotes":""},"categories":[1],"tags":[],"class_list":["post-5270","post","type-post","status-publish","format-standard","has-post-thumbnail","hentry","category-uncategorized"],"jetpack_featured_media_url":"https:\/\/cas-jura.ch\/wordpress\/wp-content\/uploads\/2026\/02\/5de7a7fc-9c68-4fdf-9412-957a79e7e214-1.jpeg","jetpack_sharing_enabled":true,"_links":{"self":[{"href":"https:\/\/cas-jura.ch\/index.php?rest_route=\/wp\/v2\/posts\/5270","targetHints":{"allow":["GET"]}}],"collection":[{"href":"https:\/\/cas-jura.ch\/index.php?rest_route=\/wp\/v2\/posts"}],"about":[{"href":"https:\/\/cas-jura.ch\/index.php?rest_route=\/wp\/v2\/types\/post"}],"author":[{"embeddable":true,"href":"https:\/\/cas-jura.ch\/index.php?rest_route=\/wp\/v2\/users\/975923"}],"replies":[{"embeddable":true,"href":"https:\/\/cas-jura.ch\/index.php?rest_route=%2Fwp%2Fv2%2Fcomments&post=5270"}],"version-history":[{"count":1,"href":"https:\/\/cas-jura.ch\/index.php?rest_route=\/wp\/v2\/posts\/5270\/revisions"}],"predecessor-version":[{"id":5288,"href":"https:\/\/cas-jura.ch\/index.php?rest_route=\/wp\/v2\/posts\/5270\/revisions\/5288"}],"wp:featuredmedia":[{"embeddable":true,"href":"https:\/\/cas-jura.ch\/index.php?rest_route=\/wp\/v2\/media\/5282"}],"wp:attachment":[{"href":"https:\/\/cas-jura.ch\/index.php?rest_route=%2Fwp%2Fv2%2Fmedia&parent=5270"}],"wp:term":[{"taxonomy":"category","embeddable":true,"href":"https:\/\/cas-jura.ch\/index.php?rest_route=%2Fwp%2Fv2%2Fcategories&post=5270"},{"taxonomy":"post_tag","embeddable":true,"href":"https:\/\/cas-jura.ch\/index.php?rest_route=%2Fwp%2Fv2%2Ftags&post=5270"}],"curies":[{"name":"wp","href":"https:\/\/api.w.org\/{rel}","templated":true}]}}