{"id":5316,"date":"2026-03-17T17:09:57","date_gmt":"2026-03-17T16:09:57","guid":{"rendered":"https:\/\/cas-jura.ch\/?p=5316"},"modified":"2026-03-17T17:10:00","modified_gmt":"2026-03-17T16:10:00","slug":"bourse-aux-vetements-et-materiel-de-montagne-et-de-loisirs-cas-jura","status":"publish","type":"post","link":"https:\/\/cas-jura.ch\/?p=5316","title":{"rendered":"Bourse aux v\u00eatements et mat\u00e9riel de montagne et de loisirs \u2013 CAS Jura"},"content":{"rendered":"\n<p>La section Jura du CAS organise sa bourse de seconde main&nbsp;pour v\u00eatements et mat\u00e9riel de montagne et de loisirs. C\u2019est l\u2019occasion de donner une seconde vie \u00e0 vos articles ou de trouver \u00e0 prix avantageux ce qu\u2019il vous manque\u202f: v\u00eatements, chaussures, sacs \u00e0 dos, mat\u00e9riel de bivouac ou ouvrages de randonn\u00e9e.<\/p>\n\n\n\n<p>Dates et lieu<\/p>\n\n\n\n<ul class=\"wp-block-list\">\n<li>D\u00e9p\u00f4t des articles\u00a0: jeudi 23 et vendredi 24 avril 2026, 17h30 \u2013 20h00, Centre Le Ph\u00e9nix, Porrentruy<\/li>\n\n\n\n<li><strong><u>Vente <\/u><\/strong><strong>: samedi 25 avril 2026, 9h00 \u2013 18h00, Centre Le Ph\u00e9nix, Porrentruy<\/strong><\/li>\n\n\n\n<li>Retrait des invendus\u00a0: dimanche 26 avril 9h30 \u2013 11h30 et lundi 27 avril 17h30 \u2013 19h00<br>Centre Le Ph\u00e9nix, Porrentruy<\/li>\n<\/ul>\n\n\n\n<p>Tarifs et conditions<\/p>\n\n\n\n<ul class=\"wp-block-list\">\n<li>Acheteurs :\u00a0entr\u00e9e gratuite<\/li>\n\n\n\n<li>Vendeurs :\u00a0frais fixes CHF 5.\u2013 + contribution en faveur du\u00a0fond \u00ab\u202fEnvironnement\u202f\u00bb de la section Jura du CAS\u00a0sur le produit des ventes (10\u202f% pour les membres CAS, 15\u202f% pour les non-membres). Imprimer et remplissez le<strong>\u00a0<a href=\"https:\/\/cas-jura.ch\/wordpress\/wp-content\/uploads\/2026\/03\/Vente-CAS-JURA-Formulaire-vendeur.pdf\" data-type=\"link\" data-id=\"https:\/\/cas-jura.ch\/wordpress\/wp-content\/uploads\/2026\/03\/Vente-CAS-JURA-Formulaire-vendeur.pdf\" target=\"_blank\" rel=\"noreferrer noopener\">formulaire officiel<\/a><\/strong>\u00a0avant de d\u00e9poser vos articles selon le <strong><a href=\"https:\/\/cas-jura.ch\/wordpress\/wp-content\/uploads\/2026\/03\/Vente-CAS-JURA-Reglement.pdf\" data-type=\"link\" data-id=\"https:\/\/cas-jura.ch\/wordpress\/wp-content\/uploads\/2026\/03\/Vente-CAS-JURA-Reglement.pdf\" target=\"_blank\" rel=\"noreferrer noopener\">r\u00e8glement de vente<\/a>.<\/strong>\u00a0<\/li>\n\n\n\n<li>Articles propres, fonctionnels et \u00e9tiquet\u00e9s. Le d\u00e9p\u00f4t est obligatoire avant la vente.<\/li>\n<\/ul>\n\n\n\n<p>Venez vendre, acheter et partager un moment convivial tout en soutenant le&nbsp;fond \u00ab\u202fEnvironnement\u202f\u00bb de la section Jura du CAS. Un coin caf\u00e9 et boissons&nbsp;sera \u00e0 disposition pour \u00e9changer et passer un moment agr\u00e9able entre passionn\u00e9s de montagne.<\/p>\n\n\n\n<p><strong>B\u00e9n\u00e9voles bienvenus !<\/strong><br>Si vous souhaitez participer en tant que b\u00e9n\u00e9vole, contactez Doriane B\u00e9dat, d\u00e9l\u00e9gu\u00e9e \u00e0 l\u2019environnement, au 076 231 77 44.<\/p>\n\n\n\n<div class=\"wp-block-columns is-layout-flex wp-container-core-columns-is-layout-9d6595d7 wp-block-columns-is-layout-flex\">\n<div class=\"wp-block-column is-layout-flow wp-block-column-is-layout-flow\">\n<figure class=\"wp-block-image size-large\" id=\"https:\/\/cas-jura.ch\/wordpress\/wp-content\/uploads\/2026\/03\/Flyer-vente-2026-recto.jpg\"><img loading=\"lazy\" decoding=\"async\" width=\"724\" height=\"1024\" src=\"https:\/\/cas-jura.ch\/wordpress\/wp-content\/uploads\/2026\/03\/Flyer-vente-2026-recto-724x1024.jpg\" alt=\"\" class=\"wp-image-5313\" srcset=\"https:\/\/cas-jura.ch\/wordpress\/wp-content\/uploads\/2026\/03\/Flyer-vente-2026-recto-724x1024.jpg 724w, https:\/\/cas-jura.ch\/wordpress\/wp-content\/uploads\/2026\/03\/Flyer-vente-2026-recto-212x300.jpg 212w, https:\/\/cas-jura.ch\/wordpress\/wp-content\/uploads\/2026\/03\/Flyer-vente-2026-recto-768x1086.jpg 768w, https:\/\/cas-jura.ch\/wordpress\/wp-content\/uploads\/2026\/03\/Flyer-vente-2026-recto-1086x1536.jpg 1086w, https:\/\/cas-jura.ch\/wordpress\/wp-content\/uploads\/2026\/03\/Flyer-vente-2026-recto.jpg 1414w\" sizes=\"auto, (max-width: 724px) 100vw, 724px\" \/><\/figure>\n<\/div>\n\n\n\n<div class=\"wp-block-column is-layout-flow wp-block-column-is-layout-flow\">\n<figure class=\"wp-block-image size-large\" id=\"https:\/\/cas-jura.ch\/wordpress\/wp-content\/uploads\/2026\/03\/Flyer-vente-2026-verso.jpg\"><img loading=\"lazy\" decoding=\"async\" width=\"724\" height=\"1024\" src=\"https:\/\/cas-jura.ch\/wordpress\/wp-content\/uploads\/2026\/03\/Flyer-vente-2026-verso-724x1024.jpg\" alt=\"\" class=\"wp-image-5314\" srcset=\"https:\/\/cas-jura.ch\/wordpress\/wp-content\/uploads\/2026\/03\/Flyer-vente-2026-verso-724x1024.jpg 724w, https:\/\/cas-jura.ch\/wordpress\/wp-content\/uploads\/2026\/03\/Flyer-vente-2026-verso-212x300.jpg 212w, https:\/\/cas-jura.ch\/wordpress\/wp-content\/uploads\/2026\/03\/Flyer-vente-2026-verso-768x1086.jpg 768w, https:\/\/cas-jura.ch\/wordpress\/wp-content\/uploads\/2026\/03\/Flyer-vente-2026-verso-1086x1536.jpg 1086w, https:\/\/cas-jura.ch\/wordpress\/wp-content\/uploads\/2026\/03\/Flyer-vente-2026-verso.jpg 1414w\" sizes=\"auto, (max-width: 724px) 100vw, 724px\" \/><\/figure>\n<\/div>\n<\/div>\n","protected":false},"excerpt":{"rendered":"<p>La section Jura du CAS organise sa bourse de seconde main&nbsp;pour v\u00eatements et mat\u00e9riel de montagne et de loisirs. C\u2019est l\u2019occasion de donner une seconde &#8230;<\/p>\n","protected":false},"author":975923,"featured_media":3215,"comment_status":"closed","ping_status":"closed","sticky":false,"template":"","format":"standard","meta":{"_jetpack_memberships_contains_paid_content":false,"footnotes":""},"categories":[1],"tags":[],"class_list":["post-5316","post","type-post","status-publish","format-standard","has-post-thumbnail","hentry","category-uncategorized"],"jetpack_featured_media_url":"https:\/\/cas-jura.ch\/wordpress\/wp-content\/uploads\/2023\/10\/Capture-decran-2023-10-01-131536-e1696173736514.png","jetpack_sharing_enabled":true,"_links":{"self":[{"href":"https:\/\/cas-jura.ch\/index.php?rest_route=\/wp\/v2\/posts\/5316","targetHints":{"allow":["GET"]}}],"collection":[{"href":"https:\/\/cas-jura.ch\/index.php?rest_route=\/wp\/v2\/posts"}],"about":[{"href":"https:\/\/cas-jura.ch\/index.php?rest_route=\/wp\/v2\/types\/post"}],"author":[{"embeddable":true,"href":"https:\/\/cas-jura.ch\/index.php?rest_route=\/wp\/v2\/users\/975923"}],"replies":[{"embeddable":true,"href":"https:\/\/cas-jura.ch\/index.php?rest_route=%2Fwp%2Fv2%2Fcomments&post=5316"}],"version-history":[{"count":1,"href":"https:\/\/cas-jura.ch\/index.php?rest_route=\/wp\/v2\/posts\/5316\/revisions"}],"predecessor-version":[{"id":5317,"href":"https:\/\/cas-jura.ch\/index.php?rest_route=\/wp\/v2\/posts\/5316\/revisions\/5317"}],"wp:featuredmedia":[{"embeddable":true,"href":"https:\/\/cas-jura.ch\/index.php?rest_route=\/wp\/v2\/media\/3215"}],"wp:attachment":[{"href":"https:\/\/cas-jura.ch\/index.php?rest_route=%2Fwp%2Fv2%2Fmedia&parent=5316"}],"wp:term":[{"taxonomy":"category","embeddable":true,"href":"https:\/\/cas-jura.ch\/index.php?rest_route=%2Fwp%2Fv2%2Fcategories&post=5316"},{"taxonomy":"post_tag","embeddable":true,"href":"https:\/\/cas-jura.ch\/index.php?rest_route=%2Fwp%2Fv2%2Ftags&post=5316"}],"curies":[{"name":"wp","href":"https:\/\/api.w.org\/{rel}","templated":true}]}}