{"id":5338,"date":"2026-04-02T15:54:21","date_gmt":"2026-04-02T13:54:21","guid":{"rendered":"https:\/\/cas-jura.ch\/?p=5338"},"modified":"2026-04-02T15:54:24","modified_gmt":"2026-04-02T13:54:24","slug":"sr-diemtigtal-le-rauflihore-2323-m-un-classique-15-02-26","status":"publish","type":"post","link":"https:\/\/cas-jura.ch\/?p=5338","title":{"rendered":"SR Diemtigtal, le Rauflihore 2323 m, un classique &#8211; 15.02.26"},"content":{"rendered":"\n<p>Cdc : Jean-Bernard\u00a0<\/p>\n\n\n\n<p>Participants : Carine Parrat, Olivier Ch\u00e8vre, Carlos Munoz<br>Dans la publication de la sortie l\u2019objectif pr\u00e9vu etait M\u00e4nnliflue 2652 m (sommet le plus \u00e9lev\u00e9 du Diemtigtal), depuis Fieldrich. Mais les conditions m\u00e9t\u00e9o \u00e9tant mauvaises et le danger d\u2019avalanche tr\u00e8s \u00e9lev\u00e9, j\u2019ai modifi\u00e9 la destination.<br>Nouvel objectif, un classique, le Rauflihore au d\u00e9part de Grimmialp (donc Diemtigtal). Ce sommet n\u2019est pas difficile et il a l\u2019avantage de ne pas avoir des pentes de plus de 30 degr\u00e9s, juste quelques passages cl\u00e9s \u00e0 surveiller.<br><br>Les pr\u00e9visions m\u00e9t\u00e9o n\u2019\u00e9taient pas tr\u00e8s bonnes mais nous avons \u00e9t\u00e9 agr\u00e9ablement surpris. Jusqu\u2019en d\u00e9but d\u2019apr\u00e8s-midi nous avons \u00e9t\u00e9 gratifi\u00e9s d\u2019un grand soleil. La neige \u00e9tait parfaite, poudreuse \u00e0 souhait, et l\u2019ambiance tr\u00e8s cool.<br>L\u2019envers de la m\u00e9daille : l\u2019affluence. Ben oui, tout le monde avait fait les m\u00eames r\u00e9flexions que moi pour choisir la destination et je n\u2019ai jamais vu autant de skieurs au sommet de cette montagne ! Il y avait bien une cinquantaine de personnes au moment o\u00f9 nous avons atteint le sommet !<br>Dans la descente, nous avons encore trouv\u00e9 des endroits sans traces et, cerise sur le g\u00e2teau, nous avons ajout\u00e9 une descente versant S-SW tellement la poudreuse faisait envie.<br>Bien s\u00fbr il a fallu repeauter pour passer le col Grimmifurggi et basculer de l\u2019autre c\u00f4t\u00e9 mais \u00e7a en valait vraiment la peine. Bain de soleil et pique-nique puis il faut tout de m\u00eame penser \u00e0 redescendre belle jusqu\u2019aux voitures. On s\u2019est fait de la poudre jusque derri\u00e8re les oreilles !<br>En fin de compte, la sortie fut un succ\u00e8s et tout le monde a pris un max de plaisir. Belle sortie \u00e0 la journ\u00e9e.<\/p>\n\n\n\n<figure class=\"wp-block-gallery has-nested-images columns-default is-cropped wp-block-gallery-1 is-layout-flex wp-block-gallery-is-layout-flex\">\n<figure class=\"wp-block-image size-large\"><img loading=\"lazy\" decoding=\"async\" width=\"1024\" height=\"768\" data-id=\"5342\" src=\"https:\/\/cas-jura.ch\/wordpress\/wp-content\/uploads\/2026\/04\/3027a600-9a63-4523-9380-ac5af469a63b-1024x768.jpeg\" alt=\"\" class=\"wp-image-5342\" srcset=\"https:\/\/cas-jura.ch\/wordpress\/wp-content\/uploads\/2026\/04\/3027a600-9a63-4523-9380-ac5af469a63b-1024x768.jpeg 1024w, https:\/\/cas-jura.ch\/wordpress\/wp-content\/uploads\/2026\/04\/3027a600-9a63-4523-9380-ac5af469a63b-300x225.jpeg 300w, https:\/\/cas-jura.ch\/wordpress\/wp-content\/uploads\/2026\/04\/3027a600-9a63-4523-9380-ac5af469a63b-768x576.jpeg 768w, https:\/\/cas-jura.ch\/wordpress\/wp-content\/uploads\/2026\/04\/3027a600-9a63-4523-9380-ac5af469a63b-1536x1152.jpeg 1536w, https:\/\/cas-jura.ch\/wordpress\/wp-content\/uploads\/2026\/04\/3027a600-9a63-4523-9380-ac5af469a63b-1800x1350.jpeg 1800w, https:\/\/cas-jura.ch\/wordpress\/wp-content\/uploads\/2026\/04\/3027a600-9a63-4523-9380-ac5af469a63b.jpeg 2048w\" sizes=\"auto, (max-width: 1024px) 100vw, 1024px\" \/><\/figure>\n\n\n\n<figure class=\"wp-block-image size-large\"><img loading=\"lazy\" decoding=\"async\" width=\"665\" height=\"1024\" data-id=\"5339\" src=\"https:\/\/cas-jura.ch\/wordpress\/wp-content\/uploads\/2026\/04\/0cfdb61f-04d0-4755-a0f0-62629ee8e0a7-665x1024.jpeg\" alt=\"\" class=\"wp-image-5339\" srcset=\"https:\/\/cas-jura.ch\/wordpress\/wp-content\/uploads\/2026\/04\/0cfdb61f-04d0-4755-a0f0-62629ee8e0a7-665x1024.jpeg 665w, https:\/\/cas-jura.ch\/wordpress\/wp-content\/uploads\/2026\/04\/0cfdb61f-04d0-4755-a0f0-62629ee8e0a7-195x300.jpeg 195w, https:\/\/cas-jura.ch\/wordpress\/wp-content\/uploads\/2026\/04\/0cfdb61f-04d0-4755-a0f0-62629ee8e0a7-768x1183.jpeg 768w, https:\/\/cas-jura.ch\/wordpress\/wp-content\/uploads\/2026\/04\/0cfdb61f-04d0-4755-a0f0-62629ee8e0a7-998x1536.jpeg 998w, https:\/\/cas-jura.ch\/wordpress\/wp-content\/uploads\/2026\/04\/0cfdb61f-04d0-4755-a0f0-62629ee8e0a7.jpeg 1330w\" sizes=\"auto, (max-width: 665px) 100vw, 665px\" \/><\/figure>\n<\/figure>\n\n\n\n<figure class=\"wp-block-gallery has-nested-images columns-default is-cropped wp-block-gallery-2 is-layout-flex wp-block-gallery-is-layout-flex\">\n<figure class=\"wp-block-image size-large\"><img loading=\"lazy\" decoding=\"async\" width=\"1024\" height=\"768\" data-id=\"5341\" src=\"https:\/\/cas-jura.ch\/wordpress\/wp-content\/uploads\/2026\/04\/850b17bc-3c5f-4b9d-ad41-22feb4f8c75a-1024x768.jpeg\" alt=\"\" class=\"wp-image-5341\" srcset=\"https:\/\/cas-jura.ch\/wordpress\/wp-content\/uploads\/2026\/04\/850b17bc-3c5f-4b9d-ad41-22feb4f8c75a-1024x768.jpeg 1024w, https:\/\/cas-jura.ch\/wordpress\/wp-content\/uploads\/2026\/04\/850b17bc-3c5f-4b9d-ad41-22feb4f8c75a-300x225.jpeg 300w, https:\/\/cas-jura.ch\/wordpress\/wp-content\/uploads\/2026\/04\/850b17bc-3c5f-4b9d-ad41-22feb4f8c75a-768x576.jpeg 768w, https:\/\/cas-jura.ch\/wordpress\/wp-content\/uploads\/2026\/04\/850b17bc-3c5f-4b9d-ad41-22feb4f8c75a-1536x1152.jpeg 1536w, https:\/\/cas-jura.ch\/wordpress\/wp-content\/uploads\/2026\/04\/850b17bc-3c5f-4b9d-ad41-22feb4f8c75a-1800x1350.jpeg 1800w, https:\/\/cas-jura.ch\/wordpress\/wp-content\/uploads\/2026\/04\/850b17bc-3c5f-4b9d-ad41-22feb4f8c75a.jpeg 2048w\" sizes=\"auto, (max-width: 1024px) 100vw, 1024px\" \/><\/figure>\n\n\n\n<figure class=\"wp-block-image size-large\"><img loading=\"lazy\" decoding=\"async\" width=\"768\" height=\"1024\" data-id=\"5340\" src=\"https:\/\/cas-jura.ch\/wordpress\/wp-content\/uploads\/2026\/04\/78d26712-9dd3-425a-be48-80031381ec96-768x1024.jpeg\" alt=\"\" class=\"wp-image-5340\" srcset=\"https:\/\/cas-jura.ch\/wordpress\/wp-content\/uploads\/2026\/04\/78d26712-9dd3-425a-be48-80031381ec96-768x1024.jpeg 768w, https:\/\/cas-jura.ch\/wordpress\/wp-content\/uploads\/2026\/04\/78d26712-9dd3-425a-be48-80031381ec96-225x300.jpeg 225w, https:\/\/cas-jura.ch\/wordpress\/wp-content\/uploads\/2026\/04\/78d26712-9dd3-425a-be48-80031381ec96-1152x1536.jpeg 1152w, https:\/\/cas-jura.ch\/wordpress\/wp-content\/uploads\/2026\/04\/78d26712-9dd3-425a-be48-80031381ec96-900x1200.jpeg 900w, https:\/\/cas-jura.ch\/wordpress\/wp-content\/uploads\/2026\/04\/78d26712-9dd3-425a-be48-80031381ec96.jpeg 1536w\" sizes=\"auto, (max-width: 768px) 100vw, 768px\" \/><\/figure>\n<\/figure>\n\n\n\n<figure class=\"wp-block-image size-large\"><img loading=\"lazy\" decoding=\"async\" width=\"1024\" height=\"539\" src=\"https:\/\/cas-jura.ch\/wordpress\/wp-content\/uploads\/2026\/04\/e4fd834f-3ee2-462e-9a49-80e679645fb6-1024x539.jpeg\" alt=\"\" class=\"wp-image-5343\" srcset=\"https:\/\/cas-jura.ch\/wordpress\/wp-content\/uploads\/2026\/04\/e4fd834f-3ee2-462e-9a49-80e679645fb6-1024x539.jpeg 1024w, https:\/\/cas-jura.ch\/wordpress\/wp-content\/uploads\/2026\/04\/e4fd834f-3ee2-462e-9a49-80e679645fb6-300x158.jpeg 300w, https:\/\/cas-jura.ch\/wordpress\/wp-content\/uploads\/2026\/04\/e4fd834f-3ee2-462e-9a49-80e679645fb6-768x404.jpeg 768w, https:\/\/cas-jura.ch\/wordpress\/wp-content\/uploads\/2026\/04\/e4fd834f-3ee2-462e-9a49-80e679645fb6-1536x809.jpeg 1536w, https:\/\/cas-jura.ch\/wordpress\/wp-content\/uploads\/2026\/04\/e4fd834f-3ee2-462e-9a49-80e679645fb6-1800x947.jpeg 1800w, https:\/\/cas-jura.ch\/wordpress\/wp-content\/uploads\/2026\/04\/e4fd834f-3ee2-462e-9a49-80e679645fb6.jpeg 2048w\" sizes=\"auto, (max-width: 1024px) 100vw, 1024px\" \/><\/figure>\n","protected":false},"excerpt":{"rendered":"<p>Cdc : Jean-Bernard\u00a0 Participants : Carine Parrat, Olivier Ch\u00e8vre, Carlos MunozDans la publication de la sortie l\u2019objectif pr\u00e9vu etait M\u00e4nnliflue 2652 m (sommet le plus &#8230;<\/p>\n","protected":false},"author":975923,"featured_media":5343,"comment_status":"closed","ping_status":"closed","sticky":false,"template":"","format":"standard","meta":{"_jetpack_memberships_contains_paid_content":false,"footnotes":""},"categories":[1],"tags":[],"class_list":["post-5338","post","type-post","status-publish","format-standard","has-post-thumbnail","hentry","category-uncategorized"],"jetpack_featured_media_url":"https:\/\/cas-jura.ch\/wordpress\/wp-content\/uploads\/2026\/04\/e4fd834f-3ee2-462e-9a49-80e679645fb6.jpeg","jetpack_sharing_enabled":true,"_links":{"self":[{"href":"https:\/\/cas-jura.ch\/index.php?rest_route=\/wp\/v2\/posts\/5338","targetHints":{"allow":["GET"]}}],"collection":[{"href":"https:\/\/cas-jura.ch\/index.php?rest_route=\/wp\/v2\/posts"}],"about":[{"href":"https:\/\/cas-jura.ch\/index.php?rest_route=\/wp\/v2\/types\/post"}],"author":[{"embeddable":true,"href":"https:\/\/cas-jura.ch\/index.php?rest_route=\/wp\/v2\/users\/975923"}],"replies":[{"embeddable":true,"href":"https:\/\/cas-jura.ch\/index.php?rest_route=%2Fwp%2Fv2%2Fcomments&post=5338"}],"version-history":[{"count":1,"href":"https:\/\/cas-jura.ch\/index.php?rest_route=\/wp\/v2\/posts\/5338\/revisions"}],"predecessor-version":[{"id":5344,"href":"https:\/\/cas-jura.ch\/index.php?rest_route=\/wp\/v2\/posts\/5338\/revisions\/5344"}],"wp:featuredmedia":[{"embeddable":true,"href":"https:\/\/cas-jura.ch\/index.php?rest_route=\/wp\/v2\/media\/5343"}],"wp:attachment":[{"href":"https:\/\/cas-jura.ch\/index.php?rest_route=%2Fwp%2Fv2%2Fmedia&parent=5338"}],"wp:term":[{"taxonomy":"category","embeddable":true,"href":"https:\/\/cas-jura.ch\/index.php?rest_route=%2Fwp%2Fv2%2Fcategories&post=5338"},{"taxonomy":"post_tag","embeddable":true,"href":"https:\/\/cas-jura.ch\/index.php?rest_route=%2Fwp%2Fv2%2Ftags&post=5338"}],"curies":[{"name":"wp","href":"https:\/\/api.w.org\/{rel}","templated":true}]}}