{"id":5353,"date":"2026-04-08T21:41:53","date_gmt":"2026-04-08T19:41:53","guid":{"rendered":"https:\/\/cas-jura.ch\/?p=5353"},"modified":"2026-04-08T21:41:56","modified_gmt":"2026-04-08T19:41:56","slug":"ouvertures-cabane-2026","status":"publish","type":"post","link":"https:\/\/cas-jura.ch\/?p=5353","title":{"rendered":"Ouvertures Cabane 2026"},"content":{"rendered":"\n<p>Nous sommes heureux de vous annoncer nos nouvelles dates d\u2019ouverture, et nous nous r\u00e9jouissons de vous retrouver pour passer un bon moment autour d&rsquo;un bon repas. <\/p>\n\n\n\n<p>Avant cela, un petit coup de main est n\u00e9cessaire : ce samedi (11.04.2026) sera organis\u00e9 une apr\u00e8s-midi de nettoyage et de pr\u00e9paration afin de remettre la cabane en \u00e9tat pour vous accueillir dans les meilleures conditions. <\/p>\n\n\n\n<p>Si vous \u00eates disponible et motiv\u00e9, vous pouvez contacter Sandrine Crelier au num\u00e9ro +41 78 613 25 88 <\/p>\n\n\n\n<p>Au plaisir de vous voir nombreux et de partager ensemble cette belle pr\u00e9paration \u2014 dans la bonne humeur, comme toujours !<\/p>\n\n\n\n<figure class=\"wp-block-image size-large\"><img loading=\"lazy\" decoding=\"async\" width=\"724\" height=\"1024\" src=\"https:\/\/cas-jura.ch\/wordpress\/wp-content\/uploads\/2026\/04\/Flyers_dates_douvertures_260408_213323-724x1024.jpg\" alt=\"\" class=\"wp-image-5355\" srcset=\"https:\/\/cas-jura.ch\/wordpress\/wp-content\/uploads\/2026\/04\/Flyers_dates_douvertures_260408_213323-724x1024.jpg 724w, https:\/\/cas-jura.ch\/wordpress\/wp-content\/uploads\/2026\/04\/Flyers_dates_douvertures_260408_213323-212x300.jpg 212w, https:\/\/cas-jura.ch\/wordpress\/wp-content\/uploads\/2026\/04\/Flyers_dates_douvertures_260408_213323-768x1086.jpg 768w, https:\/\/cas-jura.ch\/wordpress\/wp-content\/uploads\/2026\/04\/Flyers_dates_douvertures_260408_213323.jpg 1080w\" sizes=\"auto, (max-width: 724px) 100vw, 724px\" \/><\/figure>\n","protected":false},"excerpt":{"rendered":"<p>Nous sommes heureux de vous annoncer nos nouvelles dates d\u2019ouverture, et nous nous r\u00e9jouissons de vous retrouver pour passer un bon moment autour d&rsquo;un bon &#8230;<\/p>\n","protected":false},"author":975923,"featured_media":4508,"comment_status":"closed","ping_status":"closed","sticky":false,"template":"","format":"standard","meta":{"_jetpack_memberships_contains_paid_content":false,"footnotes":""},"categories":[1],"tags":[],"class_list":["post-5353","post","type-post","status-publish","format-standard","has-post-thumbnail","hentry","category-uncategorized"],"jetpack_featured_media_url":"https:\/\/cas-jura.ch\/wordpress\/wp-content\/uploads\/2025\/04\/Capture.png","jetpack_sharing_enabled":true,"_links":{"self":[{"href":"https:\/\/cas-jura.ch\/index.php?rest_route=\/wp\/v2\/posts\/5353","targetHints":{"allow":["GET"]}}],"collection":[{"href":"https:\/\/cas-jura.ch\/index.php?rest_route=\/wp\/v2\/posts"}],"about":[{"href":"https:\/\/cas-jura.ch\/index.php?rest_route=\/wp\/v2\/types\/post"}],"author":[{"embeddable":true,"href":"https:\/\/cas-jura.ch\/index.php?rest_route=\/wp\/v2\/users\/975923"}],"replies":[{"embeddable":true,"href":"https:\/\/cas-jura.ch\/index.php?rest_route=%2Fwp%2Fv2%2Fcomments&post=5353"}],"version-history":[{"count":4,"href":"https:\/\/cas-jura.ch\/index.php?rest_route=\/wp\/v2\/posts\/5353\/revisions"}],"predecessor-version":[{"id":5358,"href":"https:\/\/cas-jura.ch\/index.php?rest_route=\/wp\/v2\/posts\/5353\/revisions\/5358"}],"wp:featuredmedia":[{"embeddable":true,"href":"https:\/\/cas-jura.ch\/index.php?rest_route=\/wp\/v2\/media\/4508"}],"wp:attachment":[{"href":"https:\/\/cas-jura.ch\/index.php?rest_route=%2Fwp%2Fv2%2Fmedia&parent=5353"}],"wp:term":[{"taxonomy":"category","embeddable":true,"href":"https:\/\/cas-jura.ch\/index.php?rest_route=%2Fwp%2Fv2%2Fcategories&post=5353"},{"taxonomy":"post_tag","embeddable":true,"href":"https:\/\/cas-jura.ch\/index.php?rest_route=%2Fwp%2Fv2%2Ftags&post=5353"}],"curies":[{"name":"wp","href":"https:\/\/api.w.org\/{rel}","templated":true}]}}