{"id":5394,"date":"2026-05-15T11:13:30","date_gmt":"2026-05-15T09:13:30","guid":{"rendered":"https:\/\/cas-jura.ch\/?p=5394"},"modified":"2026-05-15T11:21:05","modified_gmt":"2026-05-15T09:21:05","slug":"le-pigne-en-coups-de-vent","status":"publish","type":"post","link":"https:\/\/cas-jura.ch\/?p=5394","title":{"rendered":"Le Pigne en coups de vent"},"content":{"rendered":"\n<p><br><br>Composition de l\u2019\u00e9quipe: Adrien (jurassien un peu trop au sud), Seb (encore plus au sud), Tamara (JurassienNE du bas), Jade (Fribourg c\u2019est une enclave jurassienne?), N\u00e9v\u00e9 (mercenaire du CAS dont-on-ne-prononce-pas-le-nom), Rubens (dont la voiture conna\u00eet le trajet du Valais, grav\u00e9 dans ses pneus), Lo\u00efc (le seul, vrai jurassien?), Christophe (ah, non, Soulce c\u2019est aussi au Jura), Xavier (dans le Jura, mais la cha\u00eene de montagnes).<br><br>Sur le banc: Fran\u00e7ois, Maxence, Mout, Rapha\u00ebl et Olivier<br><br>L\u2019\u00e9quipe d\u2019expats la plus jurassienne du CAS s\u2019est retrouv\u00e9e \u00e0 8h00 au parking d\u2019Arolla, enfin 7h45 pour Tamara qui roule \u00e0 tombeau ouvert&#8230; quand il ne s\u2019agit pas de sa porti\u00e8re. Les pistes d\u2019Arolla se montent au pas de charge jusqu\u2019au pas de Ch\u00e8vre. Une corde Beal 30m 8.5 ultralight et ultrach\u00e8re et ultra PDG-compatible (si vous la poss\u00e9dez, merci de contacter N\u00e9v\u00e9)&#8230; cette corde est pos\u00e9e pour une illustre inconnue et une personne du groupe qui r\u00e9p\u00e8te ses n\u0153uds et demi-n\u0153uds mais ne semblait pas sur la corde raide. Pendant ce temps, notre skieur \u00e9ponyme au peintre flamand dessine dans une cro\u00fbte clair quelques obscurs virages. Cabane \u00e0 midi moins Dix, 12h30, on repart pour la Luette, avec un sac all\u00e9g\u00e9 \u00e0 faire monter un-e PDGiste \u00e0 700 m\/h. Tous au col, coll\u00e9s-serr\u00e9s pour la photo, descente de choix, remont\u00e9e au choix (pour arrondir \u00e0 2000 ou 2500)&#8230; mais l\u2019appel de la noce, du Cana(p) et du vin blanc pouvant se muer en jus de pomme est trop fort pour la plupart. &nbsp;<br><br>Pas le temps pianoter sur Mario Kart ou de kartonner sur le piano, que nous payons notre nuit et notre h\u00f4te nous rend tous les centimes sortis de sa tirelire, de sa caisse noire et des pourboires des autres employ\u00e9s. Alourdis de 30 grammes nous partons dans 20 centim\u00e8tres de poudreuse au matin. Le digne h\u00e9ritier de Traceator nous am\u00e8ne au pied de la mont\u00e9e, Trace\u00e0tort dessine \u00e0 son tour sur cette toile vierge tel un fameux peintre n\u00e9erlandais, Trace\u00e0raison (qui doit se fatiguer pour lundi) reprend le flambeau entre plaques \u00e0 vent et nos skieurs \u00e0 l\u2019arri\u00e8re. Devant, le foehn pas si fun nous incite \u00e0 trouver un abri coupe-vent pour remplir nos ventres et couvrir nos \u00e9vents. Le groupe sans cesse soud\u00e9 se d\u00e9cide \u00e0 avancer face \u00e0 la Serpentine&#8230; la photo sommitale est proche. Petite descente pour d\u00e9peauter sous des rafales \u00e0 moins de 20km\/h (les mauvaises langues gel\u00e9es sur les fixes diront que le chef de course a rendu son b\u00e2ton monobrin pliable). Passage d\u2019\u00e9t\u00e9 avant la cabane (presque en excellentes conditions) avec un foehn pas si sage&#8230; mais tous nos jeunes poulains arrivent aux \u00e9curies des Vignettes apr\u00e8s cette hippique course \u00e9pique. R\u00f6stis sans faire de foin, et nous voil\u00e0 repartis avec un regain d\u2019\u00e9nergie pour Arolla. Certains d\u2019ailleurs, par un couloir dont la biens\u00e9ance m\u2019emp\u00eache d\u2019\u00e9crire le nom ici&#8230; quelle chiotte! Un p\u2019tit pit-stop pour enlever notre doudoune Longines et nous voil\u00e0 d\u00e9j\u00e0 r\u00e9unis pour un dernier verre b\u00e9ni par Saint-Christophe avant d\u2019affronter les affres des bouchons vaudois.<br><br>Xavier<\/p>\n\n\n\n<figure class=\"wp-block-image aligncenter size-large is-resized\"><img loading=\"lazy\" decoding=\"async\" width=\"768\" height=\"1024\" src=\"https:\/\/cas-jura.ch\/wordpress\/wp-content\/uploads\/2026\/05\/754b1109-ee9c-4c91-80cf-41b09eee1789-768x1024.jpeg\" alt=\"\" class=\"wp-image-5397\" style=\"width:608px;height:auto\" srcset=\"https:\/\/cas-jura.ch\/wordpress\/wp-content\/uploads\/2026\/05\/754b1109-ee9c-4c91-80cf-41b09eee1789-768x1024.jpeg 768w, https:\/\/cas-jura.ch\/wordpress\/wp-content\/uploads\/2026\/05\/754b1109-ee9c-4c91-80cf-41b09eee1789-225x300.jpeg 225w, https:\/\/cas-jura.ch\/wordpress\/wp-content\/uploads\/2026\/05\/754b1109-ee9c-4c91-80cf-41b09eee1789-1152x1536.jpeg 1152w, https:\/\/cas-jura.ch\/wordpress\/wp-content\/uploads\/2026\/05\/754b1109-ee9c-4c91-80cf-41b09eee1789-900x1200.jpeg 900w, https:\/\/cas-jura.ch\/wordpress\/wp-content\/uploads\/2026\/05\/754b1109-ee9c-4c91-80cf-41b09eee1789.jpeg 1200w\" sizes=\"auto, (max-width: 768px) 100vw, 768px\" \/><\/figure>\n\n\n\n<figure class=\"wp-block-image size-large\"><img loading=\"lazy\" decoding=\"async\" width=\"1024\" height=\"768\" src=\"https:\/\/cas-jura.ch\/wordpress\/wp-content\/uploads\/2026\/05\/f4d54a07-809c-4f61-9852-0ec0950a3091-1024x768.jpeg\" alt=\"\" class=\"wp-image-5398\" srcset=\"https:\/\/cas-jura.ch\/wordpress\/wp-content\/uploads\/2026\/05\/f4d54a07-809c-4f61-9852-0ec0950a3091-1024x768.jpeg 1024w, https:\/\/cas-jura.ch\/wordpress\/wp-content\/uploads\/2026\/05\/f4d54a07-809c-4f61-9852-0ec0950a3091-300x225.jpeg 300w, https:\/\/cas-jura.ch\/wordpress\/wp-content\/uploads\/2026\/05\/f4d54a07-809c-4f61-9852-0ec0950a3091-768x576.jpeg 768w, https:\/\/cas-jura.ch\/wordpress\/wp-content\/uploads\/2026\/05\/f4d54a07-809c-4f61-9852-0ec0950a3091-1536x1152.jpeg 1536w, https:\/\/cas-jura.ch\/wordpress\/wp-content\/uploads\/2026\/05\/f4d54a07-809c-4f61-9852-0ec0950a3091.jpeg 1600w\" sizes=\"auto, (max-width: 1024px) 100vw, 1024px\" \/><\/figure>\n\n\n\n<figure class=\"wp-block-image size-large\"><img loading=\"lazy\" decoding=\"async\" width=\"1024\" height=\"768\" src=\"https:\/\/cas-jura.ch\/wordpress\/wp-content\/uploads\/2026\/05\/147b3cf7-d910-4cef-81c3-7433812bbd0a-1024x768.jpeg\" alt=\"\" class=\"wp-image-5396\" srcset=\"https:\/\/cas-jura.ch\/wordpress\/wp-content\/uploads\/2026\/05\/147b3cf7-d910-4cef-81c3-7433812bbd0a-1024x768.jpeg 1024w, https:\/\/cas-jura.ch\/wordpress\/wp-content\/uploads\/2026\/05\/147b3cf7-d910-4cef-81c3-7433812bbd0a-300x225.jpeg 300w, https:\/\/cas-jura.ch\/wordpress\/wp-content\/uploads\/2026\/05\/147b3cf7-d910-4cef-81c3-7433812bbd0a-768x576.jpeg 768w, https:\/\/cas-jura.ch\/wordpress\/wp-content\/uploads\/2026\/05\/147b3cf7-d910-4cef-81c3-7433812bbd0a-1536x1152.jpeg 1536w, https:\/\/cas-jura.ch\/wordpress\/wp-content\/uploads\/2026\/05\/147b3cf7-d910-4cef-81c3-7433812bbd0a.jpeg 1600w\" sizes=\"auto, (max-width: 1024px) 100vw, 1024px\" \/><\/figure>\n","protected":false},"excerpt":{"rendered":"<p>Composition de l\u2019\u00e9quipe: Adrien (jurassien un peu trop au sud), Seb (encore plus au sud), Tamara (JurassienNE du bas), Jade (Fribourg c\u2019est une enclave jurassienne?), &#8230;<\/p>\n","protected":false},"author":975923,"featured_media":5396,"comment_status":"closed","ping_status":"closed","sticky":false,"template":"","format":"standard","meta":{"_jetpack_memberships_contains_paid_content":false,"footnotes":""},"categories":[1],"tags":[],"class_list":["post-5394","post","type-post","status-publish","format-standard","has-post-thumbnail","hentry","category-uncategorized"],"jetpack_featured_media_url":"https:\/\/cas-jura.ch\/wordpress\/wp-content\/uploads\/2026\/05\/147b3cf7-d910-4cef-81c3-7433812bbd0a.jpeg","jetpack_sharing_enabled":true,"_links":{"self":[{"href":"https:\/\/cas-jura.ch\/index.php?rest_route=\/wp\/v2\/posts\/5394","targetHints":{"allow":["GET"]}}],"collection":[{"href":"https:\/\/cas-jura.ch\/index.php?rest_route=\/wp\/v2\/posts"}],"about":[{"href":"https:\/\/cas-jura.ch\/index.php?rest_route=\/wp\/v2\/types\/post"}],"author":[{"embeddable":true,"href":"https:\/\/cas-jura.ch\/index.php?rest_route=\/wp\/v2\/users\/975923"}],"replies":[{"embeddable":true,"href":"https:\/\/cas-jura.ch\/index.php?rest_route=%2Fwp%2Fv2%2Fcomments&post=5394"}],"version-history":[{"count":4,"href":"https:\/\/cas-jura.ch\/index.php?rest_route=\/wp\/v2\/posts\/5394\/revisions"}],"predecessor-version":[{"id":5408,"href":"https:\/\/cas-jura.ch\/index.php?rest_route=\/wp\/v2\/posts\/5394\/revisions\/5408"}],"wp:featuredmedia":[{"embeddable":true,"href":"https:\/\/cas-jura.ch\/index.php?rest_route=\/wp\/v2\/media\/5396"}],"wp:attachment":[{"href":"https:\/\/cas-jura.ch\/index.php?rest_route=%2Fwp%2Fv2%2Fmedia&parent=5394"}],"wp:term":[{"taxonomy":"category","embeddable":true,"href":"https:\/\/cas-jura.ch\/index.php?rest_route=%2Fwp%2Fv2%2Fcategories&post=5394"},{"taxonomy":"post_tag","embeddable":true,"href":"https:\/\/cas-jura.ch\/index.php?rest_route=%2Fwp%2Fv2%2Ftags&post=5394"}],"curies":[{"name":"wp","href":"https:\/\/api.w.org\/{rel}","templated":true}]}}