{"id":5401,"date":"2026-05-15T11:20:24","date_gmt":"2026-05-15T09:20:24","guid":{"rendered":"https:\/\/cas-jura.ch\/?p=5401"},"modified":"2026-05-15T11:20:27","modified_gmt":"2026-05-15T09:20:27","slug":"une-derniere-avant-la-pdg","status":"publish","type":"post","link":"https:\/\/cas-jura.ch\/?p=5401","title":{"rendered":"Une derni\u00e8re avant la PDG"},"content":{"rendered":"\n<p>Rendez-vous \u00e0 Zinal, le temps est au beau fixe et JB, Olivier, Lo\u00efc, Mout et moi-m\u00eame sommes pr\u00eats au d\u00e9part.<\/p>\n\n\n\n<p>L&rsquo;interminable Plat de la L\u00e9 passe \u00e9tonnamment vite quand les discussions vont bon train. Premi\u00e8re pause pour contempler la fameuse grotte de glace, immortalis\u00e9e sur Instagram par tous les randonneurs du coin et notre photographe belge qui nous quittera pour d&rsquo;autres imp\u00e9ratifs imp\u00e9rieux. La suite se poursuit en direction de la cabane des Grands Mountet. Le Grand Cornier, l&rsquo;Obergalhorn et la Dent Blanche nous observent progresser, impassibles.<\/p>\n\n\n\n<p>Arriv\u00e9e au soleil sur la terrasse : moment ensoleill\u00e9 pour ne pas travailler les n\u0153uds et les mouflages\u2026 mais surtout \u00e9tancher notre soif. Nuit sans encombre. D\u00e9part tardif pour arriver pile \u00e0 l&rsquo;\u00e9claircie pour la majestueuse ar\u00eate du Blanc de Moming.<\/p>\n\n\n\n<p>Petite photo au sommet du Blanc de Moming, puis redescente sur le glacier \u00e9ponyme, synonyme d\u2019une neige prometteuse. Certains patrouilleurs bifurquent directement vers Arpitettaz (Olivier avait r\u00e9serv\u00e9 des fameux r\u00f6stis \u00e0 Arpitettaz), tandis que d\u2019autres prolongent le plaisir en descendant encore quelques m\u00e8tres dans cette excellente neige.<\/p>\n\n\n\n<p>Tout le monde se retrouve finalement \u00e0 la cabane pour une bi\u00e8re bien m\u00e9rit\u00e9e, gagn\u00e9e \u00e0 la sueur de notre front en d\u00e9blayant la terrasse\u2026 pendant que d\u2019autres se renseignent d\u00e9j\u00e0 sur les conditions peu avenantes du Bishorn.<\/p>\n\n\n\n<p>Un parapentiste jurassien vient poser devant la cabane : un schluck, deux mots \u00e9chang\u00e9s, trois tentatives de d\u00e9collage avort\u00e9es\u2026 puis le voil\u00e0 reparti vers Zinal, alors que sa sortie battait de l\u2019aile.<\/p>\n\n\n\n<p>Antoine, qui nous a rejoint, se ressert au moins huit fois de ce dahl de lentilles. Nous d\u00e9cidons alors de l\u2019itin\u00e9raire du lendemain : dans tous les cas, il y aura 2000 m\u00e8tres de D+, peu importe la course\u2026 n\u2019est-ce pas Oli ?<\/p>\n\n\n\n<p>H\u00e9sitant entre faire la sortie de trop ou celle de pas assez avant la PDG, nous optons finalement pour le pied de l\u2019ar\u00eate Young et une remont\u00e9e sur le glacier de Moming. La perspective de devoir mettre les couteaux depuis Tracuit pour le Bishorn douche nos ambitions d\u2019aller titiller les 4000.<\/p>\n\n\n\n<p>Bref, la sortie fut magnifique. La neige promise de la veille sur le glacier commen\u00e7ait d\u00e9j\u00e0 \u00e0 transformer, mais la descente restait agr\u00e9able.<\/p>\n\n\n\n<p>Un dernier combo sandwich-caf\u00e9-dessert \u00e0 Zinal, et notre petit groupe reprend la route, avec la certitude de se revoir le week-end suivant pour une certaine course entre Zermatt et Verbier\u2026 mais \u00e7a, c\u2019est une autre histoire.<\/p>\n\n\n\n<p>Xavier<\/p>\n\n\n\n<div class=\"wp-block-columns is-layout-flex wp-container-core-columns-is-layout-9d6595d7 wp-block-columns-is-layout-flex\">\n<div class=\"wp-block-column is-layout-flow wp-block-column-is-layout-flow\">\n<figure class=\"wp-block-image size-large\"><img loading=\"lazy\" decoding=\"async\" width=\"683\" height=\"1024\" src=\"https:\/\/cas-jura.ch\/wordpress\/wp-content\/uploads\/2026\/05\/324ecf76-7a0b-4718-9e7b-68719838deb0-683x1024.jpeg\" alt=\"\" class=\"wp-image-5404\" srcset=\"https:\/\/cas-jura.ch\/wordpress\/wp-content\/uploads\/2026\/05\/324ecf76-7a0b-4718-9e7b-68719838deb0-683x1024.jpeg 683w, https:\/\/cas-jura.ch\/wordpress\/wp-content\/uploads\/2026\/05\/324ecf76-7a0b-4718-9e7b-68719838deb0-200x300.jpeg 200w, https:\/\/cas-jura.ch\/wordpress\/wp-content\/uploads\/2026\/05\/324ecf76-7a0b-4718-9e7b-68719838deb0-768x1152.jpeg 768w, https:\/\/cas-jura.ch\/wordpress\/wp-content\/uploads\/2026\/05\/324ecf76-7a0b-4718-9e7b-68719838deb0-1024x1536.jpeg 1024w, https:\/\/cas-jura.ch\/wordpress\/wp-content\/uploads\/2026\/05\/324ecf76-7a0b-4718-9e7b-68719838deb0.jpeg 1280w\" sizes=\"auto, (max-width: 683px) 100vw, 683px\" \/><\/figure>\n<\/div>\n\n\n\n<div class=\"wp-block-column is-layout-flow wp-block-column-is-layout-flow\">\n<figure class=\"wp-block-image size-large\"><img loading=\"lazy\" decoding=\"async\" width=\"683\" height=\"1024\" src=\"https:\/\/cas-jura.ch\/wordpress\/wp-content\/uploads\/2026\/05\/54edb61f-cbbb-45e8-929c-723ead117722-683x1024.jpeg\" alt=\"\" class=\"wp-image-5403\" srcset=\"https:\/\/cas-jura.ch\/wordpress\/wp-content\/uploads\/2026\/05\/54edb61f-cbbb-45e8-929c-723ead117722-683x1024.jpeg 683w, https:\/\/cas-jura.ch\/wordpress\/wp-content\/uploads\/2026\/05\/54edb61f-cbbb-45e8-929c-723ead117722-200x300.jpeg 200w, https:\/\/cas-jura.ch\/wordpress\/wp-content\/uploads\/2026\/05\/54edb61f-cbbb-45e8-929c-723ead117722-768x1152.jpeg 768w, https:\/\/cas-jura.ch\/wordpress\/wp-content\/uploads\/2026\/05\/54edb61f-cbbb-45e8-929c-723ead117722-1024x1536.jpeg 1024w, https:\/\/cas-jura.ch\/wordpress\/wp-content\/uploads\/2026\/05\/54edb61f-cbbb-45e8-929c-723ead117722.jpeg 1280w\" sizes=\"auto, (max-width: 683px) 100vw, 683px\" \/><\/figure>\n<\/div>\n<\/div>\n\n\n\n<div class=\"wp-block-columns is-layout-flex wp-container-core-columns-is-layout-9d6595d7 wp-block-columns-is-layout-flex\">\n<div class=\"wp-block-column is-layout-flow wp-block-column-is-layout-flow\">\n<figure class=\"wp-block-image size-large\"><img loading=\"lazy\" decoding=\"async\" width=\"1024\" height=\"683\" src=\"https:\/\/cas-jura.ch\/wordpress\/wp-content\/uploads\/2026\/05\/dbcfe24a-e32c-4ca4-8b3a-2e67f8501708-1024x683.jpeg\" alt=\"\" class=\"wp-image-5406\" srcset=\"https:\/\/cas-jura.ch\/wordpress\/wp-content\/uploads\/2026\/05\/dbcfe24a-e32c-4ca4-8b3a-2e67f8501708-1024x683.jpeg 1024w, https:\/\/cas-jura.ch\/wordpress\/wp-content\/uploads\/2026\/05\/dbcfe24a-e32c-4ca4-8b3a-2e67f8501708-300x200.jpeg 300w, https:\/\/cas-jura.ch\/wordpress\/wp-content\/uploads\/2026\/05\/dbcfe24a-e32c-4ca4-8b3a-2e67f8501708-768x512.jpeg 768w, https:\/\/cas-jura.ch\/wordpress\/wp-content\/uploads\/2026\/05\/dbcfe24a-e32c-4ca4-8b3a-2e67f8501708-1536x1024.jpeg 1536w, https:\/\/cas-jura.ch\/wordpress\/wp-content\/uploads\/2026\/05\/dbcfe24a-e32c-4ca4-8b3a-2e67f8501708-1800x1200.jpeg 1800w, https:\/\/cas-jura.ch\/wordpress\/wp-content\/uploads\/2026\/05\/dbcfe24a-e32c-4ca4-8b3a-2e67f8501708.jpeg 1920w\" sizes=\"auto, (max-width: 1024px) 100vw, 1024px\" \/><\/figure>\n\n\n\n<figure class=\"wp-block-image aligncenter size-large\"><img loading=\"lazy\" decoding=\"async\" width=\"683\" height=\"1024\" src=\"https:\/\/cas-jura.ch\/wordpress\/wp-content\/uploads\/2026\/05\/703ce641-9904-474b-8d1f-3aa68a0e9570-683x1024.jpeg\" alt=\"\" class=\"wp-image-5405\" srcset=\"https:\/\/cas-jura.ch\/wordpress\/wp-content\/uploads\/2026\/05\/703ce641-9904-474b-8d1f-3aa68a0e9570-683x1024.jpeg 683w, https:\/\/cas-jura.ch\/wordpress\/wp-content\/uploads\/2026\/05\/703ce641-9904-474b-8d1f-3aa68a0e9570-200x300.jpeg 200w, https:\/\/cas-jura.ch\/wordpress\/wp-content\/uploads\/2026\/05\/703ce641-9904-474b-8d1f-3aa68a0e9570-768x1152.jpeg 768w, https:\/\/cas-jura.ch\/wordpress\/wp-content\/uploads\/2026\/05\/703ce641-9904-474b-8d1f-3aa68a0e9570-1024x1536.jpeg 1024w, https:\/\/cas-jura.ch\/wordpress\/wp-content\/uploads\/2026\/05\/703ce641-9904-474b-8d1f-3aa68a0e9570.jpeg 1280w\" sizes=\"auto, (max-width: 683px) 100vw, 683px\" \/><\/figure>\n<\/div>\n<\/div>\n","protected":false},"excerpt":{"rendered":"<p>Rendez-vous \u00e0 Zinal, le temps est au beau fixe et JB, Olivier, Lo\u00efc, Mout et moi-m\u00eame sommes pr\u00eats au d\u00e9part. L&rsquo;interminable Plat de la L\u00e9 &#8230;<\/p>\n","protected":false},"author":975923,"featured_media":5406,"comment_status":"closed","ping_status":"closed","sticky":false,"template":"","format":"standard","meta":{"_jetpack_memberships_contains_paid_content":false,"footnotes":""},"categories":[1],"tags":[],"class_list":["post-5401","post","type-post","status-publish","format-standard","has-post-thumbnail","hentry","category-uncategorized"],"jetpack_featured_media_url":"https:\/\/cas-jura.ch\/wordpress\/wp-content\/uploads\/2026\/05\/dbcfe24a-e32c-4ca4-8b3a-2e67f8501708.jpeg","jetpack_sharing_enabled":true,"_links":{"self":[{"href":"https:\/\/cas-jura.ch\/index.php?rest_route=\/wp\/v2\/posts\/5401","targetHints":{"allow":["GET"]}}],"collection":[{"href":"https:\/\/cas-jura.ch\/index.php?rest_route=\/wp\/v2\/posts"}],"about":[{"href":"https:\/\/cas-jura.ch\/index.php?rest_route=\/wp\/v2\/types\/post"}],"author":[{"embeddable":true,"href":"https:\/\/cas-jura.ch\/index.php?rest_route=\/wp\/v2\/users\/975923"}],"replies":[{"embeddable":true,"href":"https:\/\/cas-jura.ch\/index.php?rest_route=%2Fwp%2Fv2%2Fcomments&post=5401"}],"version-history":[{"count":2,"href":"https:\/\/cas-jura.ch\/index.php?rest_route=\/wp\/v2\/posts\/5401\/revisions"}],"predecessor-version":[{"id":5407,"href":"https:\/\/cas-jura.ch\/index.php?rest_route=\/wp\/v2\/posts\/5401\/revisions\/5407"}],"wp:featuredmedia":[{"embeddable":true,"href":"https:\/\/cas-jura.ch\/index.php?rest_route=\/wp\/v2\/media\/5406"}],"wp:attachment":[{"href":"https:\/\/cas-jura.ch\/index.php?rest_route=%2Fwp%2Fv2%2Fmedia&parent=5401"}],"wp:term":[{"taxonomy":"category","embeddable":true,"href":"https:\/\/cas-jura.ch\/index.php?rest_route=%2Fwp%2Fv2%2Fcategories&post=5401"},{"taxonomy":"post_tag","embeddable":true,"href":"https:\/\/cas-jura.ch\/index.php?rest_route=%2Fwp%2Fv2%2Ftags&post=5401"}],"curies":[{"name":"wp","href":"https:\/\/api.w.org\/{rel}","templated":true}]}}