{"id":5409,"date":"2026-06-16T19:28:25","date_gmt":"2026-06-16T17:28:25","guid":{"rendered":"https:\/\/cas-jura.ch\/?p=5409"},"modified":"2026-06-16T19:28:28","modified_gmt":"2026-06-16T17:28:28","slug":"shm-cabane-des-vignettes-3153-m-et-bivouac-de-laiguillette-a-la-singla-3176-m-24-25-et-26-avril-2026","status":"publish","type":"post","link":"https:\/\/cas-jura.ch\/?p=5409","title":{"rendered":"SHM cabane des Vignettes (3153 m) et bivouac de l&rsquo;Aiguillette \u00e0 la Singla (3176 m) &#8211; 24, 25 et 26 avril 2026"},"content":{"rendered":"\n<p>Cdc : Jean-Bernard<\/p>\n\n\n\n<p>Participants : Olivier Montavon et Carlos Munoz<\/p>\n\n\n\n<p>Il y a des personnages dont la r\u00e9putation pr\u00e9c\u00e8de la rencontre.<\/p>\n\n\n\n<p>Je me r\u00e9jouissais donc \u00e0 l\u2019id\u00e9e de faire connaissance avec \u00ab JB \u00bb, dont on m\u2019avait souvent parl\u00e9 &nbsp;un peu comme le Bernard Hinault du CAS Jura, une l\u00e9gende que seuls les anciens connaissent encore le nom.<\/p>\n\n\n\n<p>Le rendez-vous est donn\u00e9 \u00e0 Del\u00e9mont, bient\u00f4t rejoints par Carlos. Nous prenons alors la route pour un programme prometteur, avec notamment une nuit au bivouac du CAS Chasseron \u00e0 3180 m (Singla).<\/p>\n\n\n\n<p>La mont\u00e9e \u00e0 la cabane des Vignettes depuis Arolla se d\u00e9roule dans de bonnes conditions d\u2019enneigement et sans grande difficult\u00e9, en suivant au d\u00e9but l\u2019itin\u00e9raire de la petite Patrouille des Glaciers emprunt\u00e9 quelques jours auparavant. J\u2019appr\u00e9cie particuli\u00e8rement cette cabane, m\u00eame si elle est souvent tr\u00e8s fr\u00e9quent\u00e9e et tr\u00e8s internationale.<\/p>\n\n\n\n<p>Le samedi, nous faisons l\u2019ascension du Pigne d\u2019Arolla, lui aussi tr\u00e8s couru &nbsp;y compris pour des d\u00e9poses en h\u00e9licopt\u00e8re (pour les int\u00e9ress\u00e9s, comptez environ 40 francs la minute, comme nous l\u2019a indiqu\u00e9 une famille h\u00e9liport\u00e9e rencontr\u00e9e au sommet). De l\u00e0, nous poursuivons rapidement en direction du bivouac afin de nous assurer une place, la r\u00e8gle \u00e9tant &nbsp;celle du \u00ab premier arriv\u00e9, premier servi \u00bb.<\/p>\n\n\n\n<p>L\u2019acc\u00e8s au bivouac se fait dans de bonnes conditions, m\u00eame si la descente sur le glacier d\u2019Otemma demande une vigilance particuli\u00e8re en raison d\u2019une neige cro\u00fbt\u00e9e. L\u2019arriv\u00e9e sur l\u2019ar\u00eate rocheuse o\u00f9 se niche le bivouac constitue un moment fort, avec une solitude saisissante face au Grand Combin et \u00e0 la Ruinette.<\/p>\n\n\n\n<p>Le lieu est remarquable, au c\u0153ur d\u2019un environnement glaciaire sauvage. Pour l\u2019ap\u00e9ro Carlos nous fait partager une saucisse de taureau qui a beaucoup voyag\u00e9; &nbsp;partie de Camargue \u00e0 v\u00e9lo, elle termine son p\u00e9riple \u00e0 ski, d\u00e9gust\u00e9e en compagnie de six Suisses allemands \u00e9galement pr\u00e9sents pour la nuit. Ambiance singuli\u00e8re sans eau, sans \u00e9lectricit\u00e9, hors du temps.<\/p>\n\n\n\n<p>Le retour vers la vall\u00e9e s\u2019effectue par le col de l\u2019\u00c9v\u00eaque, avec un dernier petit d\u00e9fi aux Pointes d\u2019Oren&nbsp; avant de conclure la sortie chez Raymonde \u00e0 Evol\u00e8ne autour d\u2019une entrec\u00f4te-frites bien m\u00e9rit\u00e9e.<\/p>\n\n\n\n<p>Un grand merci \u00e0 JB de nous avoir permis de vivre cette belle aventure. Je me r\u00e9jouis d\u00e9j\u00e0 de repartir pour d\u2019autres sorties sous sa conduite experte.<\/p>\n\n\n\n<p>Olivier<\/p>\n\n\n\n<figure class=\"wp-block-image size-large\"><img loading=\"lazy\" decoding=\"async\" width=\"1024\" height=\"576\" src=\"https:\/\/cas-jura.ch\/wordpress\/wp-content\/uploads\/2026\/05\/EZOI1698-1024x576.jpg\" alt=\"\" class=\"wp-image-5437\" srcset=\"https:\/\/cas-jura.ch\/wordpress\/wp-content\/uploads\/2026\/05\/EZOI1698-1024x576.jpg 1024w, https:\/\/cas-jura.ch\/wordpress\/wp-content\/uploads\/2026\/05\/EZOI1698-300x169.jpg 300w, https:\/\/cas-jura.ch\/wordpress\/wp-content\/uploads\/2026\/05\/EZOI1698-768x432.jpg 768w, https:\/\/cas-jura.ch\/wordpress\/wp-content\/uploads\/2026\/05\/EZOI1698-1536x864.jpg 1536w, https:\/\/cas-jura.ch\/wordpress\/wp-content\/uploads\/2026\/05\/EZOI1698.jpg 1600w\" sizes=\"auto, (max-width: 1024px) 100vw, 1024px\" \/><\/figure>\n\n\n\n<p><\/p>\n","protected":false},"excerpt":{"rendered":"<p>Cdc : Jean-Bernard Participants : Olivier Montavon et Carlos Munoz Il y a des personnages dont la r\u00e9putation pr\u00e9c\u00e8de la rencontre. Je me r\u00e9jouissais donc &#8230;<\/p>\n","protected":false},"author":975923,"featured_media":5437,"comment_status":"closed","ping_status":"closed","sticky":false,"template":"","format":"standard","meta":{"_jetpack_memberships_contains_paid_content":false,"footnotes":""},"categories":[1],"tags":[],"class_list":["post-5409","post","type-post","status-publish","format-standard","has-post-thumbnail","hentry","category-uncategorized"],"jetpack_featured_media_url":"https:\/\/cas-jura.ch\/wordpress\/wp-content\/uploads\/2026\/05\/EZOI1698.jpg","jetpack_sharing_enabled":true,"_links":{"self":[{"href":"https:\/\/cas-jura.ch\/index.php?rest_route=\/wp\/v2\/posts\/5409","targetHints":{"allow":["GET"]}}],"collection":[{"href":"https:\/\/cas-jura.ch\/index.php?rest_route=\/wp\/v2\/posts"}],"about":[{"href":"https:\/\/cas-jura.ch\/index.php?rest_route=\/wp\/v2\/types\/post"}],"author":[{"embeddable":true,"href":"https:\/\/cas-jura.ch\/index.php?rest_route=\/wp\/v2\/users\/975923"}],"replies":[{"embeddable":true,"href":"https:\/\/cas-jura.ch\/index.php?rest_route=%2Fwp%2Fv2%2Fcomments&post=5409"}],"version-history":[{"count":2,"href":"https:\/\/cas-jura.ch\/index.php?rest_route=\/wp\/v2\/posts\/5409\/revisions"}],"predecessor-version":[{"id":5439,"href":"https:\/\/cas-jura.ch\/index.php?rest_route=\/wp\/v2\/posts\/5409\/revisions\/5439"}],"wp:featuredmedia":[{"embeddable":true,"href":"https:\/\/cas-jura.ch\/index.php?rest_route=\/wp\/v2\/media\/5437"}],"wp:attachment":[{"href":"https:\/\/cas-jura.ch\/index.php?rest_route=%2Fwp%2Fv2%2Fmedia&parent=5409"}],"wp:term":[{"taxonomy":"category","embeddable":true,"href":"https:\/\/cas-jura.ch\/index.php?rest_route=%2Fwp%2Fv2%2Fcategories&post=5409"},{"taxonomy":"post_tag","embeddable":true,"href":"https:\/\/cas-jura.ch\/index.php?rest_route=%2Fwp%2Fv2%2Ftags&post=5409"}],"curies":[{"name":"wp","href":"https:\/\/api.w.org\/{rel}","templated":true}]}}